{"id":10103,"date":"2017-10-12T13:12:45","date_gmt":"2017-10-12T13:12:45","guid":{"rendered":"http:\/\/centralmedia.rs\/?p=10103"},"modified":"2017-10-12T13:12:45","modified_gmt":"2017-10-12T13:12:45","slug":"otvoren-19-sajam-privrede-u-paracinu-srbija-da-ulaze-u-domacu-privredu","status":"publish","type":"post","link":"http:\/\/centralmedia.rs\/index.php\/2017\/10\/12\/otvoren-19-sajam-privrede-u-paracinu-srbija-da-ulaze-u-domacu-privredu\/","title":{"rendered":"OTVOREN 19. SAJAM PRIVREDE U PARA\u0106INU-SRBIJA DA ULA\u017dE U DOMA\u0106U PRIVREDU"},"content":{"rendered":"<p>PARA\u0106IN-Tradicionalni 19. Sajam privrede u Para\u0107inu danas je sve\u010dano otvoren za posetioce koji \u0107e imati priliku da vide preko 180 izlaga\u010da iz Srbije, Slovenije, BIH,Republike Srpske i Nema\u010dke. Predsednik op\u0161tine Para\u0107in Sa\u0161a Paunovi\u0107 i predsednik Unije poslodavaca Neboj\u0161a Atanackovi\u0107 presecanjem vrpce otvorili su sajam.<\/p>\n<p>-U APR postoji 337 hiljada preduze\u0107a, jasno je da kada bi svako od njih zaposlio po jednog nezaposlenog da bi Srbija bila\u00a0 ispod evropskog proseka nezaposlenosti. Strani investitori ne mogu taj broj da zaposle, niti imaju zna\u010daj za na\u0161u privredu, oni dolaze zbog niskih tro\u0161kova proizvodnje i profita koji iznose iz Srbije. Moramo da ja\u010damo sopstvenu privredu i podr\u017eavamo privrednike, rekao je Atanackovi\u0107.<\/p>\n<figure id=\"attachment_10105\" aria-describedby=\"caption-attachment-10105\" style=\"width: 900px\" class=\"wp-caption aligncenter\"><a href=\"https:\/\/centralmedia.rs\/wp-content\/uploads\/2017\/10\/atanackovic-i-paunovic.jpg\"><img loading=\"lazy\" decoding=\"async\" class=\"size-full wp-image-10105\" src=\"https:\/\/centralmedia.rs\/wp-content\/uploads\/2017\/10\/atanackovic-i-paunovic.jpg\" alt=\"\" width=\"900\" height=\"675\" srcset=\"http:\/\/centralmedia.rs\/wp-content\/uploads\/2017\/10\/atanackovic-i-paunovic.jpg 900w, http:\/\/centralmedia.rs\/wp-content\/uploads\/2017\/10\/atanackovic-i-paunovic-300x225.jpg 300w, http:\/\/centralmedia.rs\/wp-content\/uploads\/2017\/10\/atanackovic-i-paunovic-768x576.jpg 768w, http:\/\/centralmedia.rs\/wp-content\/uploads\/2017\/10\/atanackovic-i-paunovic-80x60.jpg 80w, http:\/\/centralmedia.rs\/wp-content\/uploads\/2017\/10\/atanackovic-i-paunovic-265x198.jpg 265w\" sizes=\"(max-width: 900px) 100vw, 900px\" \/><\/a><figcaption id=\"caption-attachment-10105\" class=\"wp-caption-text\">Neboj\u0161a Atanackovi\u0107 i Sa\u0161a Paunovi\u0107<\/figcaption><\/figure>\n<p>-Sajam je investicija lokalne samouprave u malu i srednju privredu, pru\u017eamo im mogu\u0107nost da prezentuju svoje proizvode. Na\u0161e istra\u017eivanje je dokazalo da su privredni nosioci, verovatno svake sredine u Srbiji, mala i srednja preduze\u0107a, da su zaposlili najvi\u0161e ljudi u tranziocionom periodu, ali su samo manje vidljivi. Strane investicije su u nekim slu\u010dajevima generatori pove\u0107avanja nezaposlenosti, zbog uvo\u0111enja novih tehnologija ili smanjena radne snage. Budu\u0107nost Srbije je u ulaganju u srpskim malim i srednjim preduze\u0107ima. Radnici i vlasnici tih preduze\u0107a su na\u0161e kom\u0161ije, oni profit tro\u0161e u svojoj dr\u017eavi, dok ga stranci iznose, istakao je Paunovi\u0107.<\/p>\n<div id='gallery-1' class='gallery galleryid-10103 gallery-columns-5 gallery-size-thumbnail'><figure class='gallery-item'>\n\t\t\t<div class='gallery-icon landscape'>\n\t\t\t\t<a href='http:\/\/centralmedia.rs\/index.php\/2017\/10\/12\/otvoren-19-sajam-privrede-u-paracinu-srbija-da-ulaze-u-domacu-privredu\/otvaranje-sajma-1\/'><img loading=\"lazy\" decoding=\"async\" width=\"150\" height=\"150\" src=\"http:\/\/centralmedia.rs\/wp-content\/uploads\/2017\/10\/otvaranje-sajma-1-150x150.jpg\" class=\"attachment-thumbnail size-thumbnail\" alt=\"\" \/><\/a>\n\t\t\t<\/div><\/figure><figure class='gallery-item'>\n\t\t\t<div class='gallery-icon landscape'>\n\t\t\t\t<a href='http:\/\/centralmedia.rs\/index.php\/2017\/10\/12\/otvoren-19-sajam-privrede-u-paracinu-srbija-da-ulaze-u-domacu-privredu\/sajam-1-3\/'><img loading=\"lazy\" decoding=\"async\" width=\"150\" height=\"150\" src=\"http:\/\/centralmedia.rs\/wp-content\/uploads\/2017\/10\/sajam-1-150x150.jpg\" class=\"attachment-thumbnail size-thumbnail\" alt=\"\" \/><\/a>\n\t\t\t<\/div><\/figure><figure class='gallery-item'>\n\t\t\t<div class='gallery-icon landscape'>\n\t\t\t\t<a href='http:\/\/centralmedia.rs\/index.php\/2017\/10\/12\/otvoren-19-sajam-privrede-u-paracinu-srbija-da-ulaze-u-domacu-privredu\/sajam-2-3\/'><img loading=\"lazy\" decoding=\"async\" width=\"150\" height=\"150\" src=\"http:\/\/centralmedia.rs\/wp-content\/uploads\/2017\/10\/sajam-2-150x150.jpg\" class=\"attachment-thumbnail size-thumbnail\" alt=\"\" \/><\/a>\n\t\t\t<\/div><\/figure><figure class='gallery-item'>\n\t\t\t<div class='gallery-icon landscape'>\n\t\t\t\t<a href='http:\/\/centralmedia.rs\/index.php\/2017\/10\/12\/otvoren-19-sajam-privrede-u-paracinu-srbija-da-ulaze-u-domacu-privredu\/sajam-6\/'><img loading=\"lazy\" decoding=\"async\" width=\"150\" height=\"150\" src=\"http:\/\/centralmedia.rs\/wp-content\/uploads\/2017\/10\/sajam-3-150x150.jpg\" class=\"attachment-thumbnail size-thumbnail\" alt=\"\" \/><\/a>\n\t\t\t<\/div><\/figure><figure class='gallery-item'>\n\t\t\t<div class='gallery-icon landscape'>\n\t\t\t\t<a href='http:\/\/centralmedia.rs\/index.php\/2017\/10\/12\/otvoren-19-sajam-privrede-u-paracinu-srbija-da-ulaze-u-domacu-privredu\/sajam-3-3\/'><img loading=\"lazy\" decoding=\"async\" width=\"150\" height=\"150\" src=\"http:\/\/centralmedia.rs\/wp-content\/uploads\/2017\/10\/sajam-3-1-150x150.jpg\" class=\"attachment-thumbnail size-thumbnail\" alt=\"\" \/><\/a>\n\t\t\t<\/div><\/figure>\n\t\t<\/div>\n\n<p>Na programu sajma su stru\u010dni skupovi za privrednike, kulturno zabavni program, nagradna igra za posetioce, kao i ve\u0107 tradicionalnu atrakcija \u2013 u subotu vo na ra\u017enju, odnosno besplatno poslu\u017eenje hranom za sve u\u010desnike i goste. Tre\u0107eg dana sajma bi\u0107e organizovana akcija dobrovoljnog davala\u0161tva krvi. Na dve hiljade kvadrata izlo\u017ebeno-prodajnog prostora u Sportskom centru &#8220;7. jul&#8221; ponu\u0111eni su raznovrsni sadr\u017eaji izlaga\u010dima i posetiocima ove trodnevne manifestacije. Sajam privrede traje do 14 oktobra.<\/p>\n<p>&nbsp;<\/p>\n","protected":false},"excerpt":{"rendered":"<p>PARA\u0106IN-Tradicionalni 19. Sajam privrede u Para\u0107inu danas je sve\u010dano otvoren za posetioce koji \u0107e imati priliku da vide preko 180 izlaga\u010da iz Srbije, Slovenije, BIH,Republike &hellip; <\/p>\n","protected":false},"author":4,"featured_media":10104,"comment_status":"open","ping_status":"open","sticky":false,"template":"","format":"standard","meta":{"footnotes":""},"categories":[22,1524,2,1516,887],"tags":[156,2367],"_links":{"self":[{"href":"http:\/\/centralmedia.rs\/index.php\/wp-json\/wp\/v2\/posts\/10103"}],"collection":[{"href":"http:\/\/centralmedia.rs\/index.php\/wp-json\/wp\/v2\/posts"}],"about":[{"href":"http:\/\/centralmedia.rs\/index.php\/wp-json\/wp\/v2\/types\/post"}],"author":[{"embeddable":true,"href":"http:\/\/centralmedia.rs\/index.php\/wp-json\/wp\/v2\/users\/4"}],"replies":[{"embeddable":true,"href":"http:\/\/centralmedia.rs\/index.php\/wp-json\/wp\/v2\/comments?post=10103"}],"version-history":[{"count":1,"href":"http:\/\/centralmedia.rs\/index.php\/wp-json\/wp\/v2\/posts\/10103\/revisions"}],"predecessor-version":[{"id":10111,"href":"http:\/\/centralmedia.rs\/index.php\/wp-json\/wp\/v2\/posts\/10103\/revisions\/10111"}],"wp:featuredmedia":[{"embeddable":true,"href":"http:\/\/centralmedia.rs\/index.php\/wp-json\/wp\/v2\/media\/10104"}],"wp:attachment":[{"href":"http:\/\/centralmedia.rs\/index.php\/wp-json\/wp\/v2\/media?parent=10103"}],"wp:term":[{"taxonomy":"category","embeddable":true,"href":"http:\/\/centralmedia.rs\/index.php\/wp-json\/wp\/v2\/categories?post=10103"},{"taxonomy":"post_tag","embeddable":true,"href":"http:\/\/centralmedia.rs\/index.php\/wp-json\/wp\/v2\/tags?post=10103"}],"curies":[{"name":"wp","href":"https:\/\/api.w.org\/{rel}","templated":true}]}}