{"id":10470,"date":"2017-11-13T09:53:55","date_gmt":"2017-11-13T09:53:55","guid":{"rendered":"http:\/\/centralmedia.rs\/?p=10470"},"modified":"2017-11-13T09:53:55","modified_gmt":"2017-11-13T09:53:55","slug":"izlozba-zavicajnih-umetnika-u-cupriji","status":"publish","type":"post","link":"http:\/\/centralmedia.rs\/index.php\/2017\/11\/13\/izlozba-zavicajnih-umetnika-u-cupriji\/","title":{"rendered":"IZLO\u017dBA ZAVI\u010cAJNIH UMETNIKA U \u0106UPRIJI"},"content":{"rendered":"<p>\u0106UPRIJA- U galeriji Muzeja &#8220;Horeum Margi-Ravno&#8221; u \u0106upriji otvorena je 8. Osma godi\u0161nja kolektivna izlo\u017eba Zavi\u010dajnog kluba likovnih umetnika. Ovogodi\u0161nju izlo\u017ebu \u010dini 58 radova 42 autora. Plaketa kluba za doprinos razvoju kulture, popularizacijom likovne umetnosti, ove godine dodeljena je RTV Pomoravlje, koja od svog osnivanja u svojoj programskoj \u0161emi, sradr\u017eajima iz oblasti kulture i likovne umetnosti daje zna\u010dajan prostor a samim tim i zna\u010daj.<\/p>\n<p>-Zahvaljujem se svim autorima, \u0107uprijskim umetnicima, i publici koje je iz g<\/p>\n<figure id=\"attachment_10472\" aria-describedby=\"caption-attachment-10472\" style=\"width: 300px\" class=\"wp-caption alignright\"><a href=\"https:\/\/centralmedia.rs\/wp-content\/uploads\/2017\/11\/izlozba-3.jpg\"><img loading=\"lazy\" decoding=\"async\" class=\"size-medium wp-image-10472\" src=\"https:\/\/centralmedia.rs\/wp-content\/uploads\/2017\/11\/izlozba-3-300x199.jpg\" alt=\"\" width=\"300\" height=\"199\" srcset=\"http:\/\/centralmedia.rs\/wp-content\/uploads\/2017\/11\/izlozba-3-300x199.jpg 300w, http:\/\/centralmedia.rs\/wp-content\/uploads\/2017\/11\/izlozba-3-768x509.jpg 768w, http:\/\/centralmedia.rs\/wp-content\/uploads\/2017\/11\/izlozba-3-1024x678.jpg 1024w, http:\/\/centralmedia.rs\/wp-content\/uploads\/2017\/11\/izlozba-3.jpg 1030w\" sizes=\"(max-width: 300px) 100vw, 300px\" \/><\/a><figcaption id=\"caption-attachment-10472\" class=\"wp-caption-text\">Plaketa TV Pomoravlje<\/figcaption><\/figure>\n<p>odine u godinu sve vi\u0161e, kao i lokalnoj samoupravi, rukovodstvu Op\u0161tine \u0106uprija, koje je ovu tradicionalnu izlo\u017ebu prepoznalo kao zna\u010dajan kulturni doga\u0111aj, ne samo za na\u0161 grad nego i \u0161ire. Na to ukazuje \u010dinjenica da je izlo\u017eba\u00a0i ove godine finansirana sredstvima za finansiranje programa i projekata udru\u017eenja gra\u0111ana na teritoriji op\u0161tine \u0106uprija, rekao je predsednik udri\u017eenja Novak Novakovi\u0107.<br \/>\nZastupljene su gotovo sve tehnike i poetike koje su \u0107uprijskoj publici, po osmi put, predstavili: Sa\u0161a Blagojevi\u0107, Vladica Bo\u017eilovi\u0107 , Vesna Vasiljevi\u0107, Dragana Vra\u010darevi\u0107, Stevan Vu\u010dini\u0107, Violeta Damjanovi\u0107 Behrendt, Du\u0161an Dimi\u0107, Radica Dobrosavljevi\u0107, Slavi\u0161a Dobrosavljevi\u0107, Jovana \u0110or\u0111evi\u0107, Milo\u0161 \u0110or\u0111evi\u0107, Petar \u0110or\u0111evi\u0107, Sne\u017eana \u0110or\u0111evi\u0107, Jagoda \u017divadinovi\u0107, Mileva \u017divkovi\u0107, An\u0111a \u017divadinovi\u0107-Miki\u0107, Dragi\u0161a Ili\u0107-Digo, Matilda Jovanovi\u0107, Svetlana Jeremi\u0107, Radomir Jovanovi\u0107-Lale, Slavoljub Jovanovi\u0107 &#8211; Zonac, Olivera Kari\u0107-Nedeljkovi\u0107, Tanja \u0160uman-Krsti\u0107, Slobodanka Markovi\u0107, Suzana Miladinovi\u0107, Dijana Milovanovi\u0107, Emina Mladenovi\u0107, Milorad Mitrovi\u0107, Novak Novakovi\u0107, Milena Petrovi\u0107, radan radojlovi\u0107, jasmina Risti\u0107, Marko Stevanovi\u0107, Nadica Stankovi\u0107, Sne\u017eana Stanisavljevi\u0107-Velimirovi\u0107, Bojana Todorovi\u0107, Mom\u010dilo Trajkovi\u0107 MO-MO, Suzana D\u017eelatovi\u0107 i Vesna Petrovi\u0107.<br \/>\nTako\u0111e je u izlo\u017ebenoj postavci zastupljen rad \u0107uprijskog umetnika i nekada\u0161njeg direktora Muzeja u \u0106upriji Dimitrija &#8211; Mitketa Gvozdenovi\u0107a, \u010dime je Zavi\u010dajni klub likovnih umetnika \u0106uprije na simboli\u010dan na\u010din obele\u017eio desetogodi\u0161njicu Mitketove smrti. Izlo\u017eba \u0107e biti otvorena do 30. novembra 2017. godine.<\/p>\n<p>&nbsp;<\/p>\n","protected":false},"excerpt":{"rendered":"<p>\u0106UPRIJA- U galeriji Muzeja &#8220;Horeum Margi-Ravno&#8221; u \u0106upriji otvorena je 8. Osma godi\u0161nja kolektivna izlo\u017eba Zavi\u010dajnog kluba likovnih umetnika. Ovogodi\u0161nju izlo\u017ebu \u010dini 58 radova 42 &hellip; <\/p>\n","protected":false},"author":4,"featured_media":10471,"comment_status":"open","ping_status":"open","sticky":false,"template":"","format":"standard","meta":{"footnotes":""},"categories":[1515,1524,2,15,887,12],"tags":[44,2462],"_links":{"self":[{"href":"http:\/\/centralmedia.rs\/index.php\/wp-json\/wp\/v2\/posts\/10470"}],"collection":[{"href":"http:\/\/centralmedia.rs\/index.php\/wp-json\/wp\/v2\/posts"}],"about":[{"href":"http:\/\/centralmedia.rs\/index.php\/wp-json\/wp\/v2\/types\/post"}],"author":[{"embeddable":true,"href":"http:\/\/centralmedia.rs\/index.php\/wp-json\/wp\/v2\/users\/4"}],"replies":[{"embeddable":true,"href":"http:\/\/centralmedia.rs\/index.php\/wp-json\/wp\/v2\/comments?post=10470"}],"version-history":[{"count":1,"href":"http:\/\/centralmedia.rs\/index.php\/wp-json\/wp\/v2\/posts\/10470\/revisions"}],"predecessor-version":[{"id":10473,"href":"http:\/\/centralmedia.rs\/index.php\/wp-json\/wp\/v2\/posts\/10470\/revisions\/10473"}],"wp:featuredmedia":[{"embeddable":true,"href":"http:\/\/centralmedia.rs\/index.php\/wp-json\/wp\/v2\/media\/10471"}],"wp:attachment":[{"href":"http:\/\/centralmedia.rs\/index.php\/wp-json\/wp\/v2\/media?parent=10470"}],"wp:term":[{"taxonomy":"category","embeddable":true,"href":"http:\/\/centralmedia.rs\/index.php\/wp-json\/wp\/v2\/categories?post=10470"},{"taxonomy":"post_tag","embeddable":true,"href":"http:\/\/centralmedia.rs\/index.php\/wp-json\/wp\/v2\/tags?post=10470"}],"curies":[{"name":"wp","href":"https:\/\/api.w.org\/{rel}","templated":true}]}}