{"id":11068,"date":"2018-02-08T19:30:44","date_gmt":"2018-02-08T19:30:44","guid":{"rendered":"http:\/\/centralmedia.rs\/?p=11068"},"modified":"2018-02-08T19:30:44","modified_gmt":"2018-02-08T19:30:44","slug":"otvoreno-pismo-javnosti-gorana-jevremovica-urednika-mesecnika-moravske-vesti-portala-centralmedia-rs","status":"publish","type":"post","link":"http:\/\/centralmedia.rs\/index.php\/2018\/02\/08\/otvoreno-pismo-javnosti-gorana-jevremovica-urednika-mesecnika-moravske-vesti-portala-centralmedia-rs\/","title":{"rendered":"OTVORENO PISMO JAVNOSTI GORANA JEVREMOVI\u0106A UREDNIKA MESE\u010cNIKA MORAVSKE VESTI I PORTALA CENTRALMEDIA.RS"},"content":{"rendered":"<p>Povodom tu\u017ebe grada Jagodina i zahteva da Central media plati najmanje milion dinara zbog materijalne i nematerijalne \u0161tete koju je pretrpeo taj grad objavljivanjem teksta 28. novembra 2017. godine u drugom broju mese\u010dnika Moravske vesti u kome se komentari\u0161e i predstavlja izve\u0161taj Dr\u017eavne revizorske institucije (DRI) o tro\u0161enju bud\u017eetskih sredstava Jagodine u 2016. godini, kao urednik tog medija mogu samo sa \u017ealjenjem da kosntatujem da je re\u010d ne samo o nastavku, ve\u0107 \u00a0i zao\u0161travanju torture nad jedinim nezavisnim medijem u tom gradu i ovom delu Srbije.<\/p>\n<div id='gallery-1' class='gallery galleryid-11068 gallery-columns-2 gallery-size-full'><figure class='gallery-item'>\n\t\t\t<div class='gallery-icon landscape'>\n\t\t\t\t<a href='http:\/\/centralmedia.rs\/index.php\/2018\/02\/08\/otvoreno-pismo-javnosti-gorana-jevremovica-urednika-mesecnika-moravske-vesti-portala-centralmedia-rs\/20180208_182632\/'><img loading=\"lazy\" decoding=\"async\" width=\"2560\" height=\"1920\" src=\"http:\/\/centralmedia.rs\/wp-content\/uploads\/2018\/02\/20180208_182632.jpg\" class=\"attachment-full size-full\" alt=\"\" srcset=\"http:\/\/centralmedia.rs\/wp-content\/uploads\/2018\/02\/20180208_182632.jpg 2560w, http:\/\/centralmedia.rs\/wp-content\/uploads\/2018\/02\/20180208_182632-300x225.jpg 300w, http:\/\/centralmedia.rs\/wp-content\/uploads\/2018\/02\/20180208_182632-768x576.jpg 768w, http:\/\/centralmedia.rs\/wp-content\/uploads\/2018\/02\/20180208_182632-1024x768.jpg 1024w, http:\/\/centralmedia.rs\/wp-content\/uploads\/2018\/02\/20180208_182632-80x60.jpg 80w, http:\/\/centralmedia.rs\/wp-content\/uploads\/2018\/02\/20180208_182632-265x198.jpg 265w\" sizes=\"(max-width: 2560px) 100vw, 2560px\" \/><\/a>\n\t\t\t<\/div><\/figure><figure class='gallery-item'>\n\t\t\t<div class='gallery-icon landscape'>\n\t\t\t\t<a href='http:\/\/centralmedia.rs\/index.php\/2018\/02\/08\/otvoreno-pismo-javnosti-gorana-jevremovica-urednika-mesecnika-moravske-vesti-portala-centralmedia-rs\/20180208_183505\/'><img loading=\"lazy\" decoding=\"async\" width=\"2560\" height=\"1920\" src=\"http:\/\/centralmedia.rs\/wp-content\/uploads\/2018\/02\/20180208_183505.jpg\" class=\"attachment-full size-full\" alt=\"\" srcset=\"http:\/\/centralmedia.rs\/wp-content\/uploads\/2018\/02\/20180208_183505.jpg 2560w, http:\/\/centralmedia.rs\/wp-content\/uploads\/2018\/02\/20180208_183505-300x225.jpg 300w, http:\/\/centralmedia.rs\/wp-content\/uploads\/2018\/02\/20180208_183505-768x576.jpg 768w, http:\/\/centralmedia.rs\/wp-content\/uploads\/2018\/02\/20180208_183505-1024x768.jpg 1024w, http:\/\/centralmedia.rs\/wp-content\/uploads\/2018\/02\/20180208_183505-80x60.jpg 80w, http:\/\/centralmedia.rs\/wp-content\/uploads\/2018\/02\/20180208_183505-265x198.jpg 265w\" sizes=\"(max-width: 2560px) 100vw, 2560px\" \/><\/a>\n\t\t\t<\/div><\/figure>\n\t\t<\/div>\n\n<p>-Central media, osniva\u010d internet portala centralmadia.rs i mese\u010dnika Moravske vesti, je zbog pritisaka lokalne poreske administracije u Jagodini, krajem pro\u0161le godine bila je primorana da promeni adresu i grad. Usledio je prete\u0107i telefonski poziv u kome mi je re\u010deno da sam li\u010dni ,,neprijatelj&#8221; najmo\u0107nijeg \u010doveka u gradu, da ga ,,ucenjujem&#8221;, da ,,\u0161aljem momke u op\u0161tinu da dele novine i pla\u0161e zaposlene&#8221; i jo\u0161 sijaset nebuloza. Razgovor sam do\u017eiveo kao pretnju i ugro\u017eavanje bezbednosti ukoliko nastavim sa novinarskim radom. Milionska tu\u017eba grada i najava zatrpavanjem novih tu\u017ebi od advokata krivi\u010dno osu\u0111enih lica, samo je nastavak tog pritiska, odnosno jasna je namera da se jedni nezavisni mediji ugasi ve\u0107 na samom po\u010detku svog postojanja. Koliko je slu\u010dajna ili namerna ova zdru\u017eena akcija pokaza\u0107e vreme. Gu\u0161enje javne re\u010di ve\u0107 prilikom drugog izdanja mese\u010dnika Moravske vesti, poruka je mo\u0107nika novinarima \u0161ta ih o\u010dekuje ukoliko odlu\u010de da se bave svojim poslom. Hvala kolegama iz\u00a0 novinarskih udru\u017eenja i svim gra\u0111anima na solidarnosti i razumevanju.<\/p>\n<div id='gallery-2' class='gallery galleryid-11068 gallery-columns-2 gallery-size-full'><figure class='gallery-item'>\n\t\t\t<div class='gallery-icon landscape'>\n\t\t\t\t<a href='http:\/\/centralmedia.rs\/index.php\/2018\/02\/08\/otvoreno-pismo-javnosti-gorana-jevremovica-urednika-mesecnika-moravske-vesti-portala-centralmedia-rs\/20180208_182752\/'><img loading=\"lazy\" decoding=\"async\" width=\"2560\" height=\"1920\" src=\"http:\/\/centralmedia.rs\/wp-content\/uploads\/2018\/02\/20180208_182752.jpg\" class=\"attachment-full size-full\" alt=\"\" srcset=\"http:\/\/centralmedia.rs\/wp-content\/uploads\/2018\/02\/20180208_182752.jpg 2560w, http:\/\/centralmedia.rs\/wp-content\/uploads\/2018\/02\/20180208_182752-300x225.jpg 300w, http:\/\/centralmedia.rs\/wp-content\/uploads\/2018\/02\/20180208_182752-768x576.jpg 768w, http:\/\/centralmedia.rs\/wp-content\/uploads\/2018\/02\/20180208_182752-1024x768.jpg 1024w, http:\/\/centralmedia.rs\/wp-content\/uploads\/2018\/02\/20180208_182752-80x60.jpg 80w, http:\/\/centralmedia.rs\/wp-content\/uploads\/2018\/02\/20180208_182752-265x198.jpg 265w\" sizes=\"(max-width: 2560px) 100vw, 2560px\" \/><\/a>\n\t\t\t<\/div><\/figure><figure class='gallery-item'>\n\t\t\t<div class='gallery-icon landscape'>\n\t\t\t\t<a href='http:\/\/centralmedia.rs\/index.php\/2018\/02\/08\/otvoreno-pismo-javnosti-gorana-jevremovica-urednika-mesecnika-moravske-vesti-portala-centralmedia-rs\/20180208_183624\/'><img loading=\"lazy\" decoding=\"async\" width=\"2560\" height=\"1920\" src=\"http:\/\/centralmedia.rs\/wp-content\/uploads\/2018\/02\/20180208_183624.jpg\" class=\"attachment-full size-full\" alt=\"\" srcset=\"http:\/\/centralmedia.rs\/wp-content\/uploads\/2018\/02\/20180208_183624.jpg 2560w, http:\/\/centralmedia.rs\/wp-content\/uploads\/2018\/02\/20180208_183624-300x225.jpg 300w, http:\/\/centralmedia.rs\/wp-content\/uploads\/2018\/02\/20180208_183624-768x576.jpg 768w, http:\/\/centralmedia.rs\/wp-content\/uploads\/2018\/02\/20180208_183624-1024x768.jpg 1024w, http:\/\/centralmedia.rs\/wp-content\/uploads\/2018\/02\/20180208_183624-80x60.jpg 80w, http:\/\/centralmedia.rs\/wp-content\/uploads\/2018\/02\/20180208_183624-265x198.jpg 265w\" sizes=\"(max-width: 2560px) 100vw, 2560px\" \/><\/a>\n\t\t\t<\/div><\/figure>\n\t\t<\/div>\n\n<p>-Re\u010d je o politi\u010dkoj kampanji na jedini nezavisni medij u Jagodini. Na sve na\u010dine se poku\u0161ava gu\u0161enje javne re\u010di. Mo\u0107nici zatra\u0161ivanjem \u017eele ekonomski da uni\u0161te nezavisne medije zahtevaju\u0107i drakonske sudske kazne. Na ovaj na\u010din se novinari i mediji,\u00a0 koji se osmele da pitaju ko i kako tro\u0161i novac\u00a0 gra\u0111ana, dovode u beznade\u017ean polo\u017eaj. Gra\u0111ani Jagodine treba da znaju da se novcem od njihovog poreza finansiraju tu\u017ebe protiv nezavisnih medija, a da jedini medij koji dobija sredstva radi informisanja gra\u0111ana na konkursu za projektno finansiranje tog grada prema izve\u0161taju DRI do sa sada nije vratio u bud\u017eet 3,2 miliona dinara, koje je potro\u0161io nenamenski.<\/p>\n<div id='gallery-3' class='gallery galleryid-11068 gallery-columns-2 gallery-size-full'><figure class='gallery-item'>\n\t\t\t<div class='gallery-icon landscape'>\n\t\t\t\t<a href='http:\/\/centralmedia.rs\/index.php\/2018\/02\/08\/otvoreno-pismo-javnosti-gorana-jevremovica-urednika-mesecnika-moravske-vesti-portala-centralmedia-rs\/20180208_183648\/'><img loading=\"lazy\" decoding=\"async\" width=\"2560\" height=\"1920\" src=\"http:\/\/centralmedia.rs\/wp-content\/uploads\/2018\/02\/20180208_183648.jpg\" class=\"attachment-full size-full\" alt=\"\" srcset=\"http:\/\/centralmedia.rs\/wp-content\/uploads\/2018\/02\/20180208_183648.jpg 2560w, http:\/\/centralmedia.rs\/wp-content\/uploads\/2018\/02\/20180208_183648-300x225.jpg 300w, http:\/\/centralmedia.rs\/wp-content\/uploads\/2018\/02\/20180208_183648-768x576.jpg 768w, http:\/\/centralmedia.rs\/wp-content\/uploads\/2018\/02\/20180208_183648-1024x768.jpg 1024w, http:\/\/centralmedia.rs\/wp-content\/uploads\/2018\/02\/20180208_183648-80x60.jpg 80w, http:\/\/centralmedia.rs\/wp-content\/uploads\/2018\/02\/20180208_183648-265x198.jpg 265w\" sizes=\"(max-width: 2560px) 100vw, 2560px\" \/><\/a>\n\t\t\t<\/div><\/figure><figure class='gallery-item'>\n\t\t\t<div class='gallery-icon landscape'>\n\t\t\t\t<a href='http:\/\/centralmedia.rs\/index.php\/2018\/02\/08\/otvoreno-pismo-javnosti-gorana-jevremovica-urednika-mesecnika-moravske-vesti-portala-centralmedia-rs\/20180208_183710\/'><img loading=\"lazy\" decoding=\"async\" width=\"2560\" height=\"1920\" src=\"http:\/\/centralmedia.rs\/wp-content\/uploads\/2018\/02\/20180208_183710.jpg\" class=\"attachment-full size-full\" alt=\"\" srcset=\"http:\/\/centralmedia.rs\/wp-content\/uploads\/2018\/02\/20180208_183710.jpg 2560w, http:\/\/centralmedia.rs\/wp-content\/uploads\/2018\/02\/20180208_183710-300x225.jpg 300w, http:\/\/centralmedia.rs\/wp-content\/uploads\/2018\/02\/20180208_183710-768x576.jpg 768w, http:\/\/centralmedia.rs\/wp-content\/uploads\/2018\/02\/20180208_183710-1024x768.jpg 1024w, http:\/\/centralmedia.rs\/wp-content\/uploads\/2018\/02\/20180208_183710-80x60.jpg 80w, http:\/\/centralmedia.rs\/wp-content\/uploads\/2018\/02\/20180208_183710-265x198.jpg 265w\" sizes=\"(max-width: 2560px) 100vw, 2560px\" \/><\/a>\n\t\t\t<\/div><\/figure>\n\t\t<\/div>\n\n<p>-Drago mi je \u0161to sam prvi novinar u istoriji koga je grad Jagodina tu\u017eio, jo\u0161 dra\u017ee mi je \u0161to su na \u010delu grada veoma mo\u0107ni politi\u010dari koji sebe vole da predstavljaju ,,prijateljima&#8221; medija. Najdra\u017ea mi je podr\u0161ka obi\u010dnih ljudi koji mi svakodnevno ulivaju snagu i podr\u0161ku da istrajem u ovoj nepravednoj i diskriminatorskoj borbi za javnu re\u010d i slobodu medija. Pozivam gra\u0111ane Jagodine i Srbije, predsednika Srbije Aleksandra Vu\u010di\u0107a i\u00a0 premijerku Vlade Srbije Anu Brnabi\u0107 \u00a0da pomognu nezavisne lokalne \u00a0medije na svaki na\u010din u borbi za elementarni opstanak u \u017eivotu, kao i da im dr\u017eava garantuje bezbednost od\u00a0 politi\u010dara i kriminalaca.<\/p>\n<div id='gallery-4' class='gallery galleryid-11068 gallery-columns-3 gallery-size-full'><figure class='gallery-item'>\n\t\t\t<div class='gallery-icon landscape'>\n\t\t\t\t<a href='http:\/\/centralmedia.rs\/index.php\/2018\/02\/08\/otvoreno-pismo-javnosti-gorana-jevremovica-urednika-mesecnika-moravske-vesti-portala-centralmedia-rs\/20180208_184426\/'><img loading=\"lazy\" decoding=\"async\" width=\"2560\" height=\"1920\" src=\"http:\/\/centralmedia.rs\/wp-content\/uploads\/2018\/02\/20180208_184426.jpg\" class=\"attachment-full size-full\" alt=\"\" srcset=\"http:\/\/centralmedia.rs\/wp-content\/uploads\/2018\/02\/20180208_184426.jpg 2560w, http:\/\/centralmedia.rs\/wp-content\/uploads\/2018\/02\/20180208_184426-300x225.jpg 300w, http:\/\/centralmedia.rs\/wp-content\/uploads\/2018\/02\/20180208_184426-768x576.jpg 768w, http:\/\/centralmedia.rs\/wp-content\/uploads\/2018\/02\/20180208_184426-1024x768.jpg 1024w, http:\/\/centralmedia.rs\/wp-content\/uploads\/2018\/02\/20180208_184426-80x60.jpg 80w, http:\/\/centralmedia.rs\/wp-content\/uploads\/2018\/02\/20180208_184426-265x198.jpg 265w\" sizes=\"(max-width: 2560px) 100vw, 2560px\" \/><\/a>\n\t\t\t<\/div><\/figure><figure class='gallery-item'>\n\t\t\t<div class='gallery-icon landscape'>\n\t\t\t\t<a href='http:\/\/centralmedia.rs\/index.php\/2018\/02\/08\/otvoreno-pismo-javnosti-gorana-jevremovica-urednika-mesecnika-moravske-vesti-portala-centralmedia-rs\/20180208_183818\/'><img loading=\"lazy\" decoding=\"async\" width=\"2560\" height=\"1920\" src=\"http:\/\/centralmedia.rs\/wp-content\/uploads\/2018\/02\/20180208_183818.jpg\" class=\"attachment-full size-full\" alt=\"\" srcset=\"http:\/\/centralmedia.rs\/wp-content\/uploads\/2018\/02\/20180208_183818.jpg 2560w, http:\/\/centralmedia.rs\/wp-content\/uploads\/2018\/02\/20180208_183818-300x225.jpg 300w, http:\/\/centralmedia.rs\/wp-content\/uploads\/2018\/02\/20180208_183818-768x576.jpg 768w, http:\/\/centralmedia.rs\/wp-content\/uploads\/2018\/02\/20180208_183818-1024x768.jpg 1024w, http:\/\/centralmedia.rs\/wp-content\/uploads\/2018\/02\/20180208_183818-80x60.jpg 80w, http:\/\/centralmedia.rs\/wp-content\/uploads\/2018\/02\/20180208_183818-265x198.jpg 265w\" sizes=\"(max-width: 2560px) 100vw, 2560px\" \/><\/a>\n\t\t\t<\/div><\/figure><figure class='gallery-item'>\n\t\t\t<div class='gallery-icon landscape'>\n\t\t\t\t<a href='http:\/\/centralmedia.rs\/index.php\/2018\/02\/08\/otvoreno-pismo-javnosti-gorana-jevremovica-urednika-mesecnika-moravske-vesti-portala-centralmedia-rs\/20180208_183738\/'><img loading=\"lazy\" decoding=\"async\" width=\"2560\" height=\"1920\" src=\"http:\/\/centralmedia.rs\/wp-content\/uploads\/2018\/02\/20180208_183738.jpg\" class=\"attachment-full size-full\" alt=\"\" srcset=\"http:\/\/centralmedia.rs\/wp-content\/uploads\/2018\/02\/20180208_183738.jpg 2560w, http:\/\/centralmedia.rs\/wp-content\/uploads\/2018\/02\/20180208_183738-300x225.jpg 300w, http:\/\/centralmedia.rs\/wp-content\/uploads\/2018\/02\/20180208_183738-768x576.jpg 768w, http:\/\/centralmedia.rs\/wp-content\/uploads\/2018\/02\/20180208_183738-1024x768.jpg 1024w, http:\/\/centralmedia.rs\/wp-content\/uploads\/2018\/02\/20180208_183738-80x60.jpg 80w, http:\/\/centralmedia.rs\/wp-content\/uploads\/2018\/02\/20180208_183738-265x198.jpg 265w\" sizes=\"(max-width: 2560px) 100vw, 2560px\" \/><\/a>\n\t\t\t<\/div><\/figure>\n\t\t<\/div>\n\n<p>-Podse\u0107am da je u Jagodini ubijen novinar, zapaljeni su ku\u0107a urednika i\u00a0 trafika, zapaljen tv predajnik, prebijeno je vi\u0161e novinara i medijskih radnika, a da do sada nisu poznati izvr\u0161ioci i motivatori tih krivi\u010dnih dela.<\/p>\n<p>Goraj Jevremovi\u0107<\/p>\n<p>novinar iz Jagodine<\/p>\n<p>&nbsp;<\/p>\n<p>&nbsp;<\/p>\n","protected":false},"excerpt":{"rendered":"<p>Povodom tu\u017ebe grada Jagodina i zahteva da Central media plati najmanje milion dinara zbog materijalne i nematerijalne \u0161tete koju je pretrpeo taj grad objavljivanjem teksta &hellip; <\/p>\n","protected":false},"author":4,"featured_media":11069,"comment_status":"open","ping_status":"open","sticky":false,"template":"","format":"standard","meta":{"footnotes":""},"categories":[1524,2,1514,19,12],"tags":[2614,2438,2615],"_links":{"self":[{"href":"http:\/\/centralmedia.rs\/index.php\/wp-json\/wp\/v2\/posts\/11068"}],"collection":[{"href":"http:\/\/centralmedia.rs\/index.php\/wp-json\/wp\/v2\/posts"}],"about":[{"href":"http:\/\/centralmedia.rs\/index.php\/wp-json\/wp\/v2\/types\/post"}],"author":[{"embeddable":true,"href":"http:\/\/centralmedia.rs\/index.php\/wp-json\/wp\/v2\/users\/4"}],"replies":[{"embeddable":true,"href":"http:\/\/centralmedia.rs\/index.php\/wp-json\/wp\/v2\/comments?post=11068"}],"version-history":[{"count":1,"href":"http:\/\/centralmedia.rs\/index.php\/wp-json\/wp\/v2\/posts\/11068\/revisions"}],"predecessor-version":[{"id":11079,"href":"http:\/\/centralmedia.rs\/index.php\/wp-json\/wp\/v2\/posts\/11068\/revisions\/11079"}],"wp:featuredmedia":[{"embeddable":true,"href":"http:\/\/centralmedia.rs\/index.php\/wp-json\/wp\/v2\/media\/11069"}],"wp:attachment":[{"href":"http:\/\/centralmedia.rs\/index.php\/wp-json\/wp\/v2\/media?parent=11068"}],"wp:term":[{"taxonomy":"category","embeddable":true,"href":"http:\/\/centralmedia.rs\/index.php\/wp-json\/wp\/v2\/categories?post=11068"},{"taxonomy":"post_tag","embeddable":true,"href":"http:\/\/centralmedia.rs\/index.php\/wp-json\/wp\/v2\/tags?post=11068"}],"curies":[{"name":"wp","href":"https:\/\/api.w.org\/{rel}","templated":true}]}}