{"id":11580,"date":"2018-04-05T17:12:46","date_gmt":"2018-04-05T17:12:46","guid":{"rendered":"http:\/\/centralmedia.rs\/?p=11580"},"modified":"2018-04-05T17:12:46","modified_gmt":"2018-04-05T17:12:46","slug":"vaskrsnja-poslanica-patrijarha-spc-irineja","status":"publish","type":"post","link":"http:\/\/centralmedia.rs\/index.php\/2018\/04\/05\/vaskrsnja-poslanica-patrijarha-spc-irineja\/","title":{"rendered":"VASKR\u0160NJA POSLANICA PATRIJARHA SPC IRINEJA"},"content":{"rendered":"<p><strong>IRINEJ<\/strong><\/p>\n<p>po milosti Bo\u017ejoj Pravoslavni Arhiepiskop pe\u0107ki, Mitropolit beogradsko-karlova\u010dki i Patrijarh srpski, sa svim arhijerejima Srpske Pravoslavne Crkve \u2013 sve\u0161tenstvu, mona\u0161tvu i svim sinovima i k\u0107erima na\u0161e Svete Crkve: blagodat, milost i mir od Boga Oca, i Gospoda na\u0161ega Isusa Hrista, i Duha Svetoga, uz radosni vaskr\u0161nji pozdrav:<\/p>\n<p><strong>HRISTOS VASKRSE!<\/strong><\/p>\n<p>Ispuni se vreme vi\u0161enedeljnog \u010casnog posta u kome smo na svakodnevnim bogoslu\u017eenjima \u2013 pokajanjem, ispove\u0161\u0107u i suznim molitvama \u2013 sastradavali sa Gospodom na\u0161im, pratili krstovaskrsni put i blagodarno klicali: \u201eSlava dugotrpljenju Tvome, Gospode!\u201c Pro\u017eivljavali smo dobrovoljna stradanja, poni\u017eenja, pljuvanja i krsnu smrt, da bismo danas, po neizmernoj milosti Bo\u017ejoj, do\u010dekali Hristovo slavno Vaskrsenje. U\u010destvuju\u0107i u ovim doga\u0111ajima, mi kroz njih i \u017eivimo, prevazilaze\u0107i smrt i svaku \u017ealost; jer kao \u0161to bez smrti nema Vaskrsenja, tako ni bez podviga sa nadom i trpljenjem nema utehe. Zato se poklanjamo i blagodarimo Gospodu Vaskrslom iz mrtvih, jer je nas, verne Svoje, udostojio da budemo pri\u010dasnici Njegovih \u010dudesnih dela, ose\u0107aju\u0107i u na\u0161oj du\u0161i nov \u017eivot koji pobe\u0111uje sve nevolje.<\/p>\n<p>Radosno proslavljajmo dana\u0161nji svetli praznik, draga na\u0161a deco duhovna, jer njegova blagodat i svetlost ne dolaze od Sunca, niti od an\u0111el\u00e2, ve\u0107 od nepristupne svetlosti kojom se razgoni tama i o\u010di ljudske sagledavaju svu lepotu i sklad Bo\u017ejeg sveta. Samo u toj svetlosti mo\u017ee se jasno sagledati smisao postojanja \u010doveka i sveta u dostojanstvu koje im po Bo\u017ejem nazna\u010denju pripada. Na ovaj dan se, zajedno sa bogonosnim ocima Crkve Hristove, podse\u0107amo i opominjemo da se uzrok i cilj tvarne egzistencije nalazi u Bogu. Kao saradnik Bo\u017eji, \u010dovek je odgovoran ne samo za sebe i svoj narod, nego za sve ljude i za sve narode, za sveukupnu Bo\u017eju tvorevinu. To je sve\u010dove\u010danska filosofija kojom na\u0161a vera \u017eivi i deluje kroz vekove, projavljuju\u0107i ono \u0161to se danas moderno naziva \u201eekolo\u0161kom sve\u0161\u0107u\u201c. Zato na dana\u0161nji Praznik, koji jeste oaza mira i radosti, mi vr\u0161imo duhovnu smotru, naoru\u017eavaju\u0107i se nadom da bismo uz pomo\u0107 sveoru\u017eja Bo\u017ejeg, koje je u Crkvi, izdr\u017eali sve te\u0161ko\u0107e i sva isku\u0161enja, crpe\u0107i snagu od Gospoda koji nas hrabri re\u010dima: \u201eNe bojte se, Ja sam pobedio svet\u201c (Jn 16, 33). Vaskrsenje jeste najve\u0107a pobeda nad zlom, grehom i smr\u0107u, koja nas podse\u0107a da i mi imamo mogu\u0107nost i obavezu da se usprotivimo svakom duhovnom padu i svemu \u0161to nas onemogu\u0107ava u idenju za dobrom, da ne o\u010dajavamo nego da nadu svoju polo\u017eimo na Gospoda, da bismo dobili Bo\u017eju blagodat i pomo\u0107 u svakoj te\u0161ko\u0107i. Vera u Vaskrslog Bogo\u010doveka projavljuje lekovitost pred stihijom porasta depresivnosti u savremenom svetu, jer nam, po re\u010dima svetog Teofana Zatvornika, daruje mogu\u0107nost da duhovnim o\u010dima \u201egledamo preko greha i patnje\u201c. Ako li po slabosti gre\u0161imo, sveto Jevan\u0111elje nam poru\u010duje: Ustani ti koji spava\u0161 \u2013 u grehu \u2013 ustani i vaskrsni iz mrtvih \u2013 pokajanjem \u2013 i obasja\u0107e te Hristos (sr. Ef 5, 14).<\/p>\n<p>Kako bi sve doveo u prvobitni sklad i nama ljudima vratio radost od gledanja lica Njegova, S\u00e2m Gospod iz prevelikog milosr\u0111a i ljubavi prema nama uzima na Sebe \u010dudesni podvig \u2013 postaje Bogo\u010dovek, rodiv\u0161i se od Duha Svetoga i Marije Djeve radi nas ljudi i radi na\u0161ega spasenja, i \u201ebi predan za grehe na\u0161e i ustade za opravdanje na\u0161e\u201c (Rim 4, 25). Dakle, opravdanje na\u0161e jeste obo\u017eenje u Hristu Isusu, a radost na\u0161a jeste ve\u010dna radost i nada Vaskrsenja, na kome se temelji Simvol hri\u0161\u0107anske vere, a koje sobom donosi najve\u0107i dar: pobedu \u017eivota nad smr\u0107u. O\u010dove\u010denje kao po\u010detak domostroja spasenja roda ljudskog u Vaskrsenju ostvaruje kona\u010dno ispunjenje spasonosnog dela koje Pravoslavna Crkva svake nedelje neprekidno proslavlja. Tako godi\u0161nji krug u kome postojimo, po zlatokrilim re\u010dima svetog Vladike Nikolaja, nije \u201esamo jedna \u010ditulja mrtvih\u201c, ve\u0107 uvek otvoreni dinamizam \u017eivota koji ide u susret Hristu Koji dolazi. Zato, ko je Hristov i naziva se hri\u0161\u0107aninom oslobo\u0111en je smrti, jer nas S\u00e2m Gospod u to uverava: \u201eJa sam vaskrsenje i \u017eivot; ko veruje u Mene, ako i umre, \u017eive\u0107e\u201c (Jn 11, 25). Ovim re\u010dima On nam daje nadu na istinski \u017eivot koji je radost na\u0161e vere; iz njih razumemo da je Njegovo Vaskrsenje \u2013 na\u0161e vaskrsenje, jer Hristos smr\u0107u smrt uni\u0161ti, daruju\u0107i nama \u017eivot ve\u010dni.<\/p>\n<p>Taj bla\u017eeni \u017eivot, \u017eivot sa svima svetima, po\u010dinje ve\u0107 ovde na zemlji. Za svakoga ko du\u0161u svoju ispuni ve\u010dnom re\u010dju Bo\u017ejom i oprosti svima za sve, radost i mir po\u010dinju ovde, u ovom \u017eivotu. Nema \u010doveka danas, bio on vernik ili nevernik, koji ne bi \u017eeleo bar za trenutak da u\u010destvuje u istinskoj radosti. Ali, mira i radosti niotkuda. Svuda bezizlaz, du\u0161a opatuljena u li\u010dnim te\u017enjama i \u017eeljama koje proishode iz samoljublja i samo\u017eivosti, \u0161to dovodi do duhovne smrti koja ima za posledicu besciljnost i nemarnost za ve\u010dno spasenje.<\/p>\n<p>Svedoci smo sveop\u0161teg otu\u0111enja i razdora, najpre u samoj porodici, gde je zajednica me\u0111u supru\u017enicima sve nestabilnija, a me\u0111usobno nepo\u0161tovanje roditelj\u00e2 ostavlja neizbrisivu ranu na de\u010djim du\u0161ama. Ne mo\u017eemo tra\u017eiti svoja prava ugro\u017eavaju\u0107i tu\u0111a. Zaboravljamo da je neophodno po\u0161tovati sebe i svetinju svoga tela koje je hram Duha Svetoga (Kor 6, 19), kako bismo mogli na\u0107i pravu meru svega prolaznog, po\u0161tovati bli\u017enjeg, njegovu slobodu, svetinju op\u0161teg i zajedni\u010dkog dobra, kao i li\u010dnih potreba.<\/p>\n<p>Stoga, deco na\u0161a duhovna, po\u0161tujte i \u010duvajte svetinju braka, jer je ona temelj zdrave i nerazorive porodice. \u010cuvajte u ljubavi tajnu \u017eivota koju je osvetio S\u00e2m Bog. Iskrena vernost i uzajamno pra\u0161tanje neka krase svaku na\u0161u porodicu koja je doma\u0107a Crkva. \u010cedomorstvo, najve\u0107i zlo\u010din ovoga veka, na\u017ealost, prisutno je i u na\u0161em narodu: prema statisti\u010dkim podacima, svake godine u Srbiji nestaje \u010ditav jedan grad. U svetlosti Hristovog Vaskrsenja svako za\u010de\u0107e, ro\u0111enje i svako ljudsko bi\u0107e jesu dar Bo\u017eji koji ima ve\u010dni smisao i ra\u0111a se za ve\u010dnost. Iznose\u0107i pred vas, draga bra\u0107o i sestre, isku\u0161enja \u010ditavog \u010dove\u010danstva, u o\u010dinskoj ljubavi molimo vas da se zdravo i odgovorno vladate, iskupljuju\u0107i trezveno i u miru vreme svoga \u017eivota \u201ejer su dani zli\u201c (Ef 5, 16). Pomolimo se Gospodu da zavlada mir svuda odakle je proteran, na prvom mestu u na\u0161im srcima i na\u0161im domovima, ali i u celom mnogostradalnom svetu!<\/p>\n<p>Mi hri\u0161\u0107ani ne preziremo ovaj svet i ljude. Mi \u010dvrsto hodamo na zemlji, o\u010diju podignutih ka nebu. Po\u0161tuju\u0107i sva ljudska dostignu\u0107a, \u017eelimo da se sve osveti blagoda\u0107u i silom Bo\u017ejom, jer nam Gospod poru\u010duje: \u201eVi ste svetlost svetu\u201c (Mt 5, 14). Radujte se pashalnom rado\u0161\u0107u, jer Gospod \u017eeli \u201eda radost na\u0161a bude potpuna\u201c (1. Jn 1, 4). Sigurna je pobeda sa Hristom koja se posti\u017ee blagoda\u0107u i na\u0161im trudom da odr\u017eimo zapovesti Bo\u017eje. Kada se \u010dovek rodi vodom i Duhom, tada po\u010dinje njegovo vaskrsenje, koje je centralna ta\u010dka ve\u010dnobitija, u koju se sabiraju svi elementi pomo\u0107u kojih dolazimo do sebepoznanja i bogopoznanja. Poznanje Istine, stvarne Istine, jeste vera u Vaskrsenje i radost Vaskrsenja.<\/p>\n<p>U svetlim danima na\u0161e radosti, mi ne zaboravljamo ljudski bol, patnje i stradanja. Ne zaboravljamo ni bolesne, stare i iznemogle, one u siroma\u0161tvu, izbegli\u0161tvu i bedi, prognane i izgnane sa svojih ognji\u0161ta. Sa verom i nadom molimo se da Bog obri\u0161e svaku suzu sa lica njihovih (v. Otk 7, 17). Neprestano sastradavamo sa sve\u0161tenstvom i mona\u0161tvom, sa na\u0161im vernim narodom i decom Kosova i Metohije, koji su na\u0161a savest i bez kojih je srpska duhovna svest slaba i ni\u0161tavna. Okrepljeni va\u0161om snagom i odlu\u010dno\u0161\u0107u, neprestano prinosimo kolenopreklone molitve da istrajete i da nam svima Kosovski Zavet bude most izme\u0111u nebeske i zemaljske Srbije. Mi ne smemo zbog nepravde klonuti, ne smemo se upla\u0161iti, ve\u0107 se opredeliti za Carstvo nebesko sa svetim knezom Lazarom, koji je prineo \u017ertvu kao i vi \u0161to danas prinosite.<\/p>\n<p>Nepravda i zloupotreba dobara ovoga sveta nije mimoi\u0161la na\u0161 mnogostradalni, ali nikada poga\u017eeni i poni\u017eeni narod koji, milo\u0161\u0107u Bo\u017ejom, proslavlja dogodine osam vekova samostalnosti Crkve i dr\u017eave. To nam daje pouzdanje i potvrdu da smo mi narod vo\u0111en svetima \u2013 svetim Simeonom, Svetim Savom i svetim kraljem Stefanom Prvoven\u010danim \u2013 koji za svagda srpski narod utemelji\u0161e na krajeugaonom kamenu, Vaskrslom Hristu.<\/p>\n<p>Obra\u0107amo se svim na\u0161im sinovima i k\u0107erima, duhovnoj deci na\u0161e Crkve, koja \u017eive na svim kontinentima, sa kojima smo molitveno sjedinjeni, da se sa nama raduju Vaskrsenju Hristovom, koje nas poziva da u ljubavi i slozi, jedni sa drugima, \u010duvamo \u201ejedinstvo duha svezom mira\u201c (Ef 4, 3).<\/p>\n<p>\u017dele\u0107i vam svako istinsko dobro, oprostiv\u0161i jedni drugima, prizivamo blagodat, mir i silu Vaskrsloga Hrista, da bismo mogli jednim ustima i jednim srcem da kli\u010demo radosno:<\/p>\n<p><strong>HRISTOS VASKRSE!<\/strong><\/p>\n<p>Dano u Patrijar\u0161iji srpskoj u Beogradu, o Vaskrsu 2018. godine.<\/p>\n<p>&nbsp;<\/p>\n","protected":false},"excerpt":{"rendered":"<p>IRINEJ po milosti Bo\u017ejoj Pravoslavni Arhiepiskop pe\u0107ki, Mitropolit beogradsko-karlova\u010dki i Patrijarh srpski, sa svim arhijerejima Srpske Pravoslavne Crkve \u2013 sve\u0161tenstvu, mona\u0161tvu i svim sinovima i &hellip; <\/p>\n","protected":false},"author":4,"featured_media":11581,"comment_status":"open","ping_status":"open","sticky":false,"template":"","format":"standard","meta":{"footnotes":""},"categories":[14,2,12],"tags":[868,894,1829],"_links":{"self":[{"href":"http:\/\/centralmedia.rs\/index.php\/wp-json\/wp\/v2\/posts\/11580"}],"collection":[{"href":"http:\/\/centralmedia.rs\/index.php\/wp-json\/wp\/v2\/posts"}],"about":[{"href":"http:\/\/centralmedia.rs\/index.php\/wp-json\/wp\/v2\/types\/post"}],"author":[{"embeddable":true,"href":"http:\/\/centralmedia.rs\/index.php\/wp-json\/wp\/v2\/users\/4"}],"replies":[{"embeddable":true,"href":"http:\/\/centralmedia.rs\/index.php\/wp-json\/wp\/v2\/comments?post=11580"}],"version-history":[{"count":1,"href":"http:\/\/centralmedia.rs\/index.php\/wp-json\/wp\/v2\/posts\/11580\/revisions"}],"predecessor-version":[{"id":11582,"href":"http:\/\/centralmedia.rs\/index.php\/wp-json\/wp\/v2\/posts\/11580\/revisions\/11582"}],"wp:featuredmedia":[{"embeddable":true,"href":"http:\/\/centralmedia.rs\/index.php\/wp-json\/wp\/v2\/media\/11581"}],"wp:attachment":[{"href":"http:\/\/centralmedia.rs\/index.php\/wp-json\/wp\/v2\/media?parent=11580"}],"wp:term":[{"taxonomy":"category","embeddable":true,"href":"http:\/\/centralmedia.rs\/index.php\/wp-json\/wp\/v2\/categories?post=11580"},{"taxonomy":"post_tag","embeddable":true,"href":"http:\/\/centralmedia.rs\/index.php\/wp-json\/wp\/v2\/tags?post=11580"}],"curies":[{"name":"wp","href":"https:\/\/api.w.org\/{rel}","templated":true}]}}