{"id":11583,"date":"2018-04-05T18:09:59","date_gmt":"2018-04-05T18:09:59","guid":{"rendered":"http:\/\/centralmedia.rs\/?p=11583"},"modified":"2018-04-05T18:10:19","modified_gmt":"2018-04-05T18:10:19","slug":"pismo-sase-paunovica-ministru-mladenu-sarcevicu","status":"publish","type":"post","link":"http:\/\/centralmedia.rs\/index.php\/2018\/04\/05\/pismo-sase-paunovica-ministru-mladenu-sarcevicu\/","title":{"rendered":"PISMO SA\u0160E PAUNOVI\u0106A MINISTRU MLADENU \u0160AR\u010cEVI\u0106U"},"content":{"rendered":"<p>PARA\u0106IN- Predsednik op\u0161tine Para\u0107in Sa\u0161a Paunovi\u0107 uputio pismo ministru Mladenu \u0160ar\u010devi\u0107u.<\/p>\n<p>U skladu sa Zaklju\u010dkom Op\u0161tinskog ve\u0107a op\u0161tine Para\u0107in br.06-59\/2018-III od 26.03.2018. godine\u00a0 koji smo Vam uputili dana 28.03.2018.godine, obave\u0161tavamo Vas o okolnostima koje mogu ukazivati na kr\u0161enje odredaba Zakona o osnovama sistema obrazovanja i vaspitanja (\u201eSl. Glasnik RS\u201c br. 88\/2017), pre svega \u010dlanova 125. i 128, kao i\u00a0 \u010dlana 366. Krivi\u010dnog zakonika\u00a0 (\u201eSl. Glasnik RS\u201c br. 85\/2005, 88\/2005- ispr, 107\/2005-ispr, 72\/2009, 111\/2009,121\/2012, 104\/2013, 108\/2014 i 94\/2016).<a href=\"https:\/\/centralmedia.rs\/wp-content\/uploads\/2018\/04\/ministarstvo-2.jpg\"><img loading=\"lazy\" decoding=\"async\" class=\"alignright size-medium wp-image-11585\" src=\"https:\/\/centralmedia.rs\/wp-content\/uploads\/2018\/04\/ministarstvo-2-218x300.jpg\" alt=\"\" width=\"218\" height=\"300\" srcset=\"http:\/\/centralmedia.rs\/wp-content\/uploads\/2018\/04\/ministarstvo-2-218x300.jpg 218w, http:\/\/centralmedia.rs\/wp-content\/uploads\/2018\/04\/ministarstvo-2-768x1056.jpg 768w, http:\/\/centralmedia.rs\/wp-content\/uploads\/2018\/04\/ministarstvo-2-745x1024.jpg 745w\" sizes=\"(max-width: 218px) 100vw, 218px\" \/><\/a><\/p>\n<p>Direktori O\u0160\u201c\u0110ura Jak\u0161i\u0107\u201c iz Para\u0107ina i O\u0160\u201cVuk Karad\u017ei\u0107\u201c iz Poto\u010dca kod Para\u0107ina, dostavili su op\u0161tinskom ve\u0107u obave\u0161tenja u kojima su izrazili sumnju da pojedine aktivnosti jedne politi\u010dke stranke &#8211;\u00a0 konkretno povreni\u0161tva SNS u Para\u0107inu,\u00a0 mogu ukazivati na poku\u0161aj kr\u0161enja Zakona o osnovama\u00a0 sistema obrazovanja i vaspitanja u postupcima inspekcijskog nadzora koji je vr\u0161en u ovim \u0161kolama.<\/p>\n<p>Vezano za gore navedene navode, postoji i sumnja da dolazi do zloupotrebe, jer se manipuli\u0161e smenom direktora i imenovanjem\u00a0 v.d. direktora u strana\u010dke svrhe. Prema ovim informacijama,\u00a0 na sastancima pomenutog povereni\u0161tva razmatra se mogu\u0107nost kako kroz pomenute postupke inspekcijskih nadzora razre\u0161iti postoje\u0107e direktore, imenovati v.d. direktore na njihova mesta uz istovremeno vrbovanje potencijalnih kandidata.<\/p>\n<p>Ove informacije dobile su potvrdu u \u010detvrtak 29.03.2018. godine, kada je na lokalnom portalu za koji je poznato da ga ure\u0111uju aktivisti SNS iz Para\u0107ina, objavljena informacija da \u0107e direktori biti smenjeni po izve\u0161taju republi\u010dkog prosvetnog\u00a0 inspektora zbog navodne \u0161tete koju su pri\u010dinili \u0161kolama. Iz ovog proizilazi da jeste ta\u010dno da je iz povereni\u0161tva SNS u Para\u0107inu inicirana prijava Republi\u010dkoj prosvetnoj inspekciji, te da je ta\u010dno da se o smenama direktora i postavljenjima vd direktora razgovaralo u okviru partijskih struktura, ali da informacije kojima su raspolagali u povereni\u0161tvu nisu potpune jer \u0161tete po \u0161kole nema.<\/p>\n<p>Sve te aktivnosti upu\u0107uju ne samo na kr\u0161enje odredaba\u00a0 Zakona o osnovama sistema obrazovanja i vaspitanja ve\u0107 i na poku\u0161aj \u201etrgovine uticajem\u201c \u0161to je sankcionisano \u010dlanom 366. Krivi\u010dnog zakonika.<\/p>\n<p>Upravo iz ovih razloga du\u017eni smo da obavestimo Ministarstvo prosvete nauke i tehnolo\u0161kog razvoja, da je op\u0161tina svesna poku\u0161aja\u00a0 da se strana\u010dki uticaj zloupotrebi, ali smatramo da \u0107e ministarstvo kao i do sada\u00a0 profesionalno i odgovorno vr\u0161iti svoje nadle\u017enosti, te da svoj integritet ne\u0107e uru\u0161iti time da v.d. direktore \u0161kola postavlja po odlukama odbora\/povereni\u0161tava stranaka na lokalu.<\/p>\n<p>Smatramo i tra\u017eimo od ministarstva, da ukoliko i ima razloga da v.d. direktor \u0161kole bilo gde bude imenovan, bude konsultovana lokalna samouprava kao i \u0161kolski odbor konkretne \u0161kole, budu\u0107i da\u00a0 \u0107emo kao predstavnici zajednice u kojoj \u0161kola funkcioni\u0161e dati zakonit i\u00a0 kvalitativno dru\u0161tveno op\u0161te prihva\u0107en predlog.<\/p>\n<p>Otvoreno pitamo, na osnovu kojih informacija, ako ne uz konsultovanje lokalne samouprave, kolektiva, Saveta roditelja, bi ministar mogao da zaklju\u010di ko je najadekvatniji kandidat i kada bi do\u0161lo do opravdane smene direktora (\u0161to ovde nije slu\u010daj i za \u0161ta razlozi ne postoje).<\/p>\n<p>Potpuno otvoreno se nadamo da je samo slu\u010dajnost \u0161to se ovakve aktivnosti de\u0161avaju u jednoj od \u0161est lokalnih samouprava u Srbiji koje su opozicione u odnosu na republi\u010dku vlast.<\/p>\n<p>Upravo zbog toga, ovo je nedvosmislena prilika za ministarstvo da na ovom na\u0161em slu\u010daju u Para\u0107inu, poka\u017ee da ovo nije mehanizam za uvo\u0111enje partijskih \u0161kola u Srbiji.<\/p>\n<p>PREDSEDNIK<\/p>\n<p>OP\u0160TINSKOG VE\u0106A<\/p>\n<p>Sa\u0161a Paunovi\u0107, dipl.in\u017e.el.<\/p>\n<p>&nbsp;<\/p>\n","protected":false},"excerpt":{"rendered":"<p>PARA\u0106IN- Predsednik op\u0161tine Para\u0107in Sa\u0161a Paunovi\u0107 uputio pismo ministru Mladenu \u0160ar\u010devi\u0107u. U skladu sa Zaklju\u010dkom Op\u0161tinskog ve\u0107a op\u0161tine Para\u0107in br.06-59\/2018-III od 26.03.2018. godine\u00a0 koji smo &hellip; <\/p>\n","protected":false},"author":4,"featured_media":11584,"comment_status":"open","ping_status":"open","sticky":false,"template":"","format":"standard","meta":{"footnotes":""},"categories":[14,1524,2,1516,887,12],"tags":[2743,113,552],"_links":{"self":[{"href":"http:\/\/centralmedia.rs\/index.php\/wp-json\/wp\/v2\/posts\/11583"}],"collection":[{"href":"http:\/\/centralmedia.rs\/index.php\/wp-json\/wp\/v2\/posts"}],"about":[{"href":"http:\/\/centralmedia.rs\/index.php\/wp-json\/wp\/v2\/types\/post"}],"author":[{"embeddable":true,"href":"http:\/\/centralmedia.rs\/index.php\/wp-json\/wp\/v2\/users\/4"}],"replies":[{"embeddable":true,"href":"http:\/\/centralmedia.rs\/index.php\/wp-json\/wp\/v2\/comments?post=11583"}],"version-history":[{"count":1,"href":"http:\/\/centralmedia.rs\/index.php\/wp-json\/wp\/v2\/posts\/11583\/revisions"}],"predecessor-version":[{"id":11586,"href":"http:\/\/centralmedia.rs\/index.php\/wp-json\/wp\/v2\/posts\/11583\/revisions\/11586"}],"wp:featuredmedia":[{"embeddable":true,"href":"http:\/\/centralmedia.rs\/index.php\/wp-json\/wp\/v2\/media\/11584"}],"wp:attachment":[{"href":"http:\/\/centralmedia.rs\/index.php\/wp-json\/wp\/v2\/media?parent=11583"}],"wp:term":[{"taxonomy":"category","embeddable":true,"href":"http:\/\/centralmedia.rs\/index.php\/wp-json\/wp\/v2\/categories?post=11583"},{"taxonomy":"post_tag","embeddable":true,"href":"http:\/\/centralmedia.rs\/index.php\/wp-json\/wp\/v2\/tags?post=11583"}],"curies":[{"name":"wp","href":"https:\/\/api.w.org\/{rel}","templated":true}]}}