{"id":1184,"date":"2015-11-16T08:46:45","date_gmt":"2015-11-16T08:46:45","guid":{"rendered":"http:\/\/centralmedia.rs\/?p=1184"},"modified":"2015-11-16T08:46:45","modified_gmt":"2015-11-16T08:46:45","slug":"u-svilajncu-premijera-kokanovog-julija-cezara","status":"publish","type":"post","link":"http:\/\/centralmedia.rs\/index.php\/2015\/11\/16\/u-svilajncu-premijera-kokanovog-julija-cezara\/","title":{"rendered":"U SVILAJNCU  PREMIJERA KOKANOVOG ,,JULIJA CEZARA\u201c"},"content":{"rendered":"<p>SVILAJNAC-Srpska premijera pozori\u0161ne predstave &#8220;JULIJE CEZAR&#8221;,<br \/>\nVilijema \u0160ekspira, u adaptaciji i re\u017eiji Kokan Mladenovi\u0107 bi\u0107e odigrana u Centru za kulturu u Svilajncu. Ulogu Bruta u predstavi igra Sergej Trifunovi\u0107, Marka Antonija i Julija Cezara Sa\u0161a Torlakovi\u0107, Kasija &#8211; Branislav Trifunovi\u0107, Oktavija i Kaska -Marko Markovi\u0107, a Porciju i Kalpurniju- Jelena Mini\u0107.<br \/>\nPredstava je nastala u koprodukciji Centra za kulturu Svilajnac, Grad teatra Budva i Narodnog pozori\u0161ta iz Sombora.  Prvo izvo\u0111enje bilo je u okviru manifestacije Budva grad teatar, 13. jula ove godine, a premijerno \u0107e u Srbiji biti odigrana na sceni Centra za kulturu Svilajnac, u \u010detvrtak 19. novembra u 20 sati. Somborska premijera zakazana je za 24 novembar.<br \/>\nO svom \u010ditanju ovog komada reditelj Mladenovi\u0107 ka\u017ee da je tragedija ,,Julije Cezar\u201d jedan je od najzna\u010dajnijih komada u istoriji dramske literature, a njen osnovni motiv \u2013 revolucija i politi\u010dki prevrat, koji se, na kraju, kompromituju u sopstvenoj nemo\u0107i, obesmi\u0161ljavaju\u0107i tako fenomen istinske demokratije, nisu, na \u017ealost, izgubili na svojoj aktuelnosti od vremena nastanka ovog komada, pa do danas. Pi\u0161u\u0107i o ubistvu Julija Cezara u rimskom senatu, 44. godine p.n.e, \u0160ekspir, u stvari, ispisuje tu\u017enu pri\u010du o krahu plemenitih revolucionarnih htenja, koja se, u sudaru sa li\u010dnim interesima, vlastoljubivo\u0161\u0107u i pohlepom samih revolucionara, pretvaraju u svoju nakaradnu suprotnost. Junaci anti\u010dkog Rima, postaju, petnaest vekova kasnije, \u0160ekspirovi savremenici, uronjeni u spletke i zavere elizabetanskog dvora, ali i savremenici na\u0161eg istorijskog trenutka u kome je mogu\u0107e poslednje decenije na\u0161e aktuelne istorije posmatrati kroz prizmu likova i odnosa \u2019Julija Cezara\u2019. Ho\u0107emo li i nakon ove predstave verovati u revoluciju, ili \u0107emo shvatiti da je re\u010d tek o pukoj zameni dru\u0161tvenih elita? Ho\u0107e li nam postati jasno da jedni te isti ljudi, bili oni u izobilnoj poziciji vlasti, ili u lagodnoj poziciji opozicije, upravljaju na\u0161im \u017eivotima poslednjih dvadesetak godina, smenjuju\u0107i se na lestvici vlasti, i idu\u0107i gore-dole, kao na kakvom palana\u010dkom karuselu. Ho\u0107e li nam iznova prodati velike re\u010di, dr\u017eati zapaljive govore i nahu\u0161kati nas na jo\u0161 jednu pobunu na \u010dijem \u0107e kraju \u201eborba za op\u0161te dobro\u201c prerasti u njihovu li\u010dnu korist? Mo\u017eemo li da prestanemo da verujemo u demokratiju ako nam se ona ruga u lice? Mo\u017eemo li da trpimo autokratsku vlast samo zato \u0161to znamo da \u0107e jednog uzurpatora zameniti drugi? Mo\u017eemo li da pristanemo na dru\u0161tva u kojima \u017eivimo, ako znamo da su zasnovana na la\u017ei? Mo\u017eemo li da se borimo protiv la\u017ei, ako vi\u0161e ni sami ne znamo \u0161ta je istina?\u201c, ka\u017ee Mladenovi\u0107<br \/>\n Kokan Mladenovi\u0107 je ro\u0111en u Ni\u0161u 1970. Zavr\u0161io Srednju gluma\u010dku \u0161kolu u Ni\u0161u u klasi Mime Vukovi\u0107-Kuri\u0107. Diplomirao na Katedri za pozori\u0161nu i radio re\u017eiju Fakulteta dramskih umetnosti u Beogradu 1993. u klasi Miroslava Belovi\u0107a i Nikole Jevti\u0107a.<br \/>\nZa svoj rad, dobio je nagradu \u201cBojan Stupica\u201d, kao i mnoge druge zna\u010dajne nagrade, me\u0111u kojima su: tri Sterijine nagrade, nagrada \u201eBora Mihajlovi\u0107\u201c, nagrada Ardalion festivala u U\u017eicu, grand prix za re\u017eiju na Medjunarodnom pozori\u0161nom festivalu u Budimpe\u0161ti, \u010detiri Zlatna \u0107urana na Danima komedije u Jagodini, \u010detiri nagrade Joakim Vuji\u0107, tri nagrade na Vojvo\u0111anskim susretima pozori\u0161ta, tri nagrade na Festivalu klasike u Vr\u0161cu, dvije nagrade na Festivalu pozori\u0161nih praizvedbi u Para\u0107inu, nagrada za re\u017eiju festivala u Kotoru , zlatna plaketa \u201eMokranj\u010devih dana\u201c u Negotinu i zlatna plaketa \u201eDana Zorana Radmilovi\u0107a\u201c u Zaje\u010daru, kao i mnoga druga esnafska priznanja i godi\u0161nje nagrade pozori\u0161ta u kojima je re\u017eirao.<\/p>\n","protected":false},"excerpt":{"rendered":"<p>SVILAJNAC-Srpska premijera pozori\u0161ne predstave &#8220;JULIJE CEZAR&#8221;, Vilijema \u0160ekspira, u adaptaciji i re\u017eiji Kokan Mladenovi\u0107 bi\u0107e odigrana u Centru za kulturu u Svilajncu. Ulogu Bruta u &hellip; <\/p>\n","protected":false},"author":4,"featured_media":1185,"comment_status":"open","ping_status":"open","sticky":false,"template":"","format":"standard","meta":{"footnotes":""},"categories":[2,15,12],"tags":[223,222,38],"_links":{"self":[{"href":"http:\/\/centralmedia.rs\/index.php\/wp-json\/wp\/v2\/posts\/1184"}],"collection":[{"href":"http:\/\/centralmedia.rs\/index.php\/wp-json\/wp\/v2\/posts"}],"about":[{"href":"http:\/\/centralmedia.rs\/index.php\/wp-json\/wp\/v2\/types\/post"}],"author":[{"embeddable":true,"href":"http:\/\/centralmedia.rs\/index.php\/wp-json\/wp\/v2\/users\/4"}],"replies":[{"embeddable":true,"href":"http:\/\/centralmedia.rs\/index.php\/wp-json\/wp\/v2\/comments?post=1184"}],"version-history":[{"count":0,"href":"http:\/\/centralmedia.rs\/index.php\/wp-json\/wp\/v2\/posts\/1184\/revisions"}],"wp:featuredmedia":[{"embeddable":true,"href":"http:\/\/centralmedia.rs\/index.php\/wp-json\/wp\/v2\/media\/1185"}],"wp:attachment":[{"href":"http:\/\/centralmedia.rs\/index.php\/wp-json\/wp\/v2\/media?parent=1184"}],"wp:term":[{"taxonomy":"category","embeddable":true,"href":"http:\/\/centralmedia.rs\/index.php\/wp-json\/wp\/v2\/categories?post=1184"},{"taxonomy":"post_tag","embeddable":true,"href":"http:\/\/centralmedia.rs\/index.php\/wp-json\/wp\/v2\/tags?post=1184"}],"curies":[{"name":"wp","href":"https:\/\/api.w.org\/{rel}","templated":true}]}}