{"id":11874,"date":"2018-04-27T16:49:25","date_gmt":"2018-04-27T16:49:25","guid":{"rendered":"http:\/\/centralmedia.rs\/?p=11874"},"modified":"2018-04-27T16:49:25","modified_gmt":"2018-04-27T16:49:25","slug":"saopstenje-za-javnost-opstine-paracin","status":"publish","type":"post","link":"http:\/\/centralmedia.rs\/index.php\/2018\/04\/27\/saopstenje-za-javnost-opstine-paracin\/","title":{"rendered":"SAOP\u0160TENJE ZA JAVNOST OP\u0160TINE PARA\u0106IN"},"content":{"rendered":"<p>Posle vi\u0161emese\u010dne prljave kampanje u strana\u010dki kontrolisanim medijima, po\u0161to su propali svi poku\u0161aji \u201eprekomponovanja\u201c skup\u0161tinske ve\u0107ine, aktivisti povereni\u0161tva SNS u Para\u0107inu poku\u0161ali su danas da silom spre\u010de odr\u017eavanje sednice Skup\u0161tine op\u0161tine Para\u0107in. Sednica je odr\u017eana i \u010detrdeset odbornika glasalo je za usvajanje plana odbrane od poplave i fonda za poljoprivredu. Skup\u0161tina op\u0161tine ina\u010de broji pedeset i pet odbornika a nekoliko odbornika skup\u0161tinske ve\u0107ine bilo je i opravdano odsutno. Sednici su prisustvovali i odbornici opozicije.<\/p>\n<p>Najo\u0161trije osu\u0111ujemo kori\u0161\u0107enje fizi\u010dke sile za ostvarivanje politi\u010dkih ciljeva kako je to poku\u0161ano danas u Para\u0107inu od strane aktivista Srpske napredne stranke.<\/p>\n<p>Istovremeno obave\u0161tavamo javnost da \u0107emo ustavni poredak Republike Srbije, pravo na lokalnu samoupravu kao i ljudska i demokratska prava i slobode odlu\u010dno braniti na svaki na\u010din pa i fizi\u010dkom silom kao gra\u0111ani Srbije koji na to imaju pravo u odsustvu delovanja dr\u017eavnih institucija, ukoliko na to budemo prinu\u0111eni.<\/p>\n<p>O dana\u0161njem doga\u0111aju obavesti\u0107emo sve nadle\u017ene dr\u017eavne\u00a0 organe, ali i sve me\u0111unarodne institucije.<\/p>\n<p>ODSEK ZA INFORMISANjE SKUP\u0160TINE OP\u0160TINE PARA\u0106IN<\/p>\n<p>&nbsp;<\/p>\n","protected":false},"excerpt":{"rendered":"<p>Posle vi\u0161emese\u010dne prljave kampanje u strana\u010dki kontrolisanim medijima, po\u0161to su propali svi poku\u0161aji \u201eprekomponovanja\u201c skup\u0161tinske ve\u0107ine, aktivisti povereni\u0161tva SNS u Para\u0107inu poku\u0161ali su danas da &hellip; <\/p>\n","protected":false},"author":4,"featured_media":11816,"comment_status":"open","ping_status":"open","sticky":false,"template":"","format":"standard","meta":{"footnotes":""},"categories":[1524,2,1516,13,887,12],"tags":[156,47,720],"_links":{"self":[{"href":"http:\/\/centralmedia.rs\/index.php\/wp-json\/wp\/v2\/posts\/11874"}],"collection":[{"href":"http:\/\/centralmedia.rs\/index.php\/wp-json\/wp\/v2\/posts"}],"about":[{"href":"http:\/\/centralmedia.rs\/index.php\/wp-json\/wp\/v2\/types\/post"}],"author":[{"embeddable":true,"href":"http:\/\/centralmedia.rs\/index.php\/wp-json\/wp\/v2\/users\/4"}],"replies":[{"embeddable":true,"href":"http:\/\/centralmedia.rs\/index.php\/wp-json\/wp\/v2\/comments?post=11874"}],"version-history":[{"count":1,"href":"http:\/\/centralmedia.rs\/index.php\/wp-json\/wp\/v2\/posts\/11874\/revisions"}],"predecessor-version":[{"id":11875,"href":"http:\/\/centralmedia.rs\/index.php\/wp-json\/wp\/v2\/posts\/11874\/revisions\/11875"}],"wp:featuredmedia":[{"embeddable":true,"href":"http:\/\/centralmedia.rs\/index.php\/wp-json\/wp\/v2\/media\/11816"}],"wp:attachment":[{"href":"http:\/\/centralmedia.rs\/index.php\/wp-json\/wp\/v2\/media?parent=11874"}],"wp:term":[{"taxonomy":"category","embeddable":true,"href":"http:\/\/centralmedia.rs\/index.php\/wp-json\/wp\/v2\/categories?post=11874"},{"taxonomy":"post_tag","embeddable":true,"href":"http:\/\/centralmedia.rs\/index.php\/wp-json\/wp\/v2\/tags?post=11874"}],"curies":[{"name":"wp","href":"https:\/\/api.w.org\/{rel}","templated":true}]}}