{"id":12696,"date":"2018-06-21T13:46:49","date_gmt":"2018-06-21T13:46:49","guid":{"rendered":"http:\/\/centralmedia.rs\/?p=12696"},"modified":"2018-06-21T13:46:49","modified_gmt":"2018-06-21T13:46:49","slug":"umetnost-je-vecna-ako-su-joj-deca-verna-otvoreno-33-srpsko-pero","status":"publish","type":"post","link":"http:\/\/centralmedia.rs\/index.php\/2018\/06\/21\/umetnost-je-vecna-ako-su-joj-deca-verna-otvoreno-33-srpsko-pero\/","title":{"rendered":"UMETNOST JE VE\u010cNA AKO SU JOJ DECA VERNA &#8211; OTVORENO 33. &#8220;SRPSKO PERO&#8221;"},"content":{"rendered":"<p>JAGODINA- U\u00a0Narodnoj biblioteci u Jagodini otvoren je 33. Me\u0111unarodni knji\u017eevni festival ,,Srpsko pero\u201c. Festival je uz prisustvo velikog broja ljubitelja pisane re\u010di iz Jagodine, ali i iz centralne Srbije, otvorio Veroljub Vuka\u0161inovi\u0107, pro\u0161logodi\u0161nji dobitnik ,,Zlatnog Orfeja\u201c, eminentni srpski pesnik i direktor Narodne biblioteke Jefimija iz Trstenika.<\/p>\n<p>Potom su nastupili gosti Festivala, pesnici Ljubostinjskog knji\u017eevnog kruga iz Trstenika i okoline, ina\u010de jedne od najstarijih knji\u017eevnih asocijacija u Srbiji. Svoje pesme su \u010ditali Dragi\u0161a Bato\u010danin, pesnik, novinar, kriti\u010dar i jedan od \u010delnika ovog knji\u017eevnog udru\u017eenja, kao i Veroljub Verko Vuka\u0161inovi\u0107.<\/p>\n<p>Najsve\u010daniji i najdirljiviji trenutak otvaranja 33. Srpskog pera svakako je bio trenutak uru\u010denja knji\u017eevne nagrade ,,Zlatni Orfej\u201c Ljubi\u0161i Bati \u0110idi\u0107u, knji\u017eevniku iz Kru\u0161evca, ina\u010de \u017eivom klasiku srpske poezije. Nagrada ,,Zlatni Orfej\u201c ustanovljena je u okviru Festivala i, pored ostalih, do sada su je dobijali i akademici Matija Be\u0107kovi\u0107 i Adam Pusloji\u0107, Slobodan Rakiti\u0107, Ljubivoje R\u0161umovi\u0107, Dragomir Brajkovi\u0107, Srba Ignjatovi\u0107, Radomir Andri\u0107 i drugi korifeji savremene srpske literature. Dodeljuje se za svevremeni pe\u010dat i trajno prisustvo u savremenoj srpskoj literaturi, a sastoji se od nov\u010dnog iznosa (dar Grada Jagodine), unikatne povelje i originalnog likovnog dela koje je dar Muzeja naivne i marginalne umetnosti iz Jagodine.<\/p>\n<p>Ljubi\u0161a \u0110idi\u0107 je ro\u0111en 1937. godine u Kru\u0161evcu. Svetsku knji\u017eevnost zavr\u0161io je u Beogradu, a postdiplomske studije odslu\u0161ao u Ljubljani.\u00a0\u00a0Pi\u0161e poeziju, knji\u017eevnu kritiku, eseje, putopise, besede i objavljivao je u periodici \u0161irom regiona, a zasebno vi\u0161e do 20 knjiga. Zastupljen je u brojnim antologijma i prevo\u0111en na vi\u0161e jezika i dobitnik brojnih i zna\u010dajnih nagrada, a tako\u0111e i pokreta\u010d izuzetno zna\u010dajnih kulturnih manifestacija. Jo\u0161 u mladosti se dru\u017eio se sa Du\u0161anom Mati\u0107em i Brankom Lazarevi\u0107em, a danas se smatra jednim od vode\u0107ih srpskih pesnika.<\/p>\n<p>Da podsetimo, Me\u0111unarodni knji\u017eevni festival ,,Srpsko pero\u201c ustanovile su Konferencija socijalisti\u010dke omladine i Knji\u017eevna omladina Jagodine pod pokroviteljstvom SO Svetozarevo 1986, a ve\u0107 naredne godine oganizovan je na nivou SFRJ kao Festival mladih pisaca Jugoslavije pod nazivom ,,Majski susreti\u201c. U medijima i u javnosti odmah se izborio za jedno od \u010delnih mesta me\u0111u sli\u010dnim manifestacijama. Sve do 1992. godine odr\u017eavan je pod tim imenom da bi onda, pod pritiskom mla\u0111ih \u010dlanova, bio preimenovan u Svesrpski festival mladih pisaca ,,Srpsko pero\u201c. Bio je to jedini knji\u017eevni festival na ovim prostorima koji je na jednak na\u010din vrednovao (kao i danas) sve \u017eanrove (poezija, proza, eseji, aforizmi, haiku, me\u0111u\u017eanrovska ostvarenja . . .) i jedini koji je svesrpskog kataktera tako da su u finale ulazila i ostvarenja mladih pisaca na srpskom jeziku koja su stizala iz Australije, Pariza, Rumunije\u2026 Godine 2006. je iz administrativnih razloga preimenovan u Knji\u017eevni festival ,,Srpsko pero\u201c \u010dije je sedi\u0161te u Narodnoj biblioteci Jagodine mada je i ranijih godina bio najvi\u0161e vezan za Biblioteku, a finansirali su ga Ministarstvo kulture Republike Srbije, Pomoravski upravni okrug, Skup\u0161tina grada Jagodine (kao i danas) i brojni prijatelji i mecene.<\/p>\n<p>Festival je u\u017eivao veliku popularnost\u00a0\u200bsve vreme svog bitisanja jer\u200b\u00a0\u200b\u200bje\u00a0umetnost ve\u010dna, ako su joj deca verna \u2013 a tako je i danas.<\/p>\n","protected":false},"excerpt":{"rendered":"<p>JAGODINA- U\u00a0Narodnoj biblioteci u Jagodini otvoren je 33. Me\u0111unarodni knji\u017eevni festival ,,Srpsko pero\u201c. Festival je uz prisustvo velikog broja ljubitelja pisane re\u010di iz Jagodine, ali &hellip; <\/p>\n","protected":false},"author":4,"featured_media":12698,"comment_status":"open","ping_status":"open","sticky":false,"template":"","format":"standard","meta":{"footnotes":""},"categories":[1524,2,1514,15,12],"tags":[58,2057],"_links":{"self":[{"href":"http:\/\/centralmedia.rs\/index.php\/wp-json\/wp\/v2\/posts\/12696"}],"collection":[{"href":"http:\/\/centralmedia.rs\/index.php\/wp-json\/wp\/v2\/posts"}],"about":[{"href":"http:\/\/centralmedia.rs\/index.php\/wp-json\/wp\/v2\/types\/post"}],"author":[{"embeddable":true,"href":"http:\/\/centralmedia.rs\/index.php\/wp-json\/wp\/v2\/users\/4"}],"replies":[{"embeddable":true,"href":"http:\/\/centralmedia.rs\/index.php\/wp-json\/wp\/v2\/comments?post=12696"}],"version-history":[{"count":1,"href":"http:\/\/centralmedia.rs\/index.php\/wp-json\/wp\/v2\/posts\/12696\/revisions"}],"predecessor-version":[{"id":12699,"href":"http:\/\/centralmedia.rs\/index.php\/wp-json\/wp\/v2\/posts\/12696\/revisions\/12699"}],"wp:featuredmedia":[{"embeddable":true,"href":"http:\/\/centralmedia.rs\/index.php\/wp-json\/wp\/v2\/media\/12698"}],"wp:attachment":[{"href":"http:\/\/centralmedia.rs\/index.php\/wp-json\/wp\/v2\/media?parent=12696"}],"wp:term":[{"taxonomy":"category","embeddable":true,"href":"http:\/\/centralmedia.rs\/index.php\/wp-json\/wp\/v2\/categories?post=12696"},{"taxonomy":"post_tag","embeddable":true,"href":"http:\/\/centralmedia.rs\/index.php\/wp-json\/wp\/v2\/tags?post=12696"}],"curies":[{"name":"wp","href":"https:\/\/api.w.org\/{rel}","templated":true}]}}