{"id":12712,"date":"2018-06-24T14:22:29","date_gmt":"2018-06-24T14:22:29","guid":{"rendered":"http:\/\/centralmedia.rs\/?p=12712"},"modified":"2018-06-24T14:22:29","modified_gmt":"2018-06-24T14:22:29","slug":"morava-moje-andrija-najbrza-beba","status":"publish","type":"post","link":"http:\/\/centralmedia.rs\/index.php\/2018\/06\/24\/morava-moje-andrija-najbrza-beba\/","title":{"rendered":"MORAVA MOJE MORE &#8211; ANDRIJA NAJBR\u017dA BEBA"},"content":{"rendered":"<p>\u0106UPRIJA- Manifestacija Morava moje more, koja je odr\u017eana 9. put subotu u Moravskom parku u organizaciji Ekolo\u0161kog pokreta \u0106uprija, u nekoliko sati okupila je oko hiljadu gra\u0111ana. Sedamnaestomese\u010dni Andrija Pavlovi\u0107 pobedio u trci beba, a pored toga, na programu su bili ekolo\u0161ki kviz, izlo\u017eba fotografija ptice Pomoravlja, takmi\u010denje u streli\u010darstvu, de\u010dije radionice, gostovao je Prirodnja\u010dki centar Srbije iz Svilajnca, Maksova zanimljiva laobratorija, u amfitetatru su se predstavila deca pesnici iz \u0106uprije i odigrana je de\u010dija predstava Prase\u0107a rokersko ekolo\u0161ka bajka.<a href=\"https:\/\/centralmedia.rs\/wp-content\/uploads\/2018\/06\/bebe.jpg\"><img loading=\"lazy\" decoding=\"async\" class=\"alignright size-medium wp-image-12714\" src=\"https:\/\/centralmedia.rs\/wp-content\/uploads\/2018\/06\/bebe-300x206.jpg\" alt=\"\" width=\"300\" height=\"206\" srcset=\"http:\/\/centralmedia.rs\/wp-content\/uploads\/2018\/06\/bebe-300x206.jpg 300w, http:\/\/centralmedia.rs\/wp-content\/uploads\/2018\/06\/bebe-768x527.jpg 768w, http:\/\/centralmedia.rs\/wp-content\/uploads\/2018\/06\/bebe-100x70.jpg 100w, http:\/\/centralmedia.rs\/wp-content\/uploads\/2018\/06\/bebe-218x150.jpg 218w, http:\/\/centralmedia.rs\/wp-content\/uploads\/2018\/06\/bebe.jpg 900w\" sizes=\"(max-width: 300px) 100vw, 300px\" \/><\/a><\/p>\n<p>&#8211; Manifestacija je za\u017eivela, bilo je puno poziva, deca i roditelji najbrojniji. Tema ove godine je ,,Izra\u010duvanje ekolo\u0161kog vodenog otiska&#8221;, pomogli su nam prijatelji iz Svetske organizacije za za\u0161titu \u017eivotne sredine. Mla\u0111e generacije vi\u0161e pa\u017enje obra\u0107aju na ekologiju, dok su stariji i dalje komotniji. Treba da se radi na edukaciji i osna\u017eivanju zelenih ideja, ka\u017ee predsednika \u0107uprijskog Ekolo\u0161kog pokreta Ksenija Milo\u0161evi\u0107.<\/p>\n<p>Ina\u010de, \u0107uprijski ekolozi su jedini aktivni u Pomoravlju, dok u ostalim gradovima\u00a0 nema sli\u010den inicijative. \u00a0Gosti manifestacije bili su \u010dlanovi iz Udru\u017eenja Plava \u0161koljka iz Beograda.<\/p>\n<p>&nbsp;<\/p>\n","protected":false},"excerpt":{"rendered":"<p>\u0106UPRIJA- Manifestacija Morava moje more, koja je odr\u017eana 9. put subotu u Moravskom parku u organizaciji Ekolo\u0161kog pokreta \u0106uprija, u nekoliko sati okupila je oko &hellip; <\/p>\n","protected":false},"author":4,"featured_media":12713,"comment_status":"open","ping_status":"open","sticky":false,"template":"","format":"standard","meta":{"footnotes":""},"categories":[1515,14,1524,2,887,12],"tags":[44,2973,2972],"_links":{"self":[{"href":"http:\/\/centralmedia.rs\/index.php\/wp-json\/wp\/v2\/posts\/12712"}],"collection":[{"href":"http:\/\/centralmedia.rs\/index.php\/wp-json\/wp\/v2\/posts"}],"about":[{"href":"http:\/\/centralmedia.rs\/index.php\/wp-json\/wp\/v2\/types\/post"}],"author":[{"embeddable":true,"href":"http:\/\/centralmedia.rs\/index.php\/wp-json\/wp\/v2\/users\/4"}],"replies":[{"embeddable":true,"href":"http:\/\/centralmedia.rs\/index.php\/wp-json\/wp\/v2\/comments?post=12712"}],"version-history":[{"count":1,"href":"http:\/\/centralmedia.rs\/index.php\/wp-json\/wp\/v2\/posts\/12712\/revisions"}],"predecessor-version":[{"id":12715,"href":"http:\/\/centralmedia.rs\/index.php\/wp-json\/wp\/v2\/posts\/12712\/revisions\/12715"}],"wp:featuredmedia":[{"embeddable":true,"href":"http:\/\/centralmedia.rs\/index.php\/wp-json\/wp\/v2\/media\/12713"}],"wp:attachment":[{"href":"http:\/\/centralmedia.rs\/index.php\/wp-json\/wp\/v2\/media?parent=12712"}],"wp:term":[{"taxonomy":"category","embeddable":true,"href":"http:\/\/centralmedia.rs\/index.php\/wp-json\/wp\/v2\/categories?post=12712"},{"taxonomy":"post_tag","embeddable":true,"href":"http:\/\/centralmedia.rs\/index.php\/wp-json\/wp\/v2\/tags?post=12712"}],"curies":[{"name":"wp","href":"https:\/\/api.w.org\/{rel}","templated":true}]}}