{"id":12754,"date":"2018-06-28T11:50:56","date_gmt":"2018-06-28T11:50:56","guid":{"rendered":"http:\/\/centralmedia.rs\/?p=12754"},"modified":"2018-06-28T11:57:36","modified_gmt":"2018-06-28T11:57:36","slug":"brnabic-razgovarala-sa-paunovicem-o-zalbi-paracina-savetu-evrope-dogovoreno-formiranje-radne-grupe-foto","status":"publish","type":"post","link":"http:\/\/centralmedia.rs\/index.php\/2018\/06\/28\/brnabic-razgovarala-sa-paunovicem-o-zalbi-paracina-savetu-evrope-dogovoreno-formiranje-radne-grupe-foto\/","title":{"rendered":"Brnabi\u0107 razgovarala sa Paunovi\u0107em o \u017ealbi Para\u0107ina Savetu Evrope: Dogovoreno formiranje radne grupe (FOTO)"},"content":{"rendered":"<p>Predsednica Vlade potvrdila je da \u0107e ulo\u017eiti napore da se sva eventualno sporna pitanja razre\u0161e u dijalogu predstavnika ministarstava i lokalnih samouprava.<a href=\"https:\/\/centralmedia.rs\/wp-content\/uploads\/2018\/06\/brnabic-1-830x0.jpg\"><img loading=\"lazy\" decoding=\"async\" class=\"alignright size-medium wp-image-12756\" src=\"https:\/\/centralmedia.rs\/wp-content\/uploads\/2018\/06\/brnabic-1-830x0-300x215.jpg\" alt=\"\" width=\"300\" height=\"215\" srcset=\"http:\/\/centralmedia.rs\/wp-content\/uploads\/2018\/06\/brnabic-1-830x0-300x215.jpg 300w, http:\/\/centralmedia.rs\/wp-content\/uploads\/2018\/06\/brnabic-1-830x0-768x550.jpg 768w, http:\/\/centralmedia.rs\/wp-content\/uploads\/2018\/06\/brnabic-1-830x0.jpg 830w\" sizes=\"(max-width: 300px) 100vw, 300px\" \/><\/a><\/p>\n<p>Predsednica Vlade Republike Srbije\u00a0Ana Brnabi\u0107\u00a0razgovarala je ju\u010de sa predsednikom op\u0161tine\u00a0Para\u0107in\u00a0Sa\u0161om Paunovi\u0107em o \u017ealbi koju je op\u0161tina Para\u0107in uputila Kongresu lokalnih i regionalnih vlasti Saveta Evrope, saop\u0161tila je Kancelarija za saradnju s medijima Vlade Srbije. Predsednica Vlade<strong style=\"font-style: inherit;\">\u00a0<\/strong>potvrdila je da \u0107e ulo\u017eiti napore da se sva eventualno sporna pitanja razre\u0161e u dijalogu predstavnika ministarstava i lokalnih samouprava.<\/p>\n<p>Lokalne samouprave ukazale su na probleme za koje smatraju da predstavljaju kr\u0161enje standarda lokalne demokratije, a \u017ealbu koja je upu\u0107ena Kongresu lokalnih i regionalnih vlasti Saveta Evrope, podr\u017eala je op\u0161tina \u010cajetina, Grad \u0160abac i vi\u0161e od 400 odbornika iz vi\u0161e od 80 lokalnih samouprava.<a href=\"https:\/\/centralmedia.rs\/wp-content\/uploads\/2018\/06\/brnabic-4-620x350.jpg\"><img loading=\"lazy\" decoding=\"async\" class=\"alignright size-medium wp-image-12757\" src=\"https:\/\/centralmedia.rs\/wp-content\/uploads\/2018\/06\/brnabic-4-620x350-300x169.jpg\" alt=\"\" width=\"300\" height=\"169\" srcset=\"http:\/\/centralmedia.rs\/wp-content\/uploads\/2018\/06\/brnabic-4-620x350-300x169.jpg 300w, http:\/\/centralmedia.rs\/wp-content\/uploads\/2018\/06\/brnabic-4-620x350.jpg 620w\" sizes=\"(max-width: 300px) 100vw, 300px\" \/><\/a><\/p>\n<p>Redovni sastanak Komiteta za monitoring kongresa lokalnih i regionalnih vlasti Saveta Evrope odr\u017eava se u Istambulu 28. juna i na tom sastanku \u0107e \u010dlanovi Komiteta biti obave\u0161teni o ovoj inicijativi.<\/p>\n<p>Do narednog sastanka Komiteta, koji se odr\u017eava u oktobru, trebalo bi zajedni\u010dkim naporima da bude uspostavljen dijalog izme\u0111u nadle\u017enih ministarstava i lokalnih samouprava, kako bi se re\u0161ila otvorena pitanja.<\/p>\n<p>Prvi korak je formiranje radne grupe, koju \u0107e voditi Ministarstvo dr\u017eavne uprave i lokalne samouprave, a prvi sastanak bi\u0107e odr\u017ean ve\u0107 u ponedeljak. 2. jula, navodi se u saop\u0161tenju.<\/p>\n<p>Foto: Vlada Srbije<\/p>\n","protected":false},"excerpt":{"rendered":"<p>Predsednica Vlade potvrdila je da \u0107e ulo\u017eiti napore da se sva eventualno sporna pitanja razre\u0161e u dijalogu predstavnika ministarstava i lokalnih samouprava. Predsednica Vlade Republike &hellip; <\/p>\n","protected":false},"author":4,"featured_media":12755,"comment_status":"open","ping_status":"open","sticky":false,"template":"","format":"standard","meta":{"footnotes":""},"categories":[1524,2,1516,13,887,12],"tags":[2051,156,552,1137],"_links":{"self":[{"href":"http:\/\/centralmedia.rs\/index.php\/wp-json\/wp\/v2\/posts\/12754"}],"collection":[{"href":"http:\/\/centralmedia.rs\/index.php\/wp-json\/wp\/v2\/posts"}],"about":[{"href":"http:\/\/centralmedia.rs\/index.php\/wp-json\/wp\/v2\/types\/post"}],"author":[{"embeddable":true,"href":"http:\/\/centralmedia.rs\/index.php\/wp-json\/wp\/v2\/users\/4"}],"replies":[{"embeddable":true,"href":"http:\/\/centralmedia.rs\/index.php\/wp-json\/wp\/v2\/comments?post=12754"}],"version-history":[{"count":3,"href":"http:\/\/centralmedia.rs\/index.php\/wp-json\/wp\/v2\/posts\/12754\/revisions"}],"predecessor-version":[{"id":12760,"href":"http:\/\/centralmedia.rs\/index.php\/wp-json\/wp\/v2\/posts\/12754\/revisions\/12760"}],"wp:featuredmedia":[{"embeddable":true,"href":"http:\/\/centralmedia.rs\/index.php\/wp-json\/wp\/v2\/media\/12755"}],"wp:attachment":[{"href":"http:\/\/centralmedia.rs\/index.php\/wp-json\/wp\/v2\/media?parent=12754"}],"wp:term":[{"taxonomy":"category","embeddable":true,"href":"http:\/\/centralmedia.rs\/index.php\/wp-json\/wp\/v2\/categories?post=12754"},{"taxonomy":"post_tag","embeddable":true,"href":"http:\/\/centralmedia.rs\/index.php\/wp-json\/wp\/v2\/tags?post=12754"}],"curies":[{"name":"wp","href":"https:\/\/api.w.org\/{rel}","templated":true}]}}