{"id":1415,"date":"2015-12-05T14:19:12","date_gmt":"2015-12-05T14:19:12","guid":{"rendered":"http:\/\/centralmedia.rs\/?p=1415"},"modified":"2015-12-05T14:33:56","modified_gmt":"2015-12-05T14:33:56","slug":"jagodina-grad-tri-srpska-premijera","status":"publish","type":"post","link":"http:\/\/centralmedia.rs\/index.php\/2015\/12\/05\/jagodina-grad-tri-srpska-premijera\/","title":{"rendered":"JAGODINA GRAD TRI SRPSKA PREMIJERA"},"content":{"rendered":"<p>Podatak da je Jagodina imala trojicu Srpskih premijera malo je poznat u zavi\u010dajnoj istoriji i me\u0111u Jagodincima. Na\u017ealost. Re\u010d je Avramu Petronijevi\u0107u, Stefanu Stev\u010di Mihailovi\u0107u i Milanu Piro\u0107ancu. Istorijsko \u0161tivo Znamenite li\u010dnosti Jagodine &#8211; Marije Crnkovi\u0107 svakako zavre\u0111uje veliku pa\u017enju, ne samo zbog tog podatka, ve\u0107 i zbog niza istorijskih dokumenata koji su po prvi put prikupljeni na jednom mestu, sistematizovani i objavljeni. Preporuka je da svakako treba pro\u010ditati jedinstvenu publikaciju. <\/p>\n<p>PI\u0160E MARIJA CRNKOVI\u0106 <\/p>\n<p>Jagodina je zbog svog geografskog polo\u017eaja, imala nezaobilazan udeo u zbivanjima tokom burnih prvih decenija XIX veka. Iznedrila je li\u010dnosti koje su imale zna\u010dajnu ulogu u borbi za oslobo\u0111enje i formiranje srpskedr\u017eave.U kasnijem period dru\u0161tveno-politi\u010dkog, privrednog i kulturno-obrazovnog razvoja, brojni Jagodinci su dali ogroman doprinos i ostavili neizbrisiv trag u istoriji.Svojim zalaganjem i delovanjem, znamenite li\u010dnosti stare Jagodine, istovremeno su doprinele i njenom napretku i \u010duvenju.<br \/>\n\tPublikacija Znamenite li\u010dnosti stare Jagodine prezentuje biografske i istorijske podatke o li\u010dnostima koje su imale veliki uticaj u razli\u010ditim oblastima dru\u0161tvenog, politi\u010dkog, privrednog i kulturnog\u017e ivota: za\u010detaka industrije -Avram Petronijevi\u0107, Jovan i Mihailo Kosovljanin, u oblasti preduzetni\u0161tva- Jovan Kincel, Stra\u0161imir Gemovi\u0107, Marko \u0110or\u0111evi\u0107 i dr., likovne umetnosti \u2013Nikola Milojevi\u0107, arhitekture-Momir Korunovi\u0107, prosvete-Dragoljub Petrovi\u0107 i Sreten Ad\u017ei\u0107, dru\u0161tvenog i politi\u010dkog delovanja-Stev\u010daMihailovi\u0107, Svetozar Markovi\u0107, Andra Bankovi\u0107 i Lenka Ili\u0107 i ratnih prilika vojskovo\u0111e- Ko\u010da An\u0111elkovi\u0107, Radi\u010d Petrovi\u0107, Miloje Todorovi\u0107. Upoznavanjem \u017eivota i rada istaknutih li\u010dnosti iz istorije stare Jagodine sagledavaju se i op\u0161te dru\u0161tvene i istorijske prilike u Jagodini i Srbiji krajem XIX i prvepolovine XX veka, a time i zna\u010daj njihovog rada.<br \/>\n\tJedan od primera posve\u0107enosti jagodinaca gradu je i poklon- porodi\u010dno imanje Ara\u010dlijski potok, koji je grad dobio 1902.godine kao zave\u0161tanje profesora Stevana Ivanovi\u0107a, sina Tase Ara\u010dlije. U naredne dve godine, pod li\u010dnim nadzorom predsednika op\u0161tine Milana Radenkovi\u0107a, ure\u0111en je Ara\u010dlijski park, izgra\u0111en letnjikovac \u2013 paviljon kafana i podignuta je spomen \u2013 \u010desma Tasi Ivanovi\u0107u i njegovim potomcima.<br \/>\n<a href=\"https:\/\/centralmedia.rs\/wp-content\/uploads\/2015\/12\/marija-1.jpg\"><img loading=\"lazy\" decoding=\"async\" src=\"https:\/\/centralmedia.rs\/wp-content\/uploads\/2015\/12\/marija-1-225x300.jpg\" alt=\"marija 1\" width=\"225\" height=\"300\" class=\"alignnone size-medium wp-image-1417\" srcset=\"http:\/\/centralmedia.rs\/wp-content\/uploads\/2015\/12\/marija-1-225x300.jpg 225w, http:\/\/centralmedia.rs\/wp-content\/uploads\/2015\/12\/marija-1.jpg 675w\" sizes=\"(max-width: 225px) 100vw, 225px\" \/><\/a><br \/>\n\tOriginal pisma u kome se predsednik op\u0161tine Milan Radenkovi\u0107 zahvaljuje profesoru Ivanovi\u0107u na darivanju porodi\u010dnog imanja op\u0161tini, \u010duva se u Zavi\u010dajnom muzeju u Jagodini.<br \/>\nPo\u0161tovani Gospodine Ivanovi\u0107u,<br \/>\nVa\u0161im po\u0161tovanim pismom od 10.o.m. Vi ste izvoleli saop\u0161titi mi Va\u0161u \u017eelju i nameru da Va\u0161e imanje u \u0110ur\u0111evom brdu, zostav\u0161tinu Va\u0161ih pokojnih roditelja, imeno Ara\u010dlijski potok sa pripadaju\u0107im mu delovima zemlji\u0161ta spomena radi Va\u0161ih milih, a umrlih, poklonite na\u0161oj zajedni\u010dkoj op\u0161tini, na\u0161em milom mestu ro\u0111enja za prohodnju na\u0161ega gradskoga stanovni\u0161tva, koje je ba\u0161 u tome oskudevalo.<br \/>\nJa sam tu Va\u0161u \u017eelju i nameru saop\u0161tio op\u0161tinskom odboru u sednici 23.o.m. i odbor je \u017eivom i toplom zahvalno\u0161\u0107u taj dar primio i prihvatio, dav\u0161i izraza svoje zahvalnosti u svojoj odluci koju Vam ovde ni\u017ee verno saop\u0161tavam: odbor prima sa osobitom zahvalno\u0161\u0107u, od darodavca Gospodina Stevana A. Ivanovi\u0107a, \u010dinovnika u penziji, poklon koji je on u\u010dinio gra\u0111anstvu grada Jagodine u zemlji\u0161tu zvanom Ara\u010dlijski potok na \u0110ur\u0111evom brdu, sa  obavezom: da ga uredi i ukrasi svojim sredstvima tako, da potpuno odgovori \u017eelji darodavca i spomenu milih mu pokojnika. Spomen \u0107e se sastojati u tome, \u0161to \u0107e se podi\u0107i lepa \u010desma sa spomen \u2013 plo\u010dom, na kojoj \u0107e biti urezana imena njegovih roditelja, brata i plemenitog darodavca, a celokupno imanje na kome \u0107e se podi\u0107i park, zva\u0107e se i u budu\u0107e zvani\u010dnim imenom, Ara\u010dlijski potok, koji \u0107e se naziv i u spomen \u2013 plo\u010di urezati.<br \/>\n25. jula 1902.                            Va\u0161 po\u0161tovalac, M.D. Radenkovi\u0107<br \/>\nU Jagodini predsednik op\u0161tine Jagodinske<\/p>\n","protected":false},"excerpt":{"rendered":"<p>Podatak da je Jagodina imala trojicu Srpskih premijera malo je poznat u zavi\u010dajnoj istoriji i me\u0111u Jagodincima. Na\u017ealost. Re\u010d je Avramu Petronijevi\u0107u, Stefanu Stev\u010di Mihailovi\u0107u &hellip; <\/p>\n","protected":false},"author":4,"featured_media":1416,"comment_status":"open","ping_status":"open","sticky":false,"template":"","format":"standard","meta":{"footnotes":""},"categories":[2,15,12],"tags":[58,311,310],"_links":{"self":[{"href":"http:\/\/centralmedia.rs\/index.php\/wp-json\/wp\/v2\/posts\/1415"}],"collection":[{"href":"http:\/\/centralmedia.rs\/index.php\/wp-json\/wp\/v2\/posts"}],"about":[{"href":"http:\/\/centralmedia.rs\/index.php\/wp-json\/wp\/v2\/types\/post"}],"author":[{"embeddable":true,"href":"http:\/\/centralmedia.rs\/index.php\/wp-json\/wp\/v2\/users\/4"}],"replies":[{"embeddable":true,"href":"http:\/\/centralmedia.rs\/index.php\/wp-json\/wp\/v2\/comments?post=1415"}],"version-history":[{"count":0,"href":"http:\/\/centralmedia.rs\/index.php\/wp-json\/wp\/v2\/posts\/1415\/revisions"}],"wp:featuredmedia":[{"embeddable":true,"href":"http:\/\/centralmedia.rs\/index.php\/wp-json\/wp\/v2\/media\/1416"}],"wp:attachment":[{"href":"http:\/\/centralmedia.rs\/index.php\/wp-json\/wp\/v2\/media?parent=1415"}],"wp:term":[{"taxonomy":"category","embeddable":true,"href":"http:\/\/centralmedia.rs\/index.php\/wp-json\/wp\/v2\/categories?post=1415"},{"taxonomy":"post_tag","embeddable":true,"href":"http:\/\/centralmedia.rs\/index.php\/wp-json\/wp\/v2\/tags?post=1415"}],"curies":[{"name":"wp","href":"https:\/\/api.w.org\/{rel}","templated":true}]}}