{"id":14439,"date":"2018-10-14T13:48:50","date_gmt":"2018-10-14T13:48:50","guid":{"rendered":"http:\/\/centralmedia.rs\/?p=14439"},"modified":"2018-10-18T17:06:08","modified_gmt":"2018-10-18T17:06:08","slug":"na-1-svilajnackom-polumaratonu-600-trkaca-pobednici-danijela-cvetkovic-i-novica-stojanovic","status":"publish","type":"post","link":"http:\/\/centralmedia.rs\/index.php\/2018\/10\/14\/na-1-svilajnackom-polumaratonu-600-trkaca-pobednici-danijela-cvetkovic-i-novica-stojanovic\/","title":{"rendered":"NA 1. SVILAJNA\u010cKOM POLUMARATONU 600 TRKA\u010cA &#8211; POBEDNICI DANIJELA CVETKOVI\u0106 I NOVICA STOJANOVI\u0106"},"content":{"rendered":"<p>JAGODINA- Pobednici 1. Svilajna\u010dkog polumaratona na 21 kilometar su Danijela Cvetkovi\u0107 iz Beograda \u00a01.34,17 i Novica \u00a0Stojanovi\u0107 iz Kovina 1.17,32, \u0161to se ubraja u br\u017ee trke. Pobednici u tri zadovoljstva su\u00a0 Zorana Tampuri\u0107 i Marko Miljkovi\u0107.<\/p>\n<p>&#8211; Prezadovoljna sam trkom i organizacijom. Htela sam da postignem \u0161to bolje vreme na prvom polumaratonu i jako sam se umorila, posebno u poslednjem krugu. Bilo je puno publike na stazi, bodrili su nas, pone\u0107u lepe utiske iz Svilajnca, kazala\u00a0 je Danijela Cvetkovi\u0107.<\/p>\n<div id='gallery-1' class='gallery galleryid-14439 gallery-columns-5 gallery-size-thumbnail'><figure class='gallery-item'>\n\t\t\t<div class='gallery-icon landscape'>\n\t\t\t\t<a href='http:\/\/centralmedia.rs\/index.php\/2018\/10\/14\/na-1-svilajnackom-polumaratonu-600-trkaca-pobednici-danijela-cvetkovic-i-novica-stojanovic\/milanovic-3\/'><img loading=\"lazy\" decoding=\"async\" width=\"150\" height=\"150\" src=\"http:\/\/centralmedia.rs\/wp-content\/uploads\/2018\/10\/milanovic-150x150.jpg\" class=\"attachment-thumbnail size-thumbnail\" alt=\"\" \/><\/a>\n\t\t\t<\/div><\/figure><figure class='gallery-item'>\n\t\t\t<div class='gallery-icon landscape'>\n\t\t\t\t<a href='http:\/\/centralmedia.rs\/index.php\/2018\/10\/14\/na-1-svilajnackom-polumaratonu-600-trkaca-pobednici-danijela-cvetkovic-i-novica-stojanovic\/pobednice-2\/'><img loading=\"lazy\" decoding=\"async\" width=\"150\" height=\"150\" src=\"http:\/\/centralmedia.rs\/wp-content\/uploads\/2018\/10\/pobednice-150x150.jpg\" class=\"attachment-thumbnail size-thumbnail\" alt=\"\" \/><\/a>\n\t\t\t<\/div><\/figure><figure class='gallery-item'>\n\t\t\t<div class='gallery-icon landscape'>\n\t\t\t\t<a href='http:\/\/centralmedia.rs\/index.php\/2018\/10\/14\/na-1-svilajnackom-polumaratonu-600-trkaca-pobednici-danijela-cvetkovic-i-novica-stojanovic\/pobednik-1\/'><img loading=\"lazy\" decoding=\"async\" width=\"150\" height=\"150\" src=\"http:\/\/centralmedia.rs\/wp-content\/uploads\/2018\/10\/pobednik-1-150x150.jpg\" class=\"attachment-thumbnail size-thumbnail\" alt=\"\" \/><\/a>\n\t\t\t<\/div><\/figure><figure class='gallery-item'>\n\t\t\t<div class='gallery-icon landscape'>\n\t\t\t\t<a href='http:\/\/centralmedia.rs\/index.php\/2018\/10\/14\/na-1-svilajnackom-polumaratonu-600-trkaca-pobednici-danijela-cvetkovic-i-novica-stojanovic\/pobednik-5\/'><img loading=\"lazy\" decoding=\"async\" width=\"150\" height=\"150\" src=\"http:\/\/centralmedia.rs\/wp-content\/uploads\/2018\/10\/pobednik-150x150.jpg\" class=\"attachment-thumbnail size-thumbnail\" alt=\"\" \/><\/a>\n\t\t\t<\/div><\/figure><figure class='gallery-item'>\n\t\t\t<div class='gallery-icon landscape'>\n\t\t\t\t<a href='http:\/\/centralmedia.rs\/index.php\/2018\/10\/14\/na-1-svilajnackom-polumaratonu-600-trkaca-pobednici-danijela-cvetkovic-i-novica-stojanovic\/porodica-2\/'><img loading=\"lazy\" decoding=\"async\" width=\"150\" height=\"150\" src=\"http:\/\/centralmedia.rs\/wp-content\/uploads\/2018\/10\/porodica-150x150.jpg\" class=\"attachment-thumbnail size-thumbnail\" alt=\"\" \/><\/a>\n\t\t\t<\/div><\/figure>\n\t\t<\/div>\n\n<p>&#8211; Pored toga, \u0161to je ovo druga trka u Srbiji koja je besplatna za trka\u010de, svaka \u010dast na organizaciji. Postigao sam\u00a0 li\u010dni rekord jer je predhodni bio 1.18,48. Staza je odli\u010dna, brza, bilo nam je toplo u poslednjem krugu, ali kada se pobedi sve je u redu, rekao je Stojanovi\u0107.<\/p>\n<p>Na 1. Svilajna\u010dkom maratonu u\u010destvovalo je 600 trka\u010da, 400 u polumaratonu\u00a0 i 200 u trci zadovoljstva.<\/p>\n<p>&#8211; Pokazali smo da kao grad mo\u017eemo da radimo velike stvari, a ovo je veliko i za republiku, jer se Svilajnca upisao u mapu polumaratona, a ja se nadam ubudu\u0107e i maratona. Ponosan sam zato \u0161to smo ugostili ovakav broj trka\u010da i posetilaca, besprekornom organizacijom, velikim brojem trka\u010da je iz Svilajnca, zahvalan sam ljudima koji su pokrenuli ovu inicijativu, ka\u017ee predsenik op\u0161tine Predrag Milanovi\u0107.<\/p>\n<div id='gallery-2' class='gallery galleryid-14439 gallery-columns-8 gallery-size-thumbnail'><figure class='gallery-item'>\n\t\t\t<div class='gallery-icon landscape'>\n\t\t\t\t<a href='http:\/\/centralmedia.rs\/index.php\/2018\/10\/14\/na-1-svilajnackom-polumaratonu-600-trkaca-pobednici-danijela-cvetkovic-i-novica-stojanovic\/glumac\/'><img loading=\"lazy\" decoding=\"async\" width=\"150\" height=\"150\" src=\"http:\/\/centralmedia.rs\/wp-content\/uploads\/2018\/10\/glumac-150x150.jpg\" class=\"attachment-thumbnail size-thumbnail\" alt=\"\" \/><\/a>\n\t\t\t<\/div><\/figure><figure class='gallery-item'>\n\t\t\t<div class='gallery-icon landscape'>\n\t\t\t\t<a href='http:\/\/centralmedia.rs\/index.php\/2018\/10\/14\/na-1-svilajnackom-polumaratonu-600-trkaca-pobednici-danijela-cvetkovic-i-novica-stojanovic\/seniori\/'><img loading=\"lazy\" decoding=\"async\" width=\"150\" height=\"150\" src=\"http:\/\/centralmedia.rs\/wp-content\/uploads\/2018\/10\/seniori-150x150.jpg\" class=\"attachment-thumbnail size-thumbnail\" alt=\"\" \/><\/a>\n\t\t\t<\/div><\/figure><figure class='gallery-item'>\n\t\t\t<div class='gallery-icon landscape'>\n\t\t\t\t<a href='http:\/\/centralmedia.rs\/index.php\/2018\/10\/14\/na-1-svilajnackom-polumaratonu-600-trkaca-pobednici-danijela-cvetkovic-i-novica-stojanovic\/takmicarke\/'><img loading=\"lazy\" decoding=\"async\" width=\"150\" height=\"150\" src=\"http:\/\/centralmedia.rs\/wp-content\/uploads\/2018\/10\/takmicarke-150x150.jpg\" class=\"attachment-thumbnail size-thumbnail\" alt=\"\" \/><\/a>\n\t\t\t<\/div><\/figure><figure class='gallery-item'>\n\t\t\t<div class='gallery-icon landscape'>\n\t\t\t\t<a href='http:\/\/centralmedia.rs\/index.php\/2018\/10\/14\/na-1-svilajnackom-polumaratonu-600-trkaca-pobednici-danijela-cvetkovic-i-novica-stojanovic\/trka-zadovoljstva\/'><img loading=\"lazy\" decoding=\"async\" width=\"150\" height=\"150\" src=\"http:\/\/centralmedia.rs\/wp-content\/uploads\/2018\/10\/trka-zadovoljstva-150x150.jpg\" class=\"attachment-thumbnail size-thumbnail\" alt=\"\" \/><\/a>\n\t\t\t<\/div><\/figure><figure class='gallery-item'>\n\t\t\t<div class='gallery-icon landscape'>\n\t\t\t\t<a href='http:\/\/centralmedia.rs\/index.php\/2018\/10\/14\/na-1-svilajnackom-polumaratonu-600-trkaca-pobednici-danijela-cvetkovic-i-novica-stojanovic\/trkaci-pocetrak-1-2\/'><img loading=\"lazy\" decoding=\"async\" width=\"150\" height=\"150\" src=\"http:\/\/centralmedia.rs\/wp-content\/uploads\/2018\/10\/trkaci-pocetrak-1-1-150x150.jpg\" class=\"attachment-thumbnail size-thumbnail\" alt=\"\" \/><\/a>\n\t\t\t<\/div><\/figure><figure class='gallery-item'>\n\t\t\t<div class='gallery-icon landscape'>\n\t\t\t\t<a href='http:\/\/centralmedia.rs\/index.php\/2018\/10\/14\/na-1-svilajnackom-polumaratonu-600-trkaca-pobednici-danijela-cvetkovic-i-novica-stojanovic\/trkaci-pocetrak\/'><img loading=\"lazy\" decoding=\"async\" width=\"150\" height=\"150\" src=\"http:\/\/centralmedia.rs\/wp-content\/uploads\/2018\/10\/trkaci-pocetrak-150x150.jpg\" class=\"attachment-thumbnail size-thumbnail\" alt=\"\" \/><\/a>\n\t\t\t<\/div><\/figure><figure class='gallery-item'>\n\t\t\t<div class='gallery-icon landscape'>\n\t\t\t\t<a href='http:\/\/centralmedia.rs\/index.php\/2018\/10\/14\/na-1-svilajnackom-polumaratonu-600-trkaca-pobednici-danijela-cvetkovic-i-novica-stojanovic\/ucesnici-2\/'><img loading=\"lazy\" decoding=\"async\" width=\"150\" height=\"150\" src=\"http:\/\/centralmedia.rs\/wp-content\/uploads\/2018\/10\/ucesnici-150x150.jpg\" class=\"attachment-thumbnail size-thumbnail\" alt=\"\" \/><\/a>\n\t\t\t<\/div><\/figure><figure class='gallery-item'>\n\t\t\t<div class='gallery-icon landscape'>\n\t\t\t\t<a href='http:\/\/centralmedia.rs\/index.php\/2018\/10\/14\/na-1-svilajnackom-polumaratonu-600-trkaca-pobednici-danijela-cvetkovic-i-novica-stojanovic\/ulice\/'><img loading=\"lazy\" decoding=\"async\" width=\"150\" height=\"150\" src=\"http:\/\/centralmedia.rs\/wp-content\/uploads\/2018\/10\/ulice-150x150.jpg\" class=\"attachment-thumbnail size-thumbnail\" alt=\"\" \/><\/a>\n\t\t\t<\/div><\/figure>\n\t\t<\/div>\n\n<p>Pored velikog broja manifestacija, Svilajnac je ove jeseni pokrenuo Konji\u010dki sabor i Polumaraton.<\/p>\n<p>-O Svilajncu se lepo pri\u010da, nije ba\u0161 bilo uvek tako, nekada smo slu\u017eili za podsmeh u ostatku Srbije. Sada se ozbiljno ra\u010duna na nas, de\u0161avaju se manifestacije nacionalnog ranga. Veterani Zvezde su anredni gosti Svilajnca. Zavr\u0161avamo rekonstrukciju sportske hale, postavljamo novi pod i stvramo uslove za postoje\u0107e i nove sportove, zaklju\u010dio je Milanovi\u0107.<\/p>\n<p>Pobednici po kategorijama su 40-50 Bojan Kosti\u0107 i Danijela Cvetkovi\u0107, 50-60 Sa\u0161a Anti\u0107 i Vera Velimirovi\u0107 i 60+ Radovan Da\u010di\u0107.<\/p>\n","protected":false},"excerpt":{"rendered":"<p>JAGODINA- Pobednici 1. Svilajna\u010dkog polumaratona na 21 kilometar su Danijela Cvetkovi\u0107 iz Beograda \u00a01.34,17 i Novica \u00a0Stojanovi\u0107 iz Kovina 1.17,32, \u0161to se ubraja u br\u017ee &hellip; <\/p>\n","protected":false},"author":2,"featured_media":14440,"comment_status":"open","ping_status":"open","sticky":false,"template":"","format":"standard","meta":{"footnotes":""},"categories":[1524,2,887,21,12,1517],"tags":[3165,3208,38],"_links":{"self":[{"href":"http:\/\/centralmedia.rs\/index.php\/wp-json\/wp\/v2\/posts\/14439"}],"collection":[{"href":"http:\/\/centralmedia.rs\/index.php\/wp-json\/wp\/v2\/posts"}],"about":[{"href":"http:\/\/centralmedia.rs\/index.php\/wp-json\/wp\/v2\/types\/post"}],"author":[{"embeddable":true,"href":"http:\/\/centralmedia.rs\/index.php\/wp-json\/wp\/v2\/users\/2"}],"replies":[{"embeddable":true,"href":"http:\/\/centralmedia.rs\/index.php\/wp-json\/wp\/v2\/comments?post=14439"}],"version-history":[{"count":3,"href":"http:\/\/centralmedia.rs\/index.php\/wp-json\/wp\/v2\/posts\/14439\/revisions"}],"predecessor-version":[{"id":14456,"href":"http:\/\/centralmedia.rs\/index.php\/wp-json\/wp\/v2\/posts\/14439\/revisions\/14456"}],"wp:featuredmedia":[{"embeddable":true,"href":"http:\/\/centralmedia.rs\/index.php\/wp-json\/wp\/v2\/media\/14440"}],"wp:attachment":[{"href":"http:\/\/centralmedia.rs\/index.php\/wp-json\/wp\/v2\/media?parent=14439"}],"wp:term":[{"taxonomy":"category","embeddable":true,"href":"http:\/\/centralmedia.rs\/index.php\/wp-json\/wp\/v2\/categories?post=14439"},{"taxonomy":"post_tag","embeddable":true,"href":"http:\/\/centralmedia.rs\/index.php\/wp-json\/wp\/v2\/tags?post=14439"}],"curies":[{"name":"wp","href":"https:\/\/api.w.org\/{rel}","templated":true}]}}