{"id":14459,"date":"2018-10-15T12:08:43","date_gmt":"2018-10-15T12:08:43","guid":{"rendered":"http:\/\/centralmedia.rs\/?p=14459"},"modified":"2018-10-18T16:42:20","modified_gmt":"2018-10-18T16:42:20","slug":"mobilni-sistem-odbrane-od-poplava-u-paracinu","status":"publish","type":"post","link":"http:\/\/centralmedia.rs\/index.php\/2018\/10\/15\/mobilni-sistem-odbrane-od-poplava-u-paracinu\/","title":{"rendered":"MOBILNI SISTEM ODBRANE OD POPLAVA U PARA\u0106INU"},"content":{"rendered":"<p>PARA\u0106IN- Danas su u Para\u0107inu predsednik te op\u0161tine Sa\u0161a Paunovi\u0107, medna\u017eer projekta EU Rui Frank i izvr\u0161ni direktor Srbijavoda Zvonimir Koci\u0107 najavili da \u0107e u petak 19. oktobra biti odr\u017eana pokazna ve\u017eba ,,Zajedno protiv poplava&#8221;, odnosno pokazno postavljenje mobilne opreme za odbranu od poplava na reci Crnci u centru tog grada. Mobilni sistem za ve\u017ebu bi\u0107e postavljen na 100 metara, dok \u0107e pokrivati ukupno 370 metara, bi\u0107e izgra\u0111eno 4 kilometra za\u0161titnih betonskih zidova, kao i nabavljene mobilne pumpe ve\u0107eg kapaciteta. U katastrofalnim poplavama 2014. godine 15.000 Para\u0107inaca pretrpelo je \u0161tetu, a 3.000 objekata je poplavljeno, a procenjena \u0161teta je 2,5 milijarde dinara.<\/p>\n<p>-Predstoji nam posao oko podizanja sedam mostova u vrednosti 3 miliona \u0161vajcarskih franaka, jer je \u00a0procenjeno da su oni prepreka prilikom visokih voda, tako da \u0107e se raditi na ve\u0107oj propusnoj mo\u0107i. Posao \u0107e biti zavre\u0161n tokom 2019. i 2020. godine\u00a0 uz finansiranje Vlade \u0160vajcarske. U toku su radovi na regulaciji Crnice na 11 kilometara \u00a0u vrednsoti 3,9 miliona evra, rekao je Paunovi\u0107.<\/p>\n<p>Cilj je upoznavanje gra\u0111ana Para\u0107in sa merama i aktivnostima koje zajedno sprovode dr\u017eavni organi i institucije, me\u0111unarodne organizacije i donatori i lokalne samouprave. Tako\u0111e, namera je edukacaija gra\u0111ana kako da se pona\u0161aju pre, za vreme i posle potencijalnih poplava. Mobilna oprema je donacija EU\u00a0 Para\u0107inu i gra\u0111ani \u0107e pored prisustva demonstraciji, mo\u0107i da vide izlo\u017ebu opreme za za\u0161titu od poplava i nosiocima koji se bave za\u0161titom od poplava. U Para\u0107anu \u0107e prisustvovati ambasadodi zemelja EU, predstavnici donatorskih organizacija i dr\u017eavanih institucija.<\/p>\n<p>Svi gra\u0111ani Para\u0107ina pozvani su da prisustvuju doga\u0111aju ispred hotela Petrus do 12 do 16.30.<\/p>\n","protected":false},"excerpt":{"rendered":"<p>PARA\u0106IN- Danas su u Para\u0107inu predsednik te op\u0161tine Sa\u0161a Paunovi\u0107, medna\u017eer projekta EU Rui Frank i izvr\u0161ni direktor Srbijavoda Zvonimir Koci\u0107 najavili da \u0107e u &hellip; <\/p>\n","protected":false},"author":2,"featured_media":14460,"comment_status":"open","ping_status":"open","sticky":false,"template":"","format":"standard","meta":{"footnotes":""},"categories":[1524,2,1516,16,12],"tags":[3209,156],"_links":{"self":[{"href":"http:\/\/centralmedia.rs\/index.php\/wp-json\/wp\/v2\/posts\/14459"}],"collection":[{"href":"http:\/\/centralmedia.rs\/index.php\/wp-json\/wp\/v2\/posts"}],"about":[{"href":"http:\/\/centralmedia.rs\/index.php\/wp-json\/wp\/v2\/types\/post"}],"author":[{"embeddable":true,"href":"http:\/\/centralmedia.rs\/index.php\/wp-json\/wp\/v2\/users\/2"}],"replies":[{"embeddable":true,"href":"http:\/\/centralmedia.rs\/index.php\/wp-json\/wp\/v2\/comments?post=14459"}],"version-history":[{"count":1,"href":"http:\/\/centralmedia.rs\/index.php\/wp-json\/wp\/v2\/posts\/14459\/revisions"}],"predecessor-version":[{"id":14461,"href":"http:\/\/centralmedia.rs\/index.php\/wp-json\/wp\/v2\/posts\/14459\/revisions\/14461"}],"wp:featuredmedia":[{"embeddable":true,"href":"http:\/\/centralmedia.rs\/index.php\/wp-json\/wp\/v2\/media\/14460"}],"wp:attachment":[{"href":"http:\/\/centralmedia.rs\/index.php\/wp-json\/wp\/v2\/media?parent=14459"}],"wp:term":[{"taxonomy":"category","embeddable":true,"href":"http:\/\/centralmedia.rs\/index.php\/wp-json\/wp\/v2\/categories?post=14459"},{"taxonomy":"post_tag","embeddable":true,"href":"http:\/\/centralmedia.rs\/index.php\/wp-json\/wp\/v2\/tags?post=14459"}],"curies":[{"name":"wp","href":"https:\/\/api.w.org\/{rel}","templated":true}]}}