{"id":14647,"date":"2018-10-26T14:48:19","date_gmt":"2018-10-26T14:48:19","guid":{"rendered":"http:\/\/centralmedia.rs\/?p=14647"},"modified":"2018-10-29T13:47:30","modified_gmt":"2018-10-29T13:47:30","slug":"stogodisnjica-oslobodenja-svilajnca-u-prvom-svetskom-ratu","status":"publish","type":"post","link":"http:\/\/centralmedia.rs\/index.php\/2018\/10\/26\/stogodisnjica-oslobodenja-svilajnca-u-prvom-svetskom-ratu\/","title":{"rendered":"STOGODI\u0160NJICA OSLOBO\u0110ENJA SVILAJNCA U PRVOM SVETSKOM RATU"},"content":{"rendered":"<p>SVILAJNAC- Povodom stogodi\u0161njice od oslobo\u0111enja Svilajnca u Velikom ratu delegacije op\u0161tine Svilajnac, srednjo\u0161kolaca i SPS-a polo\u017eili su vence na spomenik Mari Resavkinji i odali po\u010dast palim herojima Resave u ratovima od 1912. do 1918.<\/p>\n<div id='gallery-1' class='gallery galleryid-14647 gallery-columns-7 gallery-size-thumbnail'><figure class='gallery-item'>\n\t\t\t<div class='gallery-icon landscape'>\n\t\t\t\t<a href='http:\/\/centralmedia.rs\/index.php\/2018\/10\/26\/stogodisnjica-oslobodenja-svilajnca-u-prvom-svetskom-ratu\/mr\/'><img loading=\"lazy\" decoding=\"async\" width=\"150\" height=\"150\" src=\"http:\/\/centralmedia.rs\/wp-content\/uploads\/2018\/10\/mr-150x150.jpg\" class=\"attachment-thumbnail size-thumbnail\" alt=\"\" \/><\/a>\n\t\t\t<\/div><\/figure><figure class='gallery-item'>\n\t\t\t<div class='gallery-icon landscape'>\n\t\t\t\t<a href='http:\/\/centralmedia.rs\/index.php\/2018\/10\/26\/stogodisnjica-oslobodenja-svilajnca-u-prvom-svetskom-ratu\/mr1\/'><img loading=\"lazy\" decoding=\"async\" width=\"150\" height=\"150\" src=\"http:\/\/centralmedia.rs\/wp-content\/uploads\/2018\/10\/mr1-150x150.jpg\" class=\"attachment-thumbnail size-thumbnail\" alt=\"\" \/><\/a>\n\t\t\t<\/div><\/figure><figure class='gallery-item'>\n\t\t\t<div class='gallery-icon portrait'>\n\t\t\t\t<a href='http:\/\/centralmedia.rs\/index.php\/2018\/10\/26\/stogodisnjica-oslobodenja-svilajnca-u-prvom-svetskom-ratu\/mr3\/'><img loading=\"lazy\" decoding=\"async\" width=\"150\" height=\"150\" src=\"http:\/\/centralmedia.rs\/wp-content\/uploads\/2018\/10\/mr3-150x150.jpg\" class=\"attachment-thumbnail size-thumbnail\" alt=\"\" \/><\/a>\n\t\t\t<\/div><\/figure><figure class='gallery-item'>\n\t\t\t<div class='gallery-icon landscape'>\n\t\t\t\t<a href='http:\/\/centralmedia.rs\/index.php\/2018\/10\/26\/stogodisnjica-oslobodenja-svilajnca-u-prvom-svetskom-ratu\/pm-2\/'><img loading=\"lazy\" decoding=\"async\" width=\"150\" height=\"150\" src=\"http:\/\/centralmedia.rs\/wp-content\/uploads\/2018\/10\/pm-1-150x150.jpg\" class=\"attachment-thumbnail size-thumbnail\" alt=\"\" \/><\/a>\n\t\t\t<\/div><\/figure><figure class='gallery-item'>\n\t\t\t<div class='gallery-icon landscape'>\n\t\t\t\t<a href='http:\/\/centralmedia.rs\/index.php\/2018\/10\/26\/stogodisnjica-oslobodenja-svilajnca-u-prvom-svetskom-ratu\/pm1\/'><img loading=\"lazy\" decoding=\"async\" width=\"150\" height=\"150\" src=\"http:\/\/centralmedia.rs\/wp-content\/uploads\/2018\/10\/pm1-150x150.jpg\" class=\"attachment-thumbnail size-thumbnail\" alt=\"\" \/><\/a>\n\t\t\t<\/div><\/figure><figure class='gallery-item'>\n\t\t\t<div class='gallery-icon landscape'>\n\t\t\t\t<a href='http:\/\/centralmedia.rs\/index.php\/2018\/10\/26\/stogodisnjica-oslobodenja-svilajnca-u-prvom-svetskom-ratu\/r-3\/'><img loading=\"lazy\" decoding=\"async\" width=\"150\" height=\"150\" src=\"http:\/\/centralmedia.rs\/wp-content\/uploads\/2018\/10\/r-1-150x150.jpg\" class=\"attachment-thumbnail size-thumbnail\" alt=\"\" \/><\/a>\n\t\t\t<\/div><\/figure><figure class='gallery-item'>\n\t\t\t<div class='gallery-icon landscape'>\n\t\t\t\t<a href='http:\/\/centralmedia.rs\/index.php\/2018\/10\/26\/stogodisnjica-oslobodenja-svilajnca-u-prvom-svetskom-ratu\/v-6\/'><img loading=\"lazy\" decoding=\"async\" width=\"150\" height=\"150\" src=\"http:\/\/centralmedia.rs\/wp-content\/uploads\/2018\/10\/v-3-150x150.jpg\" class=\"attachment-thumbnail size-thumbnail\" alt=\"\" \/><\/a>\n\t\t\t<\/div><\/figure>\n\t\t<\/div>\n\n<p>Svilajnac je na pravoslavni praznik Sveta Petka 1915. godine pao u ruke Austrougarskim okupatorima, a 1916. okupirali su ga Bugari, koji su bili okupatori do oslobo\u0111enja. Nakon trogodi\u0161njeg stradanja, odvo\u0111enja u logore i prisilne bugarizacije, grad oslobo\u0111en je na isti praznik 1918. godine. Na\u0161i odva\u017eni Resavci sa francuskim saveznicima, koje je predvodio general \u0160arl Tranije, doneli su slobodu. U ratovima od 1912. do 1918. godine u\u010destvovala su 3.264 Resavca. Nakon svih golgota, posebno Albanije i Solunskog fronta, njih 1.500 vratilo se u zavi\u010daj, oslobodilo Svilajnac od okupatora i postavilo temelj za obnavljanje napa\u0107ene zemlje. Njima u \u010dast, danas su i \u0161kole i u selima Vojska i Sedlare odr\u017eali \u010das istorije ispred seoskih spomenika posve\u0107enih palim Resavcima u ratovima od 1912-1918. godine.<\/p>\n","protected":false},"excerpt":{"rendered":"<p>SVILAJNAC- Povodom stogodi\u0161njice od oslobo\u0111enja Svilajnca u Velikom ratu delegacije op\u0161tine Svilajnac, srednjo\u0161kolaca i SPS-a polo\u017eili su vence na spomenik Mari Resavkinji i odali po\u010dast &hellip; <\/p>\n","protected":false},"author":2,"featured_media":14648,"comment_status":"open","ping_status":"open","sticky":false,"template":"","format":"standard","meta":{"footnotes":""},"categories":[14,1524,2,887,12,1517],"tags":[3217,2431,3074,38],"_links":{"self":[{"href":"http:\/\/centralmedia.rs\/index.php\/wp-json\/wp\/v2\/posts\/14647"}],"collection":[{"href":"http:\/\/centralmedia.rs\/index.php\/wp-json\/wp\/v2\/posts"}],"about":[{"href":"http:\/\/centralmedia.rs\/index.php\/wp-json\/wp\/v2\/types\/post"}],"author":[{"embeddable":true,"href":"http:\/\/centralmedia.rs\/index.php\/wp-json\/wp\/v2\/users\/2"}],"replies":[{"embeddable":true,"href":"http:\/\/centralmedia.rs\/index.php\/wp-json\/wp\/v2\/comments?post=14647"}],"version-history":[{"count":1,"href":"http:\/\/centralmedia.rs\/index.php\/wp-json\/wp\/v2\/posts\/14647\/revisions"}],"predecessor-version":[{"id":14656,"href":"http:\/\/centralmedia.rs\/index.php\/wp-json\/wp\/v2\/posts\/14647\/revisions\/14656"}],"wp:featuredmedia":[{"embeddable":true,"href":"http:\/\/centralmedia.rs\/index.php\/wp-json\/wp\/v2\/media\/14648"}],"wp:attachment":[{"href":"http:\/\/centralmedia.rs\/index.php\/wp-json\/wp\/v2\/media?parent=14647"}],"wp:term":[{"taxonomy":"category","embeddable":true,"href":"http:\/\/centralmedia.rs\/index.php\/wp-json\/wp\/v2\/categories?post=14647"},{"taxonomy":"post_tag","embeddable":true,"href":"http:\/\/centralmedia.rs\/index.php\/wp-json\/wp\/v2\/tags?post=14647"}],"curies":[{"name":"wp","href":"https:\/\/api.w.org\/{rel}","templated":true}]}}