{"id":17108,"date":"2019-04-12T19:02:48","date_gmt":"2019-04-12T19:02:48","guid":{"rendered":"http:\/\/centralmedia.rs\/?p=17108"},"modified":"2019-04-15T12:36:04","modified_gmt":"2019-04-15T12:36:04","slug":"dokumentarna-izlozba-povodom-110-godina-cuprijske-gimnazije","status":"publish","type":"post","link":"http:\/\/centralmedia.rs\/index.php\/2019\/04\/12\/dokumentarna-izlozba-povodom-110-godina-cuprijske-gimnazije\/","title":{"rendered":"DOKUMENTARNA IZLO\u017dBA POVODOM 110 GODINA \u0106UPRIJSKE GIMNAZIJE"},"content":{"rendered":"<p>JAGODINA- Povodom 110 godina \u0107uprijske Gimnazije ve\u010deras je u Muzeju Horeum Margi &#8211; Ravno otvorena izlo\u017eba fotorafija, dokumenata, trofeja, slika i knjiga, koje su vezane za taj period i velikane koji su poha\u0111ali tu obrazovnu ustanovu. Knji\u017eevnik Dragoslav Mihailovi\u0107, sportisti Vera Nikoli\u0107, Dragan Zdravkovi\u0107, Zorica Tomeci\u0107, kao ostali veliki i uspe\u0161ni \u0106upri\u010dani poha\u0111ali su Gimnaziju. Direktor Gimnazije Darko Miljani\u0107 sa ponosom pokazuje fotografije iz 1911. godine i prve generacije u\u010denika i nastavnika. Kroz Gimnaziju je pro\u0161lo preko 10.000 u\u010denika i nastavnika. \u00a0Ovo je po\u010detak proslave jubileja, a 16. aprila bi\u0107e odr\u017eana Sve\u010dana akademija u 13.30 u sali \u0160OMO.<\/p>\n<div id='gallery-1' class='gallery galleryid-17108 gallery-columns-5 gallery-size-thumbnail'><figure class='gallery-item'>\n\t\t\t<div class='gallery-icon landscape'>\n\t\t\t\t<a href='http:\/\/centralmedia.rs\/index.php\/2019\/04\/12\/dokumentarna-izlozba-povodom-110-godina-cuprijske-gimnazije\/izlozba1-4\/'><img loading=\"lazy\" decoding=\"async\" width=\"150\" height=\"150\" src=\"http:\/\/centralmedia.rs\/wp-content\/uploads\/2019\/04\/izlozba1-150x150.jpg\" class=\"attachment-thumbnail size-thumbnail\" alt=\"\" \/><\/a>\n\t\t\t<\/div><\/figure><figure class='gallery-item'>\n\t\t\t<div class='gallery-icon landscape'>\n\t\t\t\t<a href='http:\/\/centralmedia.rs\/index.php\/2019\/04\/12\/dokumentarna-izlozba-povodom-110-godina-cuprijske-gimnazije\/izlozba2-2\/'><img loading=\"lazy\" decoding=\"async\" width=\"150\" height=\"150\" src=\"http:\/\/centralmedia.rs\/wp-content\/uploads\/2019\/04\/izlozba2-150x150.jpg\" class=\"attachment-thumbnail size-thumbnail\" alt=\"\" \/><\/a>\n\t\t\t<\/div><\/figure><figure class='gallery-item'>\n\t\t\t<div class='gallery-icon portrait'>\n\t\t\t\t<a href='http:\/\/centralmedia.rs\/index.php\/2019\/04\/12\/dokumentarna-izlozba-povodom-110-godina-cuprijske-gimnazije\/izlozba3\/'><img loading=\"lazy\" decoding=\"async\" width=\"150\" height=\"150\" src=\"http:\/\/centralmedia.rs\/wp-content\/uploads\/2019\/04\/izlozba3-150x150.jpg\" class=\"attachment-thumbnail size-thumbnail\" alt=\"\" \/><\/a>\n\t\t\t<\/div><\/figure><figure class='gallery-item'>\n\t\t\t<div class='gallery-icon landscape'>\n\t\t\t\t<a href='http:\/\/centralmedia.rs\/index.php\/2019\/04\/12\/dokumentarna-izlozba-povodom-110-godina-cuprijske-gimnazije\/izlozba5\/'><img loading=\"lazy\" decoding=\"async\" width=\"150\" height=\"150\" src=\"http:\/\/centralmedia.rs\/wp-content\/uploads\/2019\/04\/izlozba5-150x150.jpg\" class=\"attachment-thumbnail size-thumbnail\" alt=\"\" \/><\/a>\n\t\t\t<\/div><\/figure><figure class='gallery-item'>\n\t\t\t<div class='gallery-icon landscape'>\n\t\t\t\t<a href='http:\/\/centralmedia.rs\/index.php\/2019\/04\/12\/dokumentarna-izlozba-povodom-110-godina-cuprijske-gimnazije\/izlozba6-2\/'><img loading=\"lazy\" decoding=\"async\" width=\"150\" height=\"150\" src=\"http:\/\/centralmedia.rs\/wp-content\/uploads\/2019\/04\/izlozba6-150x150.jpg\" class=\"attachment-thumbnail size-thumbnail\" alt=\"\" \/><\/a>\n\t\t\t<\/div><\/figure>\n\t\t<\/div>\n\n","protected":false},"excerpt":{"rendered":"<p>JAGODINA- Povodom 110 godina \u0107uprijske Gimnazije ve\u010deras je u Muzeju Horeum Margi &#8211; Ravno otvorena izlo\u017eba fotorafija, dokumenata, trofeja, slika i knjiga, koje su vezane &hellip; <\/p>\n","protected":false},"author":2,"featured_media":17109,"comment_status":"open","ping_status":"open","sticky":false,"template":"","format":"standard","meta":{"footnotes":""},"categories":[1515,1524,2,23,887,30],"tags":[3604,3622,649],"_links":{"self":[{"href":"http:\/\/centralmedia.rs\/index.php\/wp-json\/wp\/v2\/posts\/17108"}],"collection":[{"href":"http:\/\/centralmedia.rs\/index.php\/wp-json\/wp\/v2\/posts"}],"about":[{"href":"http:\/\/centralmedia.rs\/index.php\/wp-json\/wp\/v2\/types\/post"}],"author":[{"embeddable":true,"href":"http:\/\/centralmedia.rs\/index.php\/wp-json\/wp\/v2\/users\/2"}],"replies":[{"embeddable":true,"href":"http:\/\/centralmedia.rs\/index.php\/wp-json\/wp\/v2\/comments?post=17108"}],"version-history":[{"count":1,"href":"http:\/\/centralmedia.rs\/index.php\/wp-json\/wp\/v2\/posts\/17108\/revisions"}],"predecessor-version":[{"id":17115,"href":"http:\/\/centralmedia.rs\/index.php\/wp-json\/wp\/v2\/posts\/17108\/revisions\/17115"}],"wp:featuredmedia":[{"embeddable":true,"href":"http:\/\/centralmedia.rs\/index.php\/wp-json\/wp\/v2\/media\/17109"}],"wp:attachment":[{"href":"http:\/\/centralmedia.rs\/index.php\/wp-json\/wp\/v2\/media?parent=17108"}],"wp:term":[{"taxonomy":"category","embeddable":true,"href":"http:\/\/centralmedia.rs\/index.php\/wp-json\/wp\/v2\/categories?post=17108"},{"taxonomy":"post_tag","embeddable":true,"href":"http:\/\/centralmedia.rs\/index.php\/wp-json\/wp\/v2\/tags?post=17108"}],"curies":[{"name":"wp","href":"https:\/\/api.w.org\/{rel}","templated":true}]}}