{"id":18095,"date":"2019-05-31T09:28:09","date_gmt":"2019-05-31T09:28:09","guid":{"rendered":"http:\/\/centralmedia.rs\/?p=18095"},"modified":"2019-06-01T18:31:21","modified_gmt":"2019-06-01T18:31:21","slug":"srbija-i-grcka-cuvaju-stabilnost-na-balkanu","status":"publish","type":"post","link":"http:\/\/centralmedia.rs\/index.php\/2019\/05\/31\/srbija-i-grcka-cuvaju-stabilnost-na-balkanu\/","title":{"rendered":"SRBIJA I GR\u010cKA \u010cUVAJU STABILNOST NA BALKANU"},"content":{"rendered":"<p style=\"font-weight: 400;\">U sedi\u0161tu Privredne komore gr\u010dke regije Pierija u gradu Katerini, privredno-politi\u010dka delegacija koju predvodi predsednik Jedinstvene Srbije i Skup\u0161tine grada Jagodine, Dragan Markovi\u0107 Palma sastala se sa gr\u010dkim privrednicima i predsednikom Privredne komore oblasti Pieria Ilijasom Had\u017eihristoduluom. U razgovoru je istaknuta obostrana spremnost za ja\u010danje privredne saradnje kako Jagodine i gr\u010dkih gradova, tako i Srbije i Gr\u010dke. Had\u017eihristodulu je tom prilikom rekao da srpski narod do\u017eivljava kao bra\u0107u i ponovio da je Dragan Makovi\u0107 Palma po\u010dasni gra\u0111anin grada Katerini i da izuzetno po\u0161tuje njegovu politiku.<\/p>\n<p style=\"font-weight: 400;\">\u201cMislim da ovde u Gr\u010dkoj treba da organizujemo seminar i da nau\u010dimo kako sa uspehom Markovi\u0107 vodi Jagodinu. On zna da odabere dobre saradnike koji su ve\u0107 dugo sa njim \u0161to samo ukazuje da radi ispravno\u201d kazao je Had\u017eihristodulu i najavio da \u0107e privrednici iz Srbije biti pozvani na Sajam turizma koji \u0107e se odr\u017eati u Katerini i dobiti besplatne \u0161tandove tom prilikomn.<\/p>\n<p style=\"font-weight: 400;\">Dragan Markovi\u0107 Palma se zahvaljuju\u0107i doma\u0107inu na dobrodo\u0161lici, osvrnuo na ekonomsku saradnju dve zemlje.<\/p>\n<p style=\"font-weight: 400;\">\u201cKada je u pitanju ekonomska saradnja Gr\u010dke i Srbije, ona se nekada pove\u0107avala iz godine u godinu, a sada iz meseca u mesec. \u017delim da vam ka\u017eem da je Gr\u010dka sigurna i stabilna dr\u017eava za strane investitore i da su Srbi po\u010deli da kupuju va\u0161e hotele i da grade nove. Taj podatak me raduje jer ako su na\u0161i privrednici izabrali Gr\u010dku da ula\u017eu novac to zna\u010di da je va\u0161a zemlja ekonomski stabilna. \u0160to se ti\u010de Srbije ona je jedna od najstabilnijih dr\u017eava na Balkanu, imamo stabilan dinar, ekonomsku i politi\u010dku stabilnost i ako su Nemci, \u010dija je dr\u017eava ekonomski najmo\u0107nija u Evropskoj uniji, otvorili brojne fabrike u Srbiji i zapo\u0161avljavaju oko 60 hiljada Srba i ne samo Nemci ve\u0107 i Italijani i Francuzi, onda vi i ja, ne kao politi\u010dari, ve\u0107 kao privrednici treba da uradimo sve \u0161to je u na\u0161oj mo\u0107i kako bi se svi oni proizvodi koje Gr\u010dka uvozi, uvozili iz Srbije i kako bi se pove\u0107ala trgovinska razmena izme\u0111u dve zemlje, kao i gr\u010dke investicije u Srbiji\u201d, rekao je Markovi\u0107.<\/p>\n<p style=\"font-weight: 400;\">I GRCI DA DIGNU SVOJ GLAS PROTIV KOSOVSKIH TAKSI I STVARANJA VELIKE ALBANIJE<\/p>\n<p style=\"font-weight: 400;\">Dragan Markovi\u0107 Palma je informisao svog sagovornika da je u Srbiji zavr\u0161en auto-put koji vodi ka Gr\u010dkoj i sada se, kako je rekao, probijanjem Grdeli\u010dke klisure najmanje sat i po br\u017ee sti\u017ee iz Srbije do Gr\u010dke.<\/p>\n<p style=\"font-weight: 400;\">\u201cNajve\u0107u korist od tog auto-puta ima Gr\u010dka i po\u0161to je Srbija u tu saobra\u0107ajnicu ulo\u017eila ogromne pare da vidimo kako da nam malo vratite taj novac kroz privredu i investicije\u201d, kazao je Markovi\u0107 i zamolio Ilijasa Had\u017eihristodula kao privrednika i predsednika Privredne komore regije Pierija da uputi\u00a0 zahtev gr\u010dkoj vladi, ali ne samo on, nego svi gr\u010dki privrednici da to u\u010dine protiv taksi kosovskih Albanaca od 100 odsto na robu iz Srbije.<\/p>\n<p style=\"font-weight: 400;\">\u201cMislim\u00a0 da \u0107ete i vi imati problem sa Albancima kao \u0161to to imaju Srbija, Crna Gora i Severna Makedonija, jer oni u \u017eelji da naprave Veliku Albaniju planiraju i jedan deo gr\u010dke teritorije\u201d, ocenio je Markovi\u0107.<\/p>\n","protected":false},"excerpt":{"rendered":"<p>U sedi\u0161tu Privredne komore gr\u010dke regije Pierija u gradu Katerini, privredno-politi\u010dka delegacija koju predvodi predsednik Jedinstvene Srbije i Skup\u0161tine grada Jagodine, Dragan Markovi\u0107 Palma sastala &hellip; <\/p>\n","protected":false},"author":2,"featured_media":18073,"comment_status":"open","ping_status":"open","sticky":false,"template":"","format":"standard","meta":{"footnotes":""},"categories":[1524,2,1514,13,12],"tags":[842,120,845],"_links":{"self":[{"href":"http:\/\/centralmedia.rs\/index.php\/wp-json\/wp\/v2\/posts\/18095"}],"collection":[{"href":"http:\/\/centralmedia.rs\/index.php\/wp-json\/wp\/v2\/posts"}],"about":[{"href":"http:\/\/centralmedia.rs\/index.php\/wp-json\/wp\/v2\/types\/post"}],"author":[{"embeddable":true,"href":"http:\/\/centralmedia.rs\/index.php\/wp-json\/wp\/v2\/users\/2"}],"replies":[{"embeddable":true,"href":"http:\/\/centralmedia.rs\/index.php\/wp-json\/wp\/v2\/comments?post=18095"}],"version-history":[{"count":1,"href":"http:\/\/centralmedia.rs\/index.php\/wp-json\/wp\/v2\/posts\/18095\/revisions"}],"predecessor-version":[{"id":18096,"href":"http:\/\/centralmedia.rs\/index.php\/wp-json\/wp\/v2\/posts\/18095\/revisions\/18096"}],"wp:featuredmedia":[{"embeddable":true,"href":"http:\/\/centralmedia.rs\/index.php\/wp-json\/wp\/v2\/media\/18073"}],"wp:attachment":[{"href":"http:\/\/centralmedia.rs\/index.php\/wp-json\/wp\/v2\/media?parent=18095"}],"wp:term":[{"taxonomy":"category","embeddable":true,"href":"http:\/\/centralmedia.rs\/index.php\/wp-json\/wp\/v2\/categories?post=18095"},{"taxonomy":"post_tag","embeddable":true,"href":"http:\/\/centralmedia.rs\/index.php\/wp-json\/wp\/v2\/tags?post=18095"}],"curies":[{"name":"wp","href":"https:\/\/api.w.org\/{rel}","templated":true}]}}