{"id":18097,"date":"2019-05-31T09:47:33","date_gmt":"2019-05-31T09:47:33","guid":{"rendered":"http:\/\/centralmedia.rs\/?p=18097"},"modified":"2019-06-01T18:31:28","modified_gmt":"2019-06-01T18:31:28","slug":"memorandumi-o-saradnji-i-realizaciji-projekata-dobre-lokalne-uprave","status":"publish","type":"post","link":"http:\/\/centralmedia.rs\/index.php\/2019\/05\/31\/memorandumi-o-saradnji-i-realizaciji-projekata-dobre-lokalne-uprave\/","title":{"rendered":"MEMORANDUMI o saradnji i realizaciji projekata dobre lokalne uprave"},"content":{"rendered":"<p>Predstavnici \u0161est op\u0161tina Pomroavskog okruga potpisali su sa programom Swiss PRO, koji podr\u017eava Vlada \u0160vajcarske, Memorandum o razumevanju u oblasti dobrog upravljanja postavljaju\u0107i tako osnove za\u00a0izgradnju kapaciteta i resursa i po\u010detak dugoro\u010dnog procesa utemeljivanja principa dobrog upravljanja u rad i funkcionisanje lokalnih administracija koji \u0107e za rezultat imati pobolj\u0161an kvalitet pru\u017eanja usluga za gra\u0111ane. Re\u010d je o projektu Kancelarije UN za projektne usluge, koja je zaklju\u010dila Sporazum o projektu sa \u0160vajcarskom agencijom za razvoj i saradnju u vezi sa programom podr\u0161ke Vlade \u0160vajcarske razvoju op\u0161tina kroz unapre\u0111enje dobrog upravljanja i socijalne uklju\u010denosti &#8211; Sviss PRO.<\/p>\n<p>\u201ePodr\u0161ka Vlade \u0160vajcarske, kroz prethodne programe kao i kroz aktuelni program Swiss PRO, u skladu je sa orijentacijom i nastojanjima Vlade Srbije i Ministarstva dr\u017eavne uprave i lokalne samouprave, da javnu upravu u\u010dini modernim servisom za gra\u0111ane i privredu. Neprekidnim radom na ure\u0111enju internih procesa, ovaj servis se stalno unapre\u0111uje u smislu pove\u0107anja odgovornosti i transparentnosti, unapre\u0111enja u\u010de\u0161\u0107a gra\u0111ana, kao i pove\u0107anja efikasnosti i delotvornosti u svom delovanju\u201c,\u00a0 rekao je ministar za dr\u017eavnu upravu i lokalnu samoupravu Branko Ru\u017ei\u0107 isti\u010du\u0107i zadovoljstvo \u0161to se tako veliki broj lokalnih samouprava okupio oko jednog cilja-dobre lokalne uprave.<\/p>\n<p>Ministar Ru\u017ei\u0107 je podsetio da su po\u010detkom 2018. godine, Stalna konferencija gradova i op\u0161tina i Ministarstvo dr\u017eavne uprave i lokalne samouprave razvili Indeks dobre uprave na lokalnom nivou, koji pru\u017ea objektivnu sliku stanja i konkretne preporuke za unapre\u0111enje rada lokalnih samouprava, dok\u00a0 program Swiss PRO, u saradnji sa ovim institucijama upravo radi na unapre\u0111enju postupanja lokalnih samouprava u skladu sa principima dobrog upravljanja.<\/p>\n<p>\u201e\u041aao \u0161to znamo iz na\u0161eg iskustva, postoji jaka veza izme\u0111u razvoja i dobrog upravljanja. Zato \u0107e se u narednim godinama od vas o\u010dekivati da dalje delite svoja znanja i iskustva i da podr\u017eite napore za napredak na planu dobrog upravljanja\u201c, poru\u010dio je ministar Ru\u017ei\u0107 lokalnim samoupravama.<\/p>\n<p>\u201eMi smo svesni da je dobro upravljanje danas veliki izazov ali istovremeno ono je veoma korisno za lokalnu zajednicu i njenu ekonomiju. Dobro upravljanje je preduslov za razvoj \u2013 mi to dobro znamo iz \u0161vajcarskog iskustva dugog preko 200 godina\u201c, rekla je Ursula Lojbli,\u00a0direktorka\u00a0\u0160vajcarske kancelarije za saradnju pri ambasadi \u0160vajcarske u Republici Srbiji.<\/p>\n<p>\u201eKada govorimo o dobrom upravljanju mislimo na kvalitetnije i pravednije usluge za sve gra\u0111ane\u201c navela je Ursula Lojbli isti\u010du\u0107i da \u201ekroz potpisivanje memoranduma \u017eelimo da sa vama otvorimo dijalog o ovim zahtevnim pitanjima i da vas ohrabrimo da u njemu u\u010destvujete\u201c.<\/p>\n<p>U prethodnom periodu uz podr\u0161ku Vlade \u0160vajcarske osnovani su centri za dobro upravljanje u 23 op\u0161tine, a ve\u0107 izgra\u0111eni lokalni resursi bi\u0107e od zna\u010daja drugim lokalnim samoupravama koji sada zapo\u010dinju proces uvo\u0111enja principa dobrog upravljanja u svoje lokalne administracije.<\/p>\n<p>Potpisnici Memorandum o saradnji i realizaciji projekata dobre uprave sa Ministarstvom dr\u017eavne uprave i lokalne samouprave, Swiss PRO agencijom i kancelarijom UNOPS-a u Srbiji sus e obavezali da \u0107e raditi na stvaranju op\u0161tinskih kadrovskih kapaciteta koji \u0107e unaprediti rad lokalnih samouprava u skladu sa principima dobrog upravljanja: odgovornosti, transparentnosti, efikasnosti i efektivnosti, u\u010de\u0161\u0107a, jednakosti i nediskriminacije.<br \/>\nPotpisane Memorandume o razumevanju u oblasti dobrog upravljanja uru\u010dili su: Branko Ru\u017ei\u0107, ministar dr\u017eavne uprave i lokalne samouprave i Ursula Lojbli, direktorka \u0160vajcarske kancelarije za saradnju sa Srbijom i savetnica u ambasadi \u0160vajcarske u Srbiji.<\/p>\n","protected":false},"excerpt":{"rendered":"<p>Predstavnici \u0161est op\u0161tina Pomroavskog okruga potpisali su sa programom Swiss PRO, koji podr\u017eava Vlada \u0160vajcarske, Memorandum o razumevanju u oblasti dobrog upravljanja postavljaju\u0107i tako osnove &hellip; <\/p>\n","protected":false},"author":2,"featured_media":18098,"comment_status":"open","ping_status":"open","sticky":false,"template":"","format":"standard","meta":{"footnotes":""},"categories":[1515,1518,1524,2,1514,1516,13,887,1519,12,1517],"tags":[3771,3772],"_links":{"self":[{"href":"http:\/\/centralmedia.rs\/index.php\/wp-json\/wp\/v2\/posts\/18097"}],"collection":[{"href":"http:\/\/centralmedia.rs\/index.php\/wp-json\/wp\/v2\/posts"}],"about":[{"href":"http:\/\/centralmedia.rs\/index.php\/wp-json\/wp\/v2\/types\/post"}],"author":[{"embeddable":true,"href":"http:\/\/centralmedia.rs\/index.php\/wp-json\/wp\/v2\/users\/2"}],"replies":[{"embeddable":true,"href":"http:\/\/centralmedia.rs\/index.php\/wp-json\/wp\/v2\/comments?post=18097"}],"version-history":[{"count":1,"href":"http:\/\/centralmedia.rs\/index.php\/wp-json\/wp\/v2\/posts\/18097\/revisions"}],"predecessor-version":[{"id":18099,"href":"http:\/\/centralmedia.rs\/index.php\/wp-json\/wp\/v2\/posts\/18097\/revisions\/18099"}],"wp:featuredmedia":[{"embeddable":true,"href":"http:\/\/centralmedia.rs\/index.php\/wp-json\/wp\/v2\/media\/18098"}],"wp:attachment":[{"href":"http:\/\/centralmedia.rs\/index.php\/wp-json\/wp\/v2\/media?parent=18097"}],"wp:term":[{"taxonomy":"category","embeddable":true,"href":"http:\/\/centralmedia.rs\/index.php\/wp-json\/wp\/v2\/categories?post=18097"},{"taxonomy":"post_tag","embeddable":true,"href":"http:\/\/centralmedia.rs\/index.php\/wp-json\/wp\/v2\/tags?post=18097"}],"curies":[{"name":"wp","href":"https:\/\/api.w.org\/{rel}","templated":true}]}}