{"id":22876,"date":"2020-03-20T18:23:20","date_gmt":"2020-03-20T18:23:20","guid":{"rendered":"http:\/\/centralmedia.rs\/?p=22876"},"modified":"2020-04-02T15:59:49","modified_gmt":"2020-04-02T15:59:49","slug":"ograniceno-radno-vreme-prodavnica-u-svilajncu","status":"publish","type":"post","link":"http:\/\/centralmedia.rs\/index.php\/2020\/03\/20\/ograniceno-radno-vreme-prodavnica-u-svilajncu\/","title":{"rendered":"OGRANI\u010cENO RADNO VREME PRODAVNICA U SVILAJNCU"},"content":{"rendered":"<p>SVILAJNAC-Na sednici \u0160taba za vanredne situacije u Svilajncu doneta je Naredba o utvr\u0111ivanju radnog vremena svih maloprodajnih objekata na teritoriji op\u0161tine Svilajnac, tokom trajanja vanrednog stanja:<br \/>\n1. Ponedeljak \u2013 subota od 7 do 18 \u010dasova;<br \/>\n2. Nedeljom od 8 do 18 \u010dasova;<br \/>\n3. Nedeljom od 4 do 7 \u010dasova isklju\u010divo za gra\u0111ane starije od 65 godina.<br \/>\nRad logisti\u010dkih centara i snabdevanje objekata mo\u017ee da se obavlja celodnevno u skladu sa procedurama koje defini\u0161u kretanje lica i posebne radne naloge za zaposlena lica.<br \/>\nBroj potro\u0161a\u010da u maloprodajnim objektima mo\u017ee biti jedan potro\u0161a\u010d na \u010detiri kvadratna metra uz po\u0161tovanje op\u0161tih mera prevencije i fizi\u010dke udaljenosti, a u skladu sa merama Vlade Republike Srbije.<\/p>\n","protected":false},"excerpt":{"rendered":"<p>SVILAJNAC-Na sednici \u0160taba za vanredne situacije u Svilajncu doneta je Naredba o utvr\u0111ivanju radnog vremena svih maloprodajnih objekata na teritoriji op\u0161tine Svilajnac, tokom trajanja vanrednog &hellip; <\/p>\n","protected":false},"author":2,"featured_media":4252,"comment_status":"open","ping_status":"open","sticky":false,"template":"","format":"standard","meta":{"footnotes":""},"categories":[14,1524,2,12,1517],"tags":[4484,38],"_links":{"self":[{"href":"http:\/\/centralmedia.rs\/index.php\/wp-json\/wp\/v2\/posts\/22876"}],"collection":[{"href":"http:\/\/centralmedia.rs\/index.php\/wp-json\/wp\/v2\/posts"}],"about":[{"href":"http:\/\/centralmedia.rs\/index.php\/wp-json\/wp\/v2\/types\/post"}],"author":[{"embeddable":true,"href":"http:\/\/centralmedia.rs\/index.php\/wp-json\/wp\/v2\/users\/2"}],"replies":[{"embeddable":true,"href":"http:\/\/centralmedia.rs\/index.php\/wp-json\/wp\/v2\/comments?post=22876"}],"version-history":[{"count":1,"href":"http:\/\/centralmedia.rs\/index.php\/wp-json\/wp\/v2\/posts\/22876\/revisions"}],"predecessor-version":[{"id":22877,"href":"http:\/\/centralmedia.rs\/index.php\/wp-json\/wp\/v2\/posts\/22876\/revisions\/22877"}],"wp:featuredmedia":[{"embeddable":true,"href":"http:\/\/centralmedia.rs\/index.php\/wp-json\/wp\/v2\/media\/4252"}],"wp:attachment":[{"href":"http:\/\/centralmedia.rs\/index.php\/wp-json\/wp\/v2\/media?parent=22876"}],"wp:term":[{"taxonomy":"category","embeddable":true,"href":"http:\/\/centralmedia.rs\/index.php\/wp-json\/wp\/v2\/categories?post=22876"},{"taxonomy":"post_tag","embeddable":true,"href":"http:\/\/centralmedia.rs\/index.php\/wp-json\/wp\/v2\/tags?post=22876"}],"curies":[{"name":"wp","href":"https:\/\/api.w.org\/{rel}","templated":true}]}}