{"id":22878,"date":"2020-03-20T19:05:42","date_gmt":"2020-03-20T19:05:42","guid":{"rendered":"http:\/\/centralmedia.rs\/?p=22878"},"modified":"2020-04-02T11:32:17","modified_gmt":"2020-04-02T11:32:17","slug":"drugi-potvrdeni-slucaj-korona-virusa-u-svilajncu","status":"publish","type":"post","link":"http:\/\/centralmedia.rs\/index.php\/2020\/03\/20\/drugi-potvrdeni-slucaj-korona-virusa-u-svilajncu\/","title":{"rendered":"KOD MLADI\u0106A IZ SVILAJNCA POTVR\u0110EN KORONA VIRUS"},"content":{"rendered":"<p>SVILAJNAC- Kako prenosi TV Centar, Mladi\u0107 iz Ku\u0161iljeva (26), pozitivan je na virus COVID-19. On je u dobrom stanju, bez ikakvih komplikacija, pa je nakon ispitivanja na infektivnom odeljenu u \u0106upriji pu\u0161ten na ku\u0107no le\u010denje. Za njega i celu porodicu odre\u0111en je strogi ku\u0107ni karantin.<\/p>\n","protected":false},"excerpt":{"rendered":"<p>SVILAJNAC- Kako prenosi TV Centar, Mladi\u0107 iz Ku\u0161iljeva (26), pozitivan je na virus COVID-19. On je u dobrom stanju, bez ikakvih komplikacija, pa je nakon &hellip; <\/p>\n","protected":false},"author":2,"featured_media":22851,"comment_status":"open","ping_status":"open","sticky":false,"template":"","format":"standard","meta":{"footnotes":""},"categories":[28,1524,2,12,1517],"tags":[4485,4446,38],"_links":{"self":[{"href":"http:\/\/centralmedia.rs\/index.php\/wp-json\/wp\/v2\/posts\/22878"}],"collection":[{"href":"http:\/\/centralmedia.rs\/index.php\/wp-json\/wp\/v2\/posts"}],"about":[{"href":"http:\/\/centralmedia.rs\/index.php\/wp-json\/wp\/v2\/types\/post"}],"author":[{"embeddable":true,"href":"http:\/\/centralmedia.rs\/index.php\/wp-json\/wp\/v2\/users\/2"}],"replies":[{"embeddable":true,"href":"http:\/\/centralmedia.rs\/index.php\/wp-json\/wp\/v2\/comments?post=22878"}],"version-history":[{"count":2,"href":"http:\/\/centralmedia.rs\/index.php\/wp-json\/wp\/v2\/posts\/22878\/revisions"}],"predecessor-version":[{"id":22880,"href":"http:\/\/centralmedia.rs\/index.php\/wp-json\/wp\/v2\/posts\/22878\/revisions\/22880"}],"wp:featuredmedia":[{"embeddable":true,"href":"http:\/\/centralmedia.rs\/index.php\/wp-json\/wp\/v2\/media\/22851"}],"wp:attachment":[{"href":"http:\/\/centralmedia.rs\/index.php\/wp-json\/wp\/v2\/media?parent=22878"}],"wp:term":[{"taxonomy":"category","embeddable":true,"href":"http:\/\/centralmedia.rs\/index.php\/wp-json\/wp\/v2\/categories?post=22878"},{"taxonomy":"post_tag","embeddable":true,"href":"http:\/\/centralmedia.rs\/index.php\/wp-json\/wp\/v2\/tags?post=22878"}],"curies":[{"name":"wp","href":"https:\/\/api.w.org\/{rel}","templated":true}]}}