{"id":24089,"date":"2020-05-28T14:02:53","date_gmt":"2020-05-28T14:02:53","guid":{"rendered":"http:\/\/centralmedia.rs\/?p=24089"},"modified":"2020-06-02T10:48:55","modified_gmt":"2020-06-02T10:48:55","slug":"asfalt-i-dom-kulture-u-donjem-vidovu","status":"publish","type":"post","link":"http:\/\/centralmedia.rs\/index.php\/2020\/05\/28\/asfalt-i-dom-kulture-u-donjem-vidovu\/","title":{"rendered":"ASFALT I DOM KULTURE U DONJEM VIDOVU"},"content":{"rendered":"<p>PARA\u0106IN- U Donjem Vidovu kod Para\u0107ina u toku su radovi na objektu Doma kulture, asfaltirane su ulice \u00a0\u0160umdijska i Carice Milice.<\/p>\n<div id='gallery-1' class='gallery galleryid-24089 gallery-columns-7 gallery-size-thumbnail'><figure class='gallery-item'>\n\t\t\t<div class='gallery-icon landscape'>\n\t\t\t\t<a href='http:\/\/centralmedia.rs\/index.php\/2020\/05\/28\/asfalt-i-dom-kulture-u-donjem-vidovu\/d-vidovo1\/'><img loading=\"lazy\" decoding=\"async\" width=\"150\" height=\"150\" src=\"http:\/\/centralmedia.rs\/wp-content\/uploads\/2020\/05\/d-vidovo1-150x150.jpg\" class=\"attachment-thumbnail size-thumbnail\" alt=\"\" \/><\/a>\n\t\t\t<\/div><\/figure><figure class='gallery-item'>\n\t\t\t<div class='gallery-icon landscape'>\n\t\t\t\t<a href='http:\/\/centralmedia.rs\/index.php\/2020\/05\/28\/asfalt-i-dom-kulture-u-donjem-vidovu\/d-vidovo2\/'><img loading=\"lazy\" decoding=\"async\" width=\"150\" height=\"150\" src=\"http:\/\/centralmedia.rs\/wp-content\/uploads\/2020\/05\/d-vidovo2-150x150.jpg\" class=\"attachment-thumbnail size-thumbnail\" alt=\"\" \/><\/a>\n\t\t\t<\/div><\/figure><figure class='gallery-item'>\n\t\t\t<div class='gallery-icon landscape'>\n\t\t\t\t<a href='http:\/\/centralmedia.rs\/index.php\/2020\/05\/28\/asfalt-i-dom-kulture-u-donjem-vidovu\/donje-vidovo-2\/'><img loading=\"lazy\" decoding=\"async\" width=\"150\" height=\"150\" src=\"http:\/\/centralmedia.rs\/wp-content\/uploads\/2020\/05\/donje-vidovo-150x150.jpg\" class=\"attachment-thumbnail size-thumbnail\" alt=\"\" \/><\/a>\n\t\t\t<\/div><\/figure><figure class='gallery-item'>\n\t\t\t<div class='gallery-icon landscape'>\n\t\t\t\t<a href='http:\/\/centralmedia.rs\/index.php\/2020\/05\/28\/asfalt-i-dom-kulture-u-donjem-vidovu\/donje-vidovo1-2\/'><img loading=\"lazy\" decoding=\"async\" width=\"150\" height=\"150\" src=\"http:\/\/centralmedia.rs\/wp-content\/uploads\/2020\/05\/donje-vidovo1-150x150.jpg\" class=\"attachment-thumbnail size-thumbnail\" alt=\"\" \/><\/a>\n\t\t\t<\/div><\/figure><figure class='gallery-item'>\n\t\t\t<div class='gallery-icon landscape'>\n\t\t\t\t<a href='http:\/\/centralmedia.rs\/index.php\/2020\/05\/28\/asfalt-i-dom-kulture-u-donjem-vidovu\/donje-vidovo2-2\/'><img loading=\"lazy\" decoding=\"async\" width=\"150\" height=\"150\" src=\"http:\/\/centralmedia.rs\/wp-content\/uploads\/2020\/05\/donje-vidovo2-150x150.jpg\" class=\"attachment-thumbnail size-thumbnail\" alt=\"\" \/><\/a>\n\t\t\t<\/div><\/figure><figure class='gallery-item'>\n\t\t\t<div class='gallery-icon landscape'>\n\t\t\t\t<a href='http:\/\/centralmedia.rs\/index.php\/2020\/05\/28\/asfalt-i-dom-kulture-u-donjem-vidovu\/donje-vidovo3-2\/'><img loading=\"lazy\" decoding=\"async\" width=\"150\" height=\"150\" src=\"http:\/\/centralmedia.rs\/wp-content\/uploads\/2020\/05\/donje-vidovo3-150x150.jpg\" class=\"attachment-thumbnail size-thumbnail\" alt=\"\" \/><\/a>\n\t\t\t<\/div><\/figure><figure class='gallery-item'>\n\t\t\t<div class='gallery-icon landscape'>\n\t\t\t\t<a href='http:\/\/centralmedia.rs\/index.php\/2020\/05\/28\/asfalt-i-dom-kulture-u-donjem-vidovu\/d-vidovo\/'><img loading=\"lazy\" decoding=\"async\" width=\"150\" height=\"150\" src=\"http:\/\/centralmedia.rs\/wp-content\/uploads\/2020\/05\/d-vidovo-150x150.jpg\" class=\"attachment-thumbnail size-thumbnail\" alt=\"\" \/><\/a>\n\t\t\t<\/div><\/figure>\n\t\t<\/div>\n\n<p>&#8211; Donje Vidovo, asfaltirane dve manje ulice u selu.Od 2000. godine do danas oko 20 ulica du\u017eine oko 9 kilometra dobilo asfalt. Poravnata je i posuta mlevenim asfaltom Juhorska ulica, na putnom pravcu prema \u010cepuru. Prethodnih dana u istoj ulici je zamenjena uli\u010dna rasveta novom led rasvetom. Poravnat je put prema groblju i delimi\u010dno je nasut mlevenim asfaltom. Paralelno sa ovim radovima radi se i fasada na Domu kulture gde je pre par meseci zamenjena drvena stolarija plasti\u010dnom, rekao je predsednik te op\u0161tine Sa\u0161a Paunovi\u0107.<\/p>\n<p>U Domu kulture predvi\u0111eno je uredjenje fasade, a zatim sledi kre\u010denje.<\/p>\n","protected":false},"excerpt":{"rendered":"<p>PARA\u0106IN- U Donjem Vidovu kod Para\u0107ina u toku su radovi na objektu Doma kulture, asfaltirane su ulice \u00a0\u0160umdijska i Carice Milice. &#8211; Donje Vidovo, asfaltirane &hellip; <\/p>\n","protected":false},"author":2,"featured_media":24090,"comment_status":"open","ping_status":"open","sticky":false,"template":"","format":"standard","meta":{"footnotes":""},"categories":[1524,2,1516,887,16,12],"tags":[3247,3893,1358,156],"_links":{"self":[{"href":"http:\/\/centralmedia.rs\/index.php\/wp-json\/wp\/v2\/posts\/24089"}],"collection":[{"href":"http:\/\/centralmedia.rs\/index.php\/wp-json\/wp\/v2\/posts"}],"about":[{"href":"http:\/\/centralmedia.rs\/index.php\/wp-json\/wp\/v2\/types\/post"}],"author":[{"embeddable":true,"href":"http:\/\/centralmedia.rs\/index.php\/wp-json\/wp\/v2\/users\/2"}],"replies":[{"embeddable":true,"href":"http:\/\/centralmedia.rs\/index.php\/wp-json\/wp\/v2\/comments?post=24089"}],"version-history":[{"count":1,"href":"http:\/\/centralmedia.rs\/index.php\/wp-json\/wp\/v2\/posts\/24089\/revisions"}],"predecessor-version":[{"id":24097,"href":"http:\/\/centralmedia.rs\/index.php\/wp-json\/wp\/v2\/posts\/24089\/revisions\/24097"}],"wp:featuredmedia":[{"embeddable":true,"href":"http:\/\/centralmedia.rs\/index.php\/wp-json\/wp\/v2\/media\/24090"}],"wp:attachment":[{"href":"http:\/\/centralmedia.rs\/index.php\/wp-json\/wp\/v2\/media?parent=24089"}],"wp:term":[{"taxonomy":"category","embeddable":true,"href":"http:\/\/centralmedia.rs\/index.php\/wp-json\/wp\/v2\/categories?post=24089"},{"taxonomy":"post_tag","embeddable":true,"href":"http:\/\/centralmedia.rs\/index.php\/wp-json\/wp\/v2\/tags?post=24089"}],"curies":[{"name":"wp","href":"https:\/\/api.w.org\/{rel}","templated":true}]}}