{"id":25052,"date":"2020-09-02T17:43:35","date_gmt":"2020-09-02T17:43:35","guid":{"rendered":"http:\/\/centralmedia.rs\/?p=25052"},"modified":"2020-09-27T16:41:25","modified_gmt":"2020-09-27T16:41:25","slug":"humanitarna-akcija-kilometri-za-miu","status":"publish","type":"post","link":"http:\/\/centralmedia.rs\/index.php\/2020\/09\/02\/humanitarna-akcija-kilometri-za-miu\/","title":{"rendered":"Humanitarna akcija ,,Kilometri za Miu\u2019\u2019"},"content":{"rendered":"<p>PARA\u0106IN- U okviru humanitarne akcije\u00a0,,Kilometri za Miu\u2019\u2019 Vladan Vugdelija \u0107e u petak, 4. septembra u 7 \u010dasova, krenuti na pe\u0161a\u010dki maraton od rodne Resavice do Para\u0107ina u cilju animiranja javnosti za prikupljanje pomo\u0107i za le\u010denje sugra\u0111anke \u00a0\u010detvorogodi\u0161nje Mie \u017diki\u0107 iz Para\u0107ina, kojoj je jedina \u0161ansa da prohoda operacija u Turskoj za koju je potrebno jo\u0161 ne\u0161to manje od 3 miliona dinara.<br \/>\n-Tako\u0111e, cilj akcije je skretanje pa\u017enje na probleme sa kojima se susre\u0107e i Mia ali na\u017ealost i stotine druge dece u Srbiji. Svako ko \u017eeli mo\u017ee da bude deo ove akcije, bilo slanjem SMS poruke sa tekstom 608 na broj 3030 bilo uplatom donacije na ra\u010dun Fondacije \u2018\u2019Budi human\u2019\u2019 \u010dime \u0107e simboli\u010dno kupiti kilometre ovog maratona, ali ono \u0161to je jedino bitno, svaka ova poruka i donacija zna\u010di\u0107e da je Mia korak bli\u017ee detinjstvu i \u017eivotu kakav zaslu\u017euje. Ovo \u0107e za mene biti samo pe\u0161a\u010denje, ali za Miu je svaki dan trka sa vremenom jer za svaki dan i mesec za koji se prolongira operacija, smanjuju se \u0161anse za ista ima efekte kakvi se od nje o\u010dekuju. Svakog dana, \u0161to na televiziji a pogotovo na dru\u0161tvenom mre\u017eama vidimo na desetine apela za pomo\u0107 u le\u010denju i na\u017ealost, uglavnom se radi o bolesnoj deci i verujem da nema nikoga koga sve te pri\u010de nisu dotakle, pogotovo nekoga ko makar na trenutak poku\u0161a da se stavi u poziciju te dece i njihovih roditelja. Zamislite da od ro\u0111enja \u017eivite u bolnici, da su vam drugari lekari i medicinske sestre a ne va\u0161i vr\u0161njaci, da nikad niste hodali, potr\u010dali, \u0161utnuli loptu, sve one stvari koje mi uzimamo zdravo za gotovo. Sva ova deca i njihovi roditelji su istinski heroji i kao takvi ne smeju ostati zaboravljeni, napisao je Vugdelija.<\/p>\n","protected":false},"excerpt":{"rendered":"<p>PARA\u0106IN- U okviru humanitarne akcije\u00a0,,Kilometri za Miu\u2019\u2019 Vladan Vugdelija \u0107e u petak, 4. septembra u 7 \u010dasova, krenuti na pe\u0161a\u010dki maraton od rodne Resavice do &hellip; <\/p>\n","protected":false},"author":2,"featured_media":25053,"comment_status":"open","ping_status":"open","sticky":false,"template":"","format":"standard","meta":{"footnotes":""},"categories":[14,1524,2,1516,887,12],"tags":[4843,156,4842,53],"_links":{"self":[{"href":"http:\/\/centralmedia.rs\/index.php\/wp-json\/wp\/v2\/posts\/25052"}],"collection":[{"href":"http:\/\/centralmedia.rs\/index.php\/wp-json\/wp\/v2\/posts"}],"about":[{"href":"http:\/\/centralmedia.rs\/index.php\/wp-json\/wp\/v2\/types\/post"}],"author":[{"embeddable":true,"href":"http:\/\/centralmedia.rs\/index.php\/wp-json\/wp\/v2\/users\/2"}],"replies":[{"embeddable":true,"href":"http:\/\/centralmedia.rs\/index.php\/wp-json\/wp\/v2\/comments?post=25052"}],"version-history":[{"count":1,"href":"http:\/\/centralmedia.rs\/index.php\/wp-json\/wp\/v2\/posts\/25052\/revisions"}],"predecessor-version":[{"id":25054,"href":"http:\/\/centralmedia.rs\/index.php\/wp-json\/wp\/v2\/posts\/25052\/revisions\/25054"}],"wp:featuredmedia":[{"embeddable":true,"href":"http:\/\/centralmedia.rs\/index.php\/wp-json\/wp\/v2\/media\/25053"}],"wp:attachment":[{"href":"http:\/\/centralmedia.rs\/index.php\/wp-json\/wp\/v2\/media?parent=25052"}],"wp:term":[{"taxonomy":"category","embeddable":true,"href":"http:\/\/centralmedia.rs\/index.php\/wp-json\/wp\/v2\/categories?post=25052"},{"taxonomy":"post_tag","embeddable":true,"href":"http:\/\/centralmedia.rs\/index.php\/wp-json\/wp\/v2\/tags?post=25052"}],"curies":[{"name":"wp","href":"https:\/\/api.w.org\/{rel}","templated":true}]}}