{"id":25252,"date":"2020-10-07T20:19:52","date_gmt":"2020-10-07T20:19:52","guid":{"rendered":"http:\/\/centralmedia.rs\/?p=25252"},"modified":"2020-10-13T07:40:17","modified_gmt":"2020-10-13T07:40:17","slug":"mural-dragoslavu-mihailovicu-u-cupriji","status":"publish","type":"post","link":"http:\/\/centralmedia.rs\/index.php\/2020\/10\/07\/mural-dragoslavu-mihailovicu-u-cupriji\/","title":{"rendered":"MURAL DRAGOSLAVU MIHAILOVI\u0106U U \u0106UPRIJI"},"content":{"rendered":"<p>\u0106UPRIJA- Knji\u017eevnik Dragoslav Mihailovi\u0107 13. oktobra dobi\u0107e mural u svom rodnom gradu \u0106upriji. Autor murala je umetnica Marija Radosavljevi\u0107 Komarac iz Para\u0107in, koja je do sada uradila vi\u0161e desetina murala.<\/p>\n<div id='gallery-1' class='gallery galleryid-25252 gallery-columns-3 gallery-size-thumbnail'><figure class='gallery-item'>\n\t\t\t<div class='gallery-icon portrait'>\n\t\t\t\t<a href='http:\/\/centralmedia.rs\/index.php\/2020\/10\/07\/mural-dragoslavu-mihailovicu-u-cupriji\/komarac-2\/'><img loading=\"lazy\" decoding=\"async\" width=\"150\" height=\"150\" src=\"http:\/\/centralmedia.rs\/wp-content\/uploads\/2020\/10\/komarac-150x150.jpg\" class=\"attachment-thumbnail size-thumbnail\" alt=\"\" \/><\/a>\n\t\t\t<\/div><\/figure><figure class='gallery-item'>\n\t\t\t<div class='gallery-icon portrait'>\n\t\t\t\t<a href='http:\/\/centralmedia.rs\/index.php\/2020\/10\/07\/mural-dragoslavu-mihailovicu-u-cupriji\/komarac1\/'><img loading=\"lazy\" decoding=\"async\" width=\"150\" height=\"150\" src=\"http:\/\/centralmedia.rs\/wp-content\/uploads\/2020\/10\/komarac1-150x150.jpg\" class=\"attachment-thumbnail size-thumbnail\" alt=\"\" \/><\/a>\n\t\t\t<\/div><\/figure><figure class='gallery-item'>\n\t\t\t<div class='gallery-icon landscape'>\n\t\t\t\t<a href='http:\/\/centralmedia.rs\/index.php\/2020\/10\/07\/mural-dragoslavu-mihailovicu-u-cupriji\/mihailovic-2\/'><img loading=\"lazy\" decoding=\"async\" width=\"150\" height=\"150\" src=\"http:\/\/centralmedia.rs\/wp-content\/uploads\/2020\/10\/mihailovic-150x150.jpg\" class=\"attachment-thumbnail size-thumbnail\" alt=\"\" \/><\/a>\n\t\t\t<\/div><\/figure>\n\t\t<\/div>\n\n<p>-Slikam pisca zbog koga sam jo\u0161 u srednjoj \u0161koli potpuno promenio moj odnos prema knji\u017eevnosti. Fokusirana sam da uhvatim karakter osobe koju radim i to je najbitnije. Ostali propratni elementi eskaliraju dok se skica sre\u0111uje, pri\u010da Marija koju \u0106upri\u010dani svakodveno mogu da vide na skeli kako dovr\u0161ava mural.<\/p>\n<p>Otkrivanju murala prisustvova\u0107e Mihaliovi\u0107, a to je drugo mural sa njegovim likom u \u0106upriji.<\/p>\n","protected":false},"excerpt":{"rendered":"<p>\u0106UPRIJA- Knji\u017eevnik Dragoslav Mihailovi\u0107 13. oktobra dobi\u0107e mural u svom rodnom gradu \u0106upriji. Autor murala je umetnica Marija Radosavljevi\u0107 Komarac iz Para\u0107in, koja je do &hellip; <\/p>\n","protected":false},"author":2,"featured_media":25253,"comment_status":"open","ping_status":"open","sticky":false,"template":"","format":"standard","meta":{"footnotes":""},"categories":[1524,2,15,12],"tags":[44,1698,3773],"_links":{"self":[{"href":"http:\/\/centralmedia.rs\/index.php\/wp-json\/wp\/v2\/posts\/25252"}],"collection":[{"href":"http:\/\/centralmedia.rs\/index.php\/wp-json\/wp\/v2\/posts"}],"about":[{"href":"http:\/\/centralmedia.rs\/index.php\/wp-json\/wp\/v2\/types\/post"}],"author":[{"embeddable":true,"href":"http:\/\/centralmedia.rs\/index.php\/wp-json\/wp\/v2\/users\/2"}],"replies":[{"embeddable":true,"href":"http:\/\/centralmedia.rs\/index.php\/wp-json\/wp\/v2\/comments?post=25252"}],"version-history":[{"count":1,"href":"http:\/\/centralmedia.rs\/index.php\/wp-json\/wp\/v2\/posts\/25252\/revisions"}],"predecessor-version":[{"id":25256,"href":"http:\/\/centralmedia.rs\/index.php\/wp-json\/wp\/v2\/posts\/25252\/revisions\/25256"}],"wp:featuredmedia":[{"embeddable":true,"href":"http:\/\/centralmedia.rs\/index.php\/wp-json\/wp\/v2\/media\/25253"}],"wp:attachment":[{"href":"http:\/\/centralmedia.rs\/index.php\/wp-json\/wp\/v2\/media?parent=25252"}],"wp:term":[{"taxonomy":"category","embeddable":true,"href":"http:\/\/centralmedia.rs\/index.php\/wp-json\/wp\/v2\/categories?post=25252"},{"taxonomy":"post_tag","embeddable":true,"href":"http:\/\/centralmedia.rs\/index.php\/wp-json\/wp\/v2\/tags?post=25252"}],"curies":[{"name":"wp","href":"https:\/\/api.w.org\/{rel}","templated":true}]}}