{"id":2690,"date":"2016-04-12T21:48:12","date_gmt":"2016-04-12T21:48:12","guid":{"rendered":"http:\/\/centralmedia.rs\/?p=2690"},"modified":"2017-01-20T02:31:18","modified_gmt":"2017-01-20T02:31:18","slug":"obradovic-cilj-sps-15-procenata-glasova-60-poslanika","status":"publish","type":"post","link":"http:\/\/centralmedia.rs\/index.php\/2016\/04\/12\/obradovic-cilj-sps-15-procenata-glasova-60-poslanika\/","title":{"rendered":"OBRADOVI\u0106-CILJ SPS 15 PROCENATA GLASOVA I 60 POSLANIKA"},"content":{"rendered":"<p>REKOVAC-Potpredsednik SPS \u017darko Obradovi\u0107 izjavio je ve\u010deras u Rekovcu da je cilj SPS da dobije podr\u0161ku 15 odsto bira\u010da i osvoji 60 poslani\u010dkih mandata, odnosno da SPS bude ubedljivo druga partija na izborima, a posle ,,bo\u017ee moj\u201c.<a href=\"https:\/\/centralmedia.rs\/wp-content\/uploads\/2016\/04\/sps-obradovic-rekovac-g.j..jpg\" rel=\"attachment wp-att-2692\"><img loading=\"lazy\" decoding=\"async\" class=\"alignnone size-medium wp-image-2692\" src=\"https:\/\/centralmedia.rs\/wp-content\/uploads\/2016\/04\/sps-obradovic-rekovac-g.j.-300x194.jpg\" alt=\"sps obradovic-rekovac-g.j.\" width=\"300\" height=\"194\" srcset=\"http:\/\/centralmedia.rs\/wp-content\/uploads\/2016\/04\/sps-obradovic-rekovac-g.j.-300x194.jpg 300w, http:\/\/centralmedia.rs\/wp-content\/uploads\/2016\/04\/sps-obradovic-rekovac-g.j.-768x495.jpg 768w, http:\/\/centralmedia.rs\/wp-content\/uploads\/2016\/04\/sps-obradovic-rekovac-g.j..jpg 930w\" sizes=\"(max-width: 300px) 100vw, 300px\" \/><\/a><br \/>\n-Imamo strate\u0161ki cilj da nas bude najmanje 60 poslanika u parlamentu Srbije, jer je to jedina garancija da \u0107emo mo\u0107i da na\u0161e ideje i programe preto\u010dimo u zakone. U zavisnosti od broja poslanika mogu\u0107a je realizacija na\u0161eg programa. Ostale politi\u010dke stranke za nas su politi\u010dki protivnici, a ne neprijatelji. Prema njima se ophodimo sa po\u0161tovanjem, ali svakog od njih u korektonoj i po\u0161tenoj izbornoj utakmici \u017eelimo da pobedimo. Cilj je da svuda i uvek budemo prvi, mislimo da smo najbolji, rekao je Obradovi\u0107 obra\u0107aju\u0107i se pristalicama SPS, koji su do poslednjeg mesta ispunili salu Doma kulture.<br \/>\nPrvi na listi SPS za lokalne izbore u Rekovcu i kandidat za predsednika op\u0161tine Predrag \u0110or\u0111evi\u0107 predstavljaju\u0107i izborni program najavio je pokretanje i sprovo\u0111enje gra\u0111anske peticije za vra\u0107anje Op\u0161tinskog suda u Rekovcu.<a href=\"https:\/\/centralmedia.rs\/wp-content\/uploads\/2016\/04\/sps-rekovac-2-rekovac-g.j..jpg\" rel=\"attachment wp-att-2693\"><img loading=\"lazy\" decoding=\"async\" class=\"alignnone size-medium wp-image-2693\" src=\"https:\/\/centralmedia.rs\/wp-content\/uploads\/2016\/04\/sps-rekovac-2-rekovac-g.j.-300x173.jpg\" alt=\"sps rekovac 2-rekovac-g.j.\" width=\"300\" height=\"173\" srcset=\"http:\/\/centralmedia.rs\/wp-content\/uploads\/2016\/04\/sps-rekovac-2-rekovac-g.j.-300x173.jpg 300w, http:\/\/centralmedia.rs\/wp-content\/uploads\/2016\/04\/sps-rekovac-2-rekovac-g.j.-768x442.jpg 768w, http:\/\/centralmedia.rs\/wp-content\/uploads\/2016\/04\/sps-rekovac-2-rekovac-g.j.-1024x589.jpg 1024w, http:\/\/centralmedia.rs\/wp-content\/uploads\/2016\/04\/sps-rekovac-2-rekovac-g.j..jpg 1043w\" sizes=\"(max-width: 300px) 100vw, 300px\" \/><\/a><br \/>\n-Rezultati na\u0161eg rada sa koalicionim partnerima pokazuju da razumemo potrebe gra\u0111ana i lokalne samouprave, a ne kako na\u0161i politi\u010dki protivnici smatraju da su izbori prilika da se do\u010depaju privilegija i fotelja. Na\u0161 program je nastavak stabilizacije bud\u017eeta op\u0161tine, zadr\u017eavanje mladih i stru\u010dnih ljudi,ekonomski oporavak nosilaca razvoja. Cilj nam je da od korisnika socijalne pomo\u0107i do\u0111emo do poreskih obveznika. Subvencije maloj privredi i poljoprivredi, ulaganje u \u0161kolstvo, modernizacija prevoza putnika, pobolj\u0161anje komunalnih usluga, o\u017eivljavanje kamenoloma Dra\u010da, vi\u0161i nivo usluga op\u0161tinske administracije su deo na\u0161eg programa isti\u010de \u0110or\u0111evi\u0107 i dodaje da je od vitalnog zna\u010daja nastavak u\u010de\u0161\u0107a u izgradnji regionalnog vodovoda, izrada projekta akumulacije na reci Dulenci, priprema dokumentacije za eksploataciju kvarcnog peska u Velikoj Kru\u0161evici, ure\u0111enje putne mre\u017ee, postavljanje opti\u010dkog kabla, osnivanje zadruga i drugih organizacija. <a href=\"https:\/\/centralmedia.rs\/wp-content\/uploads\/2016\/04\/sps-rekovac-rekovac-g.j..jpg\" rel=\"attachment wp-att-2694\"><img loading=\"lazy\" decoding=\"async\" class=\"alignnone size-medium wp-image-2694\" src=\"https:\/\/centralmedia.rs\/wp-content\/uploads\/2016\/04\/sps-rekovac-rekovac-g.j.-300x188.jpg\" alt=\"sps rekovac-rekovac-g.j.\" width=\"300\" height=\"188\" srcset=\"http:\/\/centralmedia.rs\/wp-content\/uploads\/2016\/04\/sps-rekovac-rekovac-g.j.-300x188.jpg 300w, http:\/\/centralmedia.rs\/wp-content\/uploads\/2016\/04\/sps-rekovac-rekovac-g.j.-768x481.jpg 768w, http:\/\/centralmedia.rs\/wp-content\/uploads\/2016\/04\/sps-rekovac-rekovac-g.j.-1024x641.jpg 1024w, http:\/\/centralmedia.rs\/wp-content\/uploads\/2016\/04\/sps-rekovac-rekovac-g.j..jpg 1200w\" sizes=\"(max-width: 300px) 100vw, 300px\" \/><\/a><br \/>\n&#8211; Stipendiranje u\u010denika i studenata, stru\u010dnoj praksi i besplatan prevoz u\u010denika, pomo\u0107 porodiljama, novosklopljenim brakovima, merama za samozapo\u0161ljavanje, pomo\u0107 starima i obolelima do retkih bosleti. Potrebno je inicirati projekat nastavka izgradnje puta \u0160ljivica-Kraljevo, pu\u0161tanje u rad postrojenje za pre\u010di\u0161\u0107avanje otpadnih voda, vodovod u Kaleni\u0107u, realizacija projekta otvorenih sportskih terena, rekao je \u0110or\u0111evi\u0107 predstavljaju\u0107i program.<a href=\"https:\/\/centralmedia.rs\/wp-content\/uploads\/2016\/04\/sps-rekovac-4-rekovac-g.j..jpg\" rel=\"attachment wp-att-2695\"><img loading=\"lazy\" decoding=\"async\" class=\"alignnone size-medium wp-image-2695\" src=\"https:\/\/centralmedia.rs\/wp-content\/uploads\/2016\/04\/sps-rekovac-4-rekovac-g.j.-300x150.jpg\" alt=\"sps rekovac 4-rekovac-g.j.\" width=\"300\" height=\"150\" srcset=\"http:\/\/centralmedia.rs\/wp-content\/uploads\/2016\/04\/sps-rekovac-4-rekovac-g.j.-300x150.jpg 300w, http:\/\/centralmedia.rs\/wp-content\/uploads\/2016\/04\/sps-rekovac-4-rekovac-g.j.-768x384.jpg 768w, http:\/\/centralmedia.rs\/wp-content\/uploads\/2016\/04\/sps-rekovac-4-rekovac-g.j.-1024x512.jpg 1024w, http:\/\/centralmedia.rs\/wp-content\/uploads\/2016\/04\/sps-rekovac-4-rekovac-g.j..jpg 1200w\" sizes=\"(max-width: 300px) 100vw, 300px\" \/><\/a><br \/>\nLista Ivica Da\u010di\u0107 \u2013SPS je pod brojem 1 na lokalnim izborima u Rekovcu. Konvencija SPS u Rekovcu po\u010dela je \u0161etnjom nekoliko stotina Socijalista ulicama Rekovca.<\/p>\n<p>&nbsp;<\/p>\n<p><strong><em><a href=\"https:\/\/centralmedia.rs\/wp-content\/uploads\/2016\/12\/grb.jpg\"><img loading=\"lazy\" decoding=\"async\" class=\"aligncenter size-medium wp-image-6520\" src=\"https:\/\/centralmedia.rs\/wp-content\/uploads\/2016\/12\/grb-210x300.jpg\" alt=\"\" width=\"210\" height=\"300\" srcset=\"http:\/\/centralmedia.rs\/wp-content\/uploads\/2016\/12\/grb-210x300.jpg 210w, http:\/\/centralmedia.rs\/wp-content\/uploads\/2016\/12\/grb.jpg 276w\" sizes=\"(max-width: 210px) 100vw, 210px\" \/><\/a>Pozitivni primeri Razglednica iz Rekovca \u2013 Projekat se realizuje uz pomo\u0107 sredstava iz bud\u017eeta Op\u0161tine Rekovac.<\/em><\/strong><\/p>\n","protected":false},"excerpt":{"rendered":"<p>REKOVAC-Potpredsednik SPS \u017darko Obradovi\u0107 izjavio je ve\u010deras u Rekovcu da je cilj SPS da dobije podr\u0161ku 15 odsto bira\u010da i osvoji 60 poslani\u010dkih mandata, odnosno &hellip; <\/p>\n","protected":false},"author":4,"featured_media":2691,"comment_status":"open","ping_status":"open","sticky":false,"template":"","format":"standard","meta":{"footnotes":""},"categories":[1524,2,13,887,1519,12],"tags":[698,697,441,406],"_links":{"self":[{"href":"http:\/\/centralmedia.rs\/index.php\/wp-json\/wp\/v2\/posts\/2690"}],"collection":[{"href":"http:\/\/centralmedia.rs\/index.php\/wp-json\/wp\/v2\/posts"}],"about":[{"href":"http:\/\/centralmedia.rs\/index.php\/wp-json\/wp\/v2\/types\/post"}],"author":[{"embeddable":true,"href":"http:\/\/centralmedia.rs\/index.php\/wp-json\/wp\/v2\/users\/4"}],"replies":[{"embeddable":true,"href":"http:\/\/centralmedia.rs\/index.php\/wp-json\/wp\/v2\/comments?post=2690"}],"version-history":[{"count":0,"href":"http:\/\/centralmedia.rs\/index.php\/wp-json\/wp\/v2\/posts\/2690\/revisions"}],"wp:featuredmedia":[{"embeddable":true,"href":"http:\/\/centralmedia.rs\/index.php\/wp-json\/wp\/v2\/media\/2691"}],"wp:attachment":[{"href":"http:\/\/centralmedia.rs\/index.php\/wp-json\/wp\/v2\/media?parent=2690"}],"wp:term":[{"taxonomy":"category","embeddable":true,"href":"http:\/\/centralmedia.rs\/index.php\/wp-json\/wp\/v2\/categories?post=2690"},{"taxonomy":"post_tag","embeddable":true,"href":"http:\/\/centralmedia.rs\/index.php\/wp-json\/wp\/v2\/tags?post=2690"}],"curies":[{"name":"wp","href":"https:\/\/api.w.org\/{rel}","templated":true}]}}