{"id":28050,"date":"2021-08-25T15:16:43","date_gmt":"2021-08-25T13:16:43","guid":{"rendered":"http:\/\/centralmedia.rs\/?p=28050"},"modified":"2022-01-04T18:09:46","modified_gmt":"2022-01-04T17:09:46","slug":"palma-vodi-1-000-poljoprivrednika-iz-35-gradova-i-opstina-srbije-u-grcku","status":"publish","type":"post","link":"http:\/\/centralmedia.rs\/index.php\/2021\/08\/25\/palma-vodi-1-000-poljoprivrednika-iz-35-gradova-i-opstina-srbije-u-grcku\/","title":{"rendered":"PALMA VODI 1.000 POLJOPRIVREDNIKA IZ 35 GRADOVA I OP\u0160TINA SRBIJE U GR\u010cKU"},"content":{"rendered":"<p>JAGODINA- U organizaciji Grada Jagodina od 27. avgusta do 1. septembra 1.000 poljoprivrednika iz Srbije boravi\u0107e regiji Pijerija u Gr\u010dkoj.<\/p>\n<p>-Ovako organizovano putovanje nije ni\u0161ta novo za Jagodince, ali prvi put vodimo poljoprivrednike iz 35 gradova i op\u0161tina Srbije, njih ukupno 1.000. Za svako putovanje do sada, koje organizuje grad Jagodina, obezbe\u0111ivali smo donatore, za ovo putovanje donator je Jedinstvena Srbija sa ve\u0107im procentom, a obezbedili smo i jedan manji broj donatora koji \u0107e nam pomo\u0107i da ovo putovanje realizujemo. 60 posto poljoprivrednika koji idu na put su iz Jagodine, a 40 posto iz jo\u0161 35 gradova i op\u0161tina Srbije. Oni \u0107e od 27. avgusta do 1. septembra boraviti u gr\u010dkoj regiji Pierija, u Paraliji i tamo \u0107e obi\u0107i njihove kolege koje proizvode povr\u0107e u staklenicima, kao i jednu proizvodnju sto\u010dne hrane, rekao je na dana\u0161njoj konferenciji za novinare predsednik Jedinstvene Srbije i Skup\u0161tine grada Jagodine Dragan Markovi\u0107 Palma.<\/p>\n<div id='gallery-1' class='gallery galleryid-28050 gallery-columns-3 gallery-size-thumbnail'><figure class='gallery-item'>\n\t\t\t<div class='gallery-icon landscape'>\n\t\t\t\t<a href='http:\/\/centralmedia.rs\/index.php\/2021\/08\/25\/palma-vodi-1-000-poljoprivrednika-iz-35-gradova-i-opstina-srbije-u-grcku\/palma1-5\/'><img loading=\"lazy\" decoding=\"async\" width=\"150\" height=\"150\" src=\"http:\/\/centralmedia.rs\/wp-content\/uploads\/2021\/08\/PALMA1-150x150.jpg\" class=\"attachment-thumbnail size-thumbnail\" alt=\"\" \/><\/a>\n\t\t\t<\/div><\/figure><figure class='gallery-item'>\n\t\t\t<div class='gallery-icon landscape'>\n\t\t\t\t<a href='http:\/\/centralmedia.rs\/index.php\/2021\/08\/25\/palma-vodi-1-000-poljoprivrednika-iz-35-gradova-i-opstina-srbije-u-grcku\/palma2-4\/'><img loading=\"lazy\" decoding=\"async\" width=\"150\" height=\"150\" src=\"http:\/\/centralmedia.rs\/wp-content\/uploads\/2021\/08\/PALMA2-150x150.jpg\" class=\"attachment-thumbnail size-thumbnail\" alt=\"\" \/><\/a>\n\t\t\t<\/div><\/figure><figure class='gallery-item'>\n\t\t\t<div class='gallery-icon landscape'>\n\t\t\t\t<a href='http:\/\/centralmedia.rs\/index.php\/2021\/08\/25\/palma-vodi-1-000-poljoprivrednika-iz-35-gradova-i-opstina-srbije-u-grcku\/palma3-3\/'><img loading=\"lazy\" decoding=\"async\" width=\"150\" height=\"150\" src=\"http:\/\/centralmedia.rs\/wp-content\/uploads\/2021\/08\/PALMA3-150x150.jpg\" class=\"attachment-thumbnail size-thumbnail\" alt=\"\" \/><\/a>\n\t\t\t<\/div><\/figure>\n\t\t<\/div>\n\n<p>-Za ovo putovanje saglasnost je dao predsednik Srbije Aleksandar Vu\u010di\u0107. Jedinstvena Srbija, koja je glavni donator novog putovanja, dobija mese\u010dno odre\u0111enu cifru para iz bud\u017eeta kao parlamentarna stranka i mi smo hteli da na najdirektniji na\u010din vratimo te pare onima koji pune bud\u017eet Republike Srbije. Nismo od tih para kupovali automobile, nismo hteli da \u010duvamo te pare za izbornu kampanju, da kupujemo ka\u010dkete, olovke i upalja\u010de, ve\u0107 da poljoprivrednici, koji do sada nisu putovali, obi\u0111u nekoliko gazdinstava u Gr\u010dkoj, u dr\u017eavi \u010dlanici Evropske unije i da vide da tamo ne te\u010de med i mleko, rekao je Markovi\u0107.<\/p>\n<p>-Ono \u0161to je za nas iznena\u0111enje je da veliki broj putnika koji idu na ovo putovanje nije vakcinisan. Na\u0161i poljoprivrednici vole da ka\u017eu kako su najbolji lek beli luk, slanina i rakija dunja ili \u0161ljiva, ali u slu\u010daju korone to nije tako i ja bih zamolio sve, ne samo poljorpivredne prizvo\u0111a\u010de, nego sve gra\u0111ane Srbije koji to nisu, da se vakcini\u0161u kako bi pomogli sebi, svojoj porodici, kom\u0161ijama, prijateljima, kolegama na poslu, a to se posebno odnosi na prosvetne radnike zbog dece u \u0161kolama, vaspita\u010de u vrti\u0107ima i zdravstvene radnike, rekao je Markovi\u0107.<\/p>\n<p>O\u010cEKUJEM POVE\u0106ANJE STO\u010cNOG FONDA U SRBIJI I ZADR\u017dAVANJE PORODICA NA SELU<\/p>\n<p>-Poljoprivredni proizvo\u0111a\u010d nema ni bolovanje, ni regres, ni topli obrok, ni godi\u0161nji odmor, sve sam mora da zaradi i zato vodimo poljoprivredne proizvo\u0111a\u010de na ovo putovanje. U Gr\u010dkoj, kao i u celoj Evropskoj uniji postoje kvote i ne mo\u017ee\u0161 ti da proizvodi\u0161 \u0161ta i koliko ho\u0107e\u0161. Srbija nema kvote, ali ima veliku konkurenciju uvoza zbog CEFTA sporazuma koji je potpisan jo\u0161 2006. godine. To je biv\u0161a vlast potpisala i danas to ne mo\u017eemo da poni\u0161timo i ne mo\u017eemo da zabranimo uvoz, ali mo\u017eemo da uti\u010demo da veliki marketi imaju proritet kupovine na\u0161ih poljoprivrednih proizvoda, jer Srbija ima najbolje i najzdravije poljoprivredne proizvode, od mesa do vo\u0107a i povr\u0107a. Da ne jedemo meso vi\u0161e godina zamrznuto iz uvoza i ostalu uvoznu robu punu hemije. Ta uvozna konkurencija je nezdrava i uni\u0161tava na\u0161eg poljoprivrednika. Ono \u0161to je dobra vest je da \u0107e u Srbiji biti pove\u0107ane premije za mleko i dr\u017eava se dobro bori jer su pove\u0107ane subvencije za poljoprivredne proizvo\u0111a\u010de. I moramo da gledamo kako da jo\u0161 pomognemo poljoprivredne proizvo\u0111a\u010de. Dr\u017eava ne mo\u017ee da diktira cenu poljoprivrednih proizvoda, to diktira berza, kao \u0161to je u su\u010daju \u017eita, ali mo\u017eemo da uti\u010demo na to da najve\u0107u korist imaju proizvo\u0111a\u010di, a ne nakupci. Ja o\u010dekujem da se pove\u0107a sto\u010dni fond u Srbiji i da se mladi, odnosno cele porodice zadr\u017ee na selu, a to je mogu\u0107e samo ako postoji ra\u010dunica, kazao je Markovi\u0107. Na dana\u0161njoj konferenciji govorili su i poljoprivrednici, Gordana Mom\u010dilovi\u0107 iz Dragocveta, Marina Mladenovi\u0107 iz Kolara, Miodrag Milovanov\u0107 iz Duboke, Jovica Savi\u0107 iz Bresja, Stefan Stani\u0161i\u0107 iz Glogovca i Miroljub Milutinovi\u0107 iz Dra\u017emirovca, koji su se zahvalili gradu Jagodini na svoj pomo\u0107i i pa\u017enji koju pru\u017ea selu i poljoprivrednicima. Konferenciji za novinare koja je odr\u017eana u Skup\u0161tini grada Jagodine prisustvovali su i gradona\u010delnik Jagodine Ratko Stevanovi\u0107 i na\u010delnik Pomoravskog okruga Goran Milosavljevi\u0107.<\/p>\n","protected":false},"excerpt":{"rendered":"<p>JAGODINA- U organizaciji Grada Jagodina od 27. avgusta do 1. septembra 1.000 poljoprivrednika iz Srbije boravi\u0107e regiji Pijerija u Gr\u010dkoj. -Ovako organizovano putovanje nije ni\u0161ta &hellip; <\/p>\n","protected":false},"author":2,"featured_media":28051,"comment_status":"open","ping_status":"open","sticky":false,"template":"","format":"standard","meta":{"footnotes":""},"categories":[1524,2,1514,5643,13,887,12],"tags":[842,120,5183,3534],"_links":{"self":[{"href":"http:\/\/centralmedia.rs\/index.php\/wp-json\/wp\/v2\/posts\/28050"}],"collection":[{"href":"http:\/\/centralmedia.rs\/index.php\/wp-json\/wp\/v2\/posts"}],"about":[{"href":"http:\/\/centralmedia.rs\/index.php\/wp-json\/wp\/v2\/types\/post"}],"author":[{"embeddable":true,"href":"http:\/\/centralmedia.rs\/index.php\/wp-json\/wp\/v2\/users\/2"}],"replies":[{"embeddable":true,"href":"http:\/\/centralmedia.rs\/index.php\/wp-json\/wp\/v2\/comments?post=28050"}],"version-history":[{"count":1,"href":"http:\/\/centralmedia.rs\/index.php\/wp-json\/wp\/v2\/posts\/28050\/revisions"}],"predecessor-version":[{"id":28055,"href":"http:\/\/centralmedia.rs\/index.php\/wp-json\/wp\/v2\/posts\/28050\/revisions\/28055"}],"wp:featuredmedia":[{"embeddable":true,"href":"http:\/\/centralmedia.rs\/index.php\/wp-json\/wp\/v2\/media\/28051"}],"wp:attachment":[{"href":"http:\/\/centralmedia.rs\/index.php\/wp-json\/wp\/v2\/media?parent=28050"}],"wp:term":[{"taxonomy":"category","embeddable":true,"href":"http:\/\/centralmedia.rs\/index.php\/wp-json\/wp\/v2\/categories?post=28050"},{"taxonomy":"post_tag","embeddable":true,"href":"http:\/\/centralmedia.rs\/index.php\/wp-json\/wp\/v2\/tags?post=28050"}],"curies":[{"name":"wp","href":"https:\/\/api.w.org\/{rel}","templated":true}]}}