{"id":30571,"date":"2022-03-04T15:05:21","date_gmt":"2022-03-04T14:05:21","guid":{"rendered":"http:\/\/centralmedia.rs\/?p=30571"},"modified":"2022-03-14T20:37:34","modified_gmt":"2022-03-14T19:37:34","slug":"koalicija-sps-jedinstvena-srbija-zs-u-jagodinskim-selima-foto","status":"publish","type":"post","link":"http:\/\/centralmedia.rs\/index.php\/2022\/03\/04\/koalicija-sps-jedinstvena-srbija-zs-u-jagodinskim-selima-foto\/","title":{"rendered":"KOALICIJA SPS-JEDINSTVENA SRBIJA-ZS U JAGODINSKIM SELIMA (foto)"},"content":{"rendered":"<p>JAGODINA-Koalicija SPS-Jedinstvena Srbija-ZS, \u010dija parlamentarna lista nosi naziv ,,Ivica Da\u010di\u0107-premijer Srbije\u201d, odr\u017eava tribine u jagodinskim selima.<\/p>\n<div id='gallery-1' class='gallery galleryid-30571 gallery-columns-7 gallery-size-thumbnail'><figure class='gallery-item'>\n\t\t\t<div class='gallery-icon landscape'>\n\t\t\t\t<a href='http:\/\/centralmedia.rs\/tribine-3\/'><img loading=\"lazy\" decoding=\"async\" width=\"150\" height=\"150\" src=\"http:\/\/centralmedia.rs\/wp-content\/uploads\/2022\/03\/tribine-3-150x150.jpg\" class=\"attachment-thumbnail size-thumbnail\" alt=\"\" \/><\/a>\n\t\t\t<\/div><\/figure><figure class='gallery-item'>\n\t\t\t<div class='gallery-icon landscape'>\n\t\t\t\t<a href='http:\/\/centralmedia.rs\/tribine-4\/'><img loading=\"lazy\" decoding=\"async\" width=\"150\" height=\"150\" src=\"http:\/\/centralmedia.rs\/wp-content\/uploads\/2022\/03\/tribine-4-150x150.jpg\" class=\"attachment-thumbnail size-thumbnail\" alt=\"\" \/><\/a>\n\t\t\t<\/div><\/figure><figure class='gallery-item'>\n\t\t\t<div class='gallery-icon landscape'>\n\t\t\t\t<a href='http:\/\/centralmedia.rs\/tribine-7\/'><img loading=\"lazy\" decoding=\"async\" width=\"150\" height=\"150\" src=\"http:\/\/centralmedia.rs\/wp-content\/uploads\/2022\/03\/tribine-7-150x150.jpg\" class=\"attachment-thumbnail size-thumbnail\" alt=\"\" \/><\/a>\n\t\t\t<\/div><\/figure><figure class='gallery-item'>\n\t\t\t<div class='gallery-icon landscape'>\n\t\t\t\t<a href='http:\/\/centralmedia.rs\/tribine-8\/'><img loading=\"lazy\" decoding=\"async\" width=\"150\" height=\"150\" src=\"http:\/\/centralmedia.rs\/wp-content\/uploads\/2022\/03\/tribine-8-150x150.jpg\" class=\"attachment-thumbnail size-thumbnail\" alt=\"\" \/><\/a>\n\t\t\t<\/div><\/figure><figure class='gallery-item'>\n\t\t\t<div class='gallery-icon landscape'>\n\t\t\t\t<a href='http:\/\/centralmedia.rs\/tribine-20\/'><img loading=\"lazy\" decoding=\"async\" width=\"150\" height=\"150\" src=\"http:\/\/centralmedia.rs\/wp-content\/uploads\/2022\/03\/tribine-20-150x150.jpg\" class=\"attachment-thumbnail size-thumbnail\" alt=\"\" \/><\/a>\n\t\t\t<\/div><\/figure><figure class='gallery-item'>\n\t\t\t<div class='gallery-icon landscape'>\n\t\t\t\t<a href='http:\/\/centralmedia.rs\/tribine\/'><img loading=\"lazy\" decoding=\"async\" width=\"150\" height=\"150\" src=\"http:\/\/centralmedia.rs\/wp-content\/uploads\/2022\/03\/TRIBINE-150x150.jpg\" class=\"attachment-thumbnail size-thumbnail\" alt=\"\" \/><\/a>\n\t\t\t<\/div><\/figure><figure class='gallery-item'>\n\t\t\t<div class='gallery-icon landscape'>\n\t\t\t\t<a href='http:\/\/centralmedia.rs\/tribine1\/'><img loading=\"lazy\" decoding=\"async\" width=\"150\" height=\"150\" src=\"http:\/\/centralmedia.rs\/wp-content\/uploads\/2022\/03\/tribine1-150x150.jpg\" class=\"attachment-thumbnail size-thumbnail\" alt=\"\" \/><\/a>\n\t\t\t<\/div><\/figure>\n\t\t<\/div>\n\n<p>Ova koalicija, koju predvodi Dragan Markovi\u0107 Palma, predstavila je svoj tim stu\u010dnih ljudi i program, a podneti su i izve\u0161taji \u0161ta je sve ura\u0111eno predhonih godina.<\/p>\n<div id='gallery-2' class='gallery galleryid-30571 gallery-columns-7 gallery-size-thumbnail'><figure class='gallery-item'>\n\t\t\t<div class='gallery-icon landscape'>\n\t\t\t\t<a href='http:\/\/centralmedia.rs\/tribine2\/'><img loading=\"lazy\" decoding=\"async\" width=\"150\" height=\"150\" src=\"http:\/\/centralmedia.rs\/wp-content\/uploads\/2022\/03\/tribine2-150x150.jpg\" class=\"attachment-thumbnail size-thumbnail\" alt=\"\" \/><\/a>\n\t\t\t<\/div><\/figure><figure class='gallery-item'>\n\t\t\t<div class='gallery-icon landscape'>\n\t\t\t\t<a href='http:\/\/centralmedia.rs\/tribine5\/'><img loading=\"lazy\" decoding=\"async\" width=\"150\" height=\"150\" src=\"http:\/\/centralmedia.rs\/wp-content\/uploads\/2022\/03\/tribine5-150x150.jpg\" class=\"attachment-thumbnail size-thumbnail\" alt=\"\" \/><\/a>\n\t\t\t<\/div><\/figure><figure class='gallery-item'>\n\t\t\t<div class='gallery-icon landscape'>\n\t\t\t\t<a href='http:\/\/centralmedia.rs\/tribine9\/'><img loading=\"lazy\" decoding=\"async\" width=\"150\" height=\"150\" src=\"http:\/\/centralmedia.rs\/wp-content\/uploads\/2022\/03\/tribine9-150x150.jpg\" class=\"attachment-thumbnail size-thumbnail\" alt=\"\" \/><\/a>\n\t\t\t<\/div><\/figure><figure class='gallery-item'>\n\t\t\t<div class='gallery-icon landscape'>\n\t\t\t\t<a href='http:\/\/centralmedia.rs\/tribine10\/'><img loading=\"lazy\" decoding=\"async\" width=\"150\" height=\"150\" src=\"http:\/\/centralmedia.rs\/wp-content\/uploads\/2022\/03\/tribine10-150x150.jpg\" class=\"attachment-thumbnail size-thumbnail\" alt=\"\" \/><\/a>\n\t\t\t<\/div><\/figure><figure class='gallery-item'>\n\t\t\t<div class='gallery-icon landscape'>\n\t\t\t\t<a href='http:\/\/centralmedia.rs\/tribine11\/'><img loading=\"lazy\" decoding=\"async\" width=\"150\" height=\"150\" src=\"http:\/\/centralmedia.rs\/wp-content\/uploads\/2022\/03\/tribine11-150x150.jpg\" class=\"attachment-thumbnail size-thumbnail\" alt=\"\" \/><\/a>\n\t\t\t<\/div><\/figure><figure class='gallery-item'>\n\t\t\t<div class='gallery-icon landscape'>\n\t\t\t\t<a href='http:\/\/centralmedia.rs\/tribine12\/'><img loading=\"lazy\" decoding=\"async\" width=\"150\" height=\"150\" src=\"http:\/\/centralmedia.rs\/wp-content\/uploads\/2022\/03\/tribine12-150x150.jpg\" class=\"attachment-thumbnail size-thumbnail\" alt=\"\" \/><\/a>\n\t\t\t<\/div><\/figure><figure class='gallery-item'>\n\t\t\t<div class='gallery-icon landscape'>\n\t\t\t\t<a href='http:\/\/centralmedia.rs\/tribine13\/'><img loading=\"lazy\" decoding=\"async\" width=\"150\" height=\"150\" src=\"http:\/\/centralmedia.rs\/wp-content\/uploads\/2022\/03\/tribine13-150x150.jpg\" class=\"attachment-thumbnail size-thumbnail\" alt=\"\" \/><\/a>\n\t\t\t<\/div><\/figure>\n\t\t<\/div>\n\n<p>Veliki broj me\u0161tana jagodinskih sela pratio je izlaganja, \u0161to je o\u010digledno po punim salama.<\/p>\n<div id='gallery-3' class='gallery galleryid-30571 gallery-columns-7 gallery-size-thumbnail'><figure class='gallery-item'>\n\t\t\t<div class='gallery-icon landscape'>\n\t\t\t\t<a href='http:\/\/centralmedia.rs\/tribine15\/'><img loading=\"lazy\" decoding=\"async\" width=\"150\" height=\"150\" src=\"http:\/\/centralmedia.rs\/wp-content\/uploads\/2022\/03\/tribine15-150x150.jpg\" class=\"attachment-thumbnail size-thumbnail\" alt=\"\" \/><\/a>\n\t\t\t<\/div><\/figure><figure class='gallery-item'>\n\t\t\t<div class='gallery-icon landscape'>\n\t\t\t\t<a href='http:\/\/centralmedia.rs\/tribine16\/'><img loading=\"lazy\" decoding=\"async\" width=\"150\" height=\"150\" src=\"http:\/\/centralmedia.rs\/wp-content\/uploads\/2022\/03\/tribine16-150x150.jpg\" class=\"attachment-thumbnail size-thumbnail\" alt=\"\" \/><\/a>\n\t\t\t<\/div><\/figure><figure class='gallery-item'>\n\t\t\t<div class='gallery-icon landscape'>\n\t\t\t\t<a href='http:\/\/centralmedia.rs\/tribine17\/'><img loading=\"lazy\" decoding=\"async\" width=\"150\" height=\"150\" src=\"http:\/\/centralmedia.rs\/wp-content\/uploads\/2022\/03\/tribine17-150x150.jpg\" class=\"attachment-thumbnail size-thumbnail\" alt=\"\" \/><\/a>\n\t\t\t<\/div><\/figure><figure class='gallery-item'>\n\t\t\t<div class='gallery-icon landscape'>\n\t\t\t\t<a href='http:\/\/centralmedia.rs\/tribine18\/'><img loading=\"lazy\" decoding=\"async\" width=\"150\" height=\"150\" src=\"http:\/\/centralmedia.rs\/wp-content\/uploads\/2022\/03\/tribine18-150x150.jpg\" class=\"attachment-thumbnail size-thumbnail\" alt=\"\" \/><\/a>\n\t\t\t<\/div><\/figure><figure class='gallery-item'>\n\t\t\t<div class='gallery-icon landscape'>\n\t\t\t\t<a href='http:\/\/centralmedia.rs\/tribine21\/'><img loading=\"lazy\" decoding=\"async\" width=\"150\" height=\"150\" src=\"http:\/\/centralmedia.rs\/wp-content\/uploads\/2022\/03\/tribine21-150x150.jpg\" class=\"attachment-thumbnail size-thumbnail\" alt=\"\" \/><\/a>\n\t\t\t<\/div><\/figure><figure class='gallery-item'>\n\t\t\t<div class='gallery-icon landscape'>\n\t\t\t\t<a href='http:\/\/centralmedia.rs\/trinbine19\/'><img loading=\"lazy\" decoding=\"async\" width=\"150\" height=\"150\" src=\"http:\/\/centralmedia.rs\/wp-content\/uploads\/2022\/03\/trinbine19-150x150.jpg\" class=\"attachment-thumbnail size-thumbnail\" alt=\"\" \/><\/a>\n\t\t\t<\/div><\/figure><figure class='gallery-item'>\n\t\t\t<div class='gallery-icon landscape'>\n\t\t\t\t<a href='http:\/\/centralmedia.rs\/tribine14\/'><img loading=\"lazy\" decoding=\"async\" width=\"150\" height=\"150\" src=\"http:\/\/centralmedia.rs\/wp-content\/uploads\/2022\/03\/tribine14-150x150.jpg\" class=\"attachment-thumbnail size-thumbnail\" alt=\"\" \/><\/a>\n\t\t\t<\/div><\/figure>\n\t\t<\/div>\n\n<p>Tribine su odr\u017eane u Stri\u017eilu, Lovcima, Bagrdanu, Milo\u0161evu, Drago\u0161evcu, Kolaru, Glavincima, Bresju, Lozoviku, Me\u0111ure\u010du, Crn\u010du, Deonici, Siokovcu,Dobroj Vodi, Rajkincu, Duboki, Malom Popovi\u0107u, Bunaru, \u0160antarovcu, \u0160uljkovcu, Dragocvetu,Bukov\u010du, Ribniku, Novom Lani\u0161tu, Starom Lani\u0161tu i Ko\u010dinom selu, a tribine su pratili i me\u0161tani susednih sela.<\/p>\n","protected":false},"excerpt":{"rendered":"<p>JAGODINA-Koalicija SPS-Jedinstvena Srbija-ZS, \u010dija parlamentarna lista nosi naziv ,,Ivica Da\u010di\u0107-premijer Srbije\u201d, odr\u017eava tribine u jagodinskim selima. Ova koalicija, koju predvodi Dragan Markovi\u0107 Palma, predstavila je &hellip; <\/p>\n","protected":false},"author":2,"featured_media":30543,"comment_status":"open","ping_status":"open","sticky":false,"template":"","format":"standard","meta":{"footnotes":""},"categories":[1524,2,1514,13,12],"tags":[702,120,406,5721],"_links":{"self":[{"href":"http:\/\/centralmedia.rs\/index.php\/wp-json\/wp\/v2\/posts\/30571"}],"collection":[{"href":"http:\/\/centralmedia.rs\/index.php\/wp-json\/wp\/v2\/posts"}],"about":[{"href":"http:\/\/centralmedia.rs\/index.php\/wp-json\/wp\/v2\/types\/post"}],"author":[{"embeddable":true,"href":"http:\/\/centralmedia.rs\/index.php\/wp-json\/wp\/v2\/users\/2"}],"replies":[{"embeddable":true,"href":"http:\/\/centralmedia.rs\/index.php\/wp-json\/wp\/v2\/comments?post=30571"}],"version-history":[{"count":3,"href":"http:\/\/centralmedia.rs\/index.php\/wp-json\/wp\/v2\/posts\/30571\/revisions"}],"predecessor-version":[{"id":30574,"href":"http:\/\/centralmedia.rs\/index.php\/wp-json\/wp\/v2\/posts\/30571\/revisions\/30574"}],"wp:featuredmedia":[{"embeddable":true,"href":"http:\/\/centralmedia.rs\/index.php\/wp-json\/wp\/v2\/media\/30543"}],"wp:attachment":[{"href":"http:\/\/centralmedia.rs\/index.php\/wp-json\/wp\/v2\/media?parent=30571"}],"wp:term":[{"taxonomy":"category","embeddable":true,"href":"http:\/\/centralmedia.rs\/index.php\/wp-json\/wp\/v2\/categories?post=30571"},{"taxonomy":"post_tag","embeddable":true,"href":"http:\/\/centralmedia.rs\/index.php\/wp-json\/wp\/v2\/tags?post=30571"}],"curies":[{"name":"wp","href":"https:\/\/api.w.org\/{rel}","templated":true}]}}