{"id":3252,"date":"2016-05-31T11:29:48","date_gmt":"2016-05-31T11:29:48","guid":{"rendered":"http:\/\/centralmedia.rs\/?p=3252"},"modified":"2016-05-31T11:29:48","modified_gmt":"2016-05-31T11:29:48","slug":"jagodinsko-postignuce-bez-posla-12-000-ljudi-ili-30-odsto-radno-sposobnih","status":"publish","type":"post","link":"http:\/\/centralmedia.rs\/index.php\/2016\/05\/31\/jagodinsko-postignuce-bez-posla-12-000-ljudi-ili-30-odsto-radno-sposobnih\/","title":{"rendered":"JAGODINSKO POSTIGNU\u0106E &#8211; BEZ POSLA 12.000 LJUDI ILI 30 ODSTO RADNO SPOSOBNIH"},"content":{"rendered":"<p>JAGODINA-Na evidenciji nezaposlenih u Jagodini u junu bi\u0107e 12.000 lica, potvr\u0111eno je danas na Sajmu zapo\u0161ljavanja u tom gradu. Od 40.000 radno sposobnih to je 30 odsto nezaposlenih i apsolutni rekord.<br \/>\n\t-Nezaposlenih je 10.600 lica, a tome treba dodati 140 iz Jagodinske pivare, koja je u ste\u010daju, zatim oko 150 iz Fabrike kablova po januarskom socijalno programu, koji su sada primili otpremnine  i 970 iz Fabrike kablova koji su se izjasnili da dobrovoljno \u017eele da napuste to preduze\u0107e, rekao je direktor lokalne filijale Nacionalne slu\u017ebe za zapo\u0161ljavanje Boris Stojanov.<a href=\"https:\/\/centralmedia.rs\/wp-content\/uploads\/2016\/05\/sajam-zaposljavanja-2-jagodina-g.j..jpg\"><img loading=\"lazy\" decoding=\"async\" src=\"https:\/\/centralmedia.rs\/wp-content\/uploads\/2016\/05\/sajam-zaposljavanja-2-jagodina-g.j.-300x199.jpg\" alt=\"sajam zaposljavanja 2-jagodina-g.j.\" width=\"300\" height=\"199\" class=\"alignnone size-medium wp-image-3255\" srcset=\"http:\/\/centralmedia.rs\/wp-content\/uploads\/2016\/05\/sajam-zaposljavanja-2-jagodina-g.j.-300x199.jpg 300w, http:\/\/centralmedia.rs\/wp-content\/uploads\/2016\/05\/sajam-zaposljavanja-2-jagodina-g.j.-768x510.jpg 768w, http:\/\/centralmedia.rs\/wp-content\/uploads\/2016\/05\/sajam-zaposljavanja-2-jagodina-g.j..jpg 903w\" sizes=\"(max-width: 300px) 100vw, 300px\" \/><\/a><br \/>\nIna\u010de na 10. Sajmu zapo\u0161ljavanja u tom gradu oko 1.000 nezaposlenih predalo je svoje biografije za 230 radnih mesta kod 27 poslodavaca.<br \/>\n\t-Raspola\u017eemo sa 3 milijarde dinara iz bud\u017eeta za programe zapo\u0161ljavanja, kao grant iz EU od 6,5 miliona evra. Po\u010dinju obuke za 5.500 nezaposlenih lica. Plan je da u ovoj godini 25.000 ljudi zaposlimo direktnim finansijskim podsticajima, ali za \u010detiri meseca ove godine zaposleno je 80.000 lica, \u0161to je vi\u0161e nego pro\u0161le godine,  i verujemo da \u0107e se taj trend nastaviti, rekao je direktor Nacionalne slu\u017ebe za zapo\u0161ljavanje Zoran Martinovi\u0107.<a href=\"https:\/\/centralmedia.rs\/wp-content\/uploads\/2016\/05\/sajam-zaposljavanja-1-jagodina-g.j..jpg\"><img loading=\"lazy\" decoding=\"async\" src=\"https:\/\/centralmedia.rs\/wp-content\/uploads\/2016\/05\/sajam-zaposljavanja-1-jagodina-g.j.-300x189.jpg\" alt=\"sajam zaposljavanja 1-jagodina-g.j.\" width=\"300\" height=\"189\" class=\"alignnone size-medium wp-image-3256\" srcset=\"http:\/\/centralmedia.rs\/wp-content\/uploads\/2016\/05\/sajam-zaposljavanja-1-jagodina-g.j.-300x189.jpg 300w, http:\/\/centralmedia.rs\/wp-content\/uploads\/2016\/05\/sajam-zaposljavanja-1-jagodina-g.j.-768x483.jpg 768w, http:\/\/centralmedia.rs\/wp-content\/uploads\/2016\/05\/sajam-zaposljavanja-1-jagodina-g.j..jpg 954w\" sizes=\"(max-width: 300px) 100vw, 300px\" \/><\/a><br \/>\n<a href=\"https:\/\/centralmedia.rs\/wp-content\/uploads\/2016\/05\/sajam-zaposljavanja-3-jagodina-g.j..jpg\"><img loading=\"lazy\" decoding=\"async\" src=\"https:\/\/centralmedia.rs\/wp-content\/uploads\/2016\/05\/sajam-zaposljavanja-3-jagodina-g.j.-300x215.jpg\" alt=\"sajam zaposljavanja 3-jagodina-g.j.\" width=\"300\" height=\"215\" class=\"alignnone size-medium wp-image-3257\" srcset=\"http:\/\/centralmedia.rs\/wp-content\/uploads\/2016\/05\/sajam-zaposljavanja-3-jagodina-g.j.-300x215.jpg 300w, http:\/\/centralmedia.rs\/wp-content\/uploads\/2016\/05\/sajam-zaposljavanja-3-jagodina-g.j.-768x551.jpg 768w, http:\/\/centralmedia.rs\/wp-content\/uploads\/2016\/05\/sajam-zaposljavanja-3-jagodina-g.j..jpg 900w\" sizes=\"(max-width: 300px) 100vw, 300px\" \/><\/a><br \/>\nPro\u0161le godine je na sajmovima za zapo\u0161ljavanje posao na\u0161lo 12.000 ljudi, a u\u010destvovalo blizu 2.000 poslodavaca. Na 34 sajma u ovoj godini  u ponudi je bilo 7.000 radnih mesta. Zamenica gradona\u010delnika Jagodine Sne\u017eana Vuka\u0161inovi\u0107 najvila je da \u0107e do kraja godine biti izgra\u0111ene ,,dve, tri fabrike u Jagodini\u201d i da \u0107e biti novih radnih mesta.<br \/>\n<a href=\"https:\/\/centralmedia.rs\/wp-content\/uploads\/2016\/05\/martinovic-stojanov-vukasinovic-jagodina-g.j.jpg\"><img loading=\"lazy\" decoding=\"async\" src=\"https:\/\/centralmedia.rs\/wp-content\/uploads\/2016\/05\/martinovic-stojanov-vukasinovic-jagodina-g.j-300x204.jpg\" alt=\"martinovic, stojanov, vukasinovic-jagodina-g.j\" width=\"300\" height=\"204\" class=\"alignnone size-medium wp-image-3258\" srcset=\"http:\/\/centralmedia.rs\/wp-content\/uploads\/2016\/05\/martinovic-stojanov-vukasinovic-jagodina-g.j-300x204.jpg 300w, http:\/\/centralmedia.rs\/wp-content\/uploads\/2016\/05\/martinovic-stojanov-vukasinovic-jagodina-g.j-768x521.jpg 768w, http:\/\/centralmedia.rs\/wp-content\/uploads\/2016\/05\/martinovic-stojanov-vukasinovic-jagodina-g.j.jpg 900w\" sizes=\"(max-width: 300px) 100vw, 300px\" \/><\/a><\/p>\n","protected":false},"excerpt":{"rendered":"<p>JAGODINA-Na evidenciji nezaposlenih u Jagodini u junu bi\u0107e 12.000 lica, potvr\u0111eno je danas na Sajmu zapo\u0161ljavanja u tom gradu. Od 40.000 radno sposobnih to je &hellip; <\/p>\n","protected":false},"author":4,"featured_media":3254,"comment_status":"open","ping_status":"open","sticky":false,"template":"","format":"standard","meta":{"footnotes":""},"categories":[14,2,12],"tags":[58,471,837],"_links":{"self":[{"href":"http:\/\/centralmedia.rs\/index.php\/wp-json\/wp\/v2\/posts\/3252"}],"collection":[{"href":"http:\/\/centralmedia.rs\/index.php\/wp-json\/wp\/v2\/posts"}],"about":[{"href":"http:\/\/centralmedia.rs\/index.php\/wp-json\/wp\/v2\/types\/post"}],"author":[{"embeddable":true,"href":"http:\/\/centralmedia.rs\/index.php\/wp-json\/wp\/v2\/users\/4"}],"replies":[{"embeddable":true,"href":"http:\/\/centralmedia.rs\/index.php\/wp-json\/wp\/v2\/comments?post=3252"}],"version-history":[{"count":0,"href":"http:\/\/centralmedia.rs\/index.php\/wp-json\/wp\/v2\/posts\/3252\/revisions"}],"wp:featuredmedia":[{"embeddable":true,"href":"http:\/\/centralmedia.rs\/index.php\/wp-json\/wp\/v2\/media\/3254"}],"wp:attachment":[{"href":"http:\/\/centralmedia.rs\/index.php\/wp-json\/wp\/v2\/media?parent=3252"}],"wp:term":[{"taxonomy":"category","embeddable":true,"href":"http:\/\/centralmedia.rs\/index.php\/wp-json\/wp\/v2\/categories?post=3252"},{"taxonomy":"post_tag","embeddable":true,"href":"http:\/\/centralmedia.rs\/index.php\/wp-json\/wp\/v2\/tags?post=3252"}],"curies":[{"name":"wp","href":"https:\/\/api.w.org\/{rel}","templated":true}]}}