{"id":3260,"date":"2016-05-31T12:01:01","date_gmt":"2016-05-31T12:01:01","guid":{"rendered":"http:\/\/centralmedia.rs\/?p=3260"},"modified":"2016-05-31T12:01:01","modified_gmt":"2016-05-31T12:01:01","slug":"humana-akcija-studenata","status":"publish","type":"post","link":"http:\/\/centralmedia.rs\/index.php\/2016\/05\/31\/humana-akcija-studenata\/","title":{"rendered":"HUMANA AKCIJA STUDENATA"},"content":{"rendered":"<p>JAGODINA- Studenti Fakulteta pedago\u0161kih nauka u Jagodini priredili su dvanaesto\u010dasovni koncert  od 9 do 21 sat u centru tog grada radi prikupljanja nov\u010dane pomo\u0107i za le\u010denje desetogodi\u0161nje Julije Vuli\u0107 iz Stromstena kod Despotovca. Ona je obolela od raka limfnih zle\u017eda i potrebna je pomo\u0107 za dalje le\u010denje. <\/p>\n","protected":false},"excerpt":{"rendered":"<p>JAGODINA- Studenti Fakulteta pedago\u0161kih nauka u Jagodini priredili su dvanaesto\u010dasovni koncert od 9 do 21 sat u centru tog grada radi prikupljanja nov\u010dane pomo\u0107i za &hellip; <\/p>\n","protected":false},"author":4,"featured_media":3261,"comment_status":"open","ping_status":"open","sticky":false,"template":"","format":"standard","meta":{"footnotes":""},"categories":[14,2,12],"tags":[269,58,838],"_links":{"self":[{"href":"http:\/\/centralmedia.rs\/index.php\/wp-json\/wp\/v2\/posts\/3260"}],"collection":[{"href":"http:\/\/centralmedia.rs\/index.php\/wp-json\/wp\/v2\/posts"}],"about":[{"href":"http:\/\/centralmedia.rs\/index.php\/wp-json\/wp\/v2\/types\/post"}],"author":[{"embeddable":true,"href":"http:\/\/centralmedia.rs\/index.php\/wp-json\/wp\/v2\/users\/4"}],"replies":[{"embeddable":true,"href":"http:\/\/centralmedia.rs\/index.php\/wp-json\/wp\/v2\/comments?post=3260"}],"version-history":[{"count":0,"href":"http:\/\/centralmedia.rs\/index.php\/wp-json\/wp\/v2\/posts\/3260\/revisions"}],"wp:featuredmedia":[{"embeddable":true,"href":"http:\/\/centralmedia.rs\/index.php\/wp-json\/wp\/v2\/media\/3261"}],"wp:attachment":[{"href":"http:\/\/centralmedia.rs\/index.php\/wp-json\/wp\/v2\/media?parent=3260"}],"wp:term":[{"taxonomy":"category","embeddable":true,"href":"http:\/\/centralmedia.rs\/index.php\/wp-json\/wp\/v2\/categories?post=3260"},{"taxonomy":"post_tag","embeddable":true,"href":"http:\/\/centralmedia.rs\/index.php\/wp-json\/wp\/v2\/tags?post=3260"}],"curies":[{"name":"wp","href":"https:\/\/api.w.org\/{rel}","templated":true}]}}