{"id":35819,"date":"2023-08-06T13:44:25","date_gmt":"2023-08-06T11:44:25","guid":{"rendered":"http:\/\/centralmedia.rs\/?p=35819"},"modified":"2023-08-06T15:50:06","modified_gmt":"2023-08-06T13:50:06","slug":"palma-jedinstvena-srbija-bori-se-za-bolju-buducnost-a-ne-za-bolju-proslost-vuciceve-poruke-su-poruke-mira-srbija-je-zemlja-poverenja-i-investitora","status":"publish","type":"post","link":"http:\/\/centralmedia.rs\/index.php\/2023\/08\/06\/palma-jedinstvena-srbija-bori-se-za-bolju-buducnost-a-ne-za-bolju-proslost-vuciceve-poruke-su-poruke-mira-srbija-je-zemlja-poverenja-i-investitora\/","title":{"rendered":"PALMA : JEDINSTVENA SRBIJA BORI SE ZA BOLJU BUDU\u0106NOST, A NE ZA BOLJU PRO\u0160LOST. VU\u010cI\u0106EVE PORUKE SU PORUKE MIRA. SRBIJA JE ZEMLJA POVERENJA I INVESTITORA"},"content":{"rendered":"<p>\u201cPoruke koje je poslao predsednik Srbije Aleksandar Vu\u010di\u0107 na centralnoj ceremoniji obele\u017eavanja Dana se\u0107anja na Srbe stradale i prognane u oru\u017eanoj akciji &#8220;Oluja&#8221;, koja je odr\u017eana u Prijedoru, su poruke mira i niko ne mo\u017ee da bude protiv toga. Ja ne znam za\u0161to hrvatski politi\u010dari non stop napadaju Srbiju i vra\u0107aju se u pro\u0161lost. Akcija \u201cOluja\u201d jeste bila najve\u0107e etni\u010dko \u010di\u0161\u0107enje od Drugog svetskog rata. U Hrvatskoj je pre poslednjeg rata \u017eiveli 700 000 Srba, a danas oko 100 000, gde su i ko ih je proterao ? Jedinstvena Srbija prati ono \u0161to rade predsednik Srbije Aleksandar Vu\u010di\u0107, ministar spoljnih poslova Ivica Da\u010di\u0107 i Vlada Srbije i to podr\u017eavamo, jer i Jedinstvena Srbija se bori za bolju budu\u0107nost, a ne za bolju pro\u0161lost, pro\u0161lost ne mo\u017eemo da zaboravimo, ali ne mo\u017eemo ni da promenimo. Srbija je danas zahvaljuju\u0107i i Aleksandru Vu\u010di\u0107u i Ivici Da\u010di\u0107u zemlja poverenja i investitora i zemlja gde su ljudi i kapital sigurni i zato i dolaze u Srbiju\u201d, izjavio je, gostuju\u0107i na televiziji Pink, predsednik Jedinstvene Srbije Dragan Markovi\u0107 Palma.<\/p>\n<p>ZAKONI O PLANIRANJU I IZGRADNJI I O OZAKONJENJU SU U INTERESU SVIH GRA\u0110ANA SRBIJE<\/p>\n<p>\u201cGlasanje o poslednjim zakonima koji su usvojeni u Skup\u0161tini Srbije pokazuju da je opoziciji bitno samo da je protiv, nije im va\u017eno \u0161to su zakoni u interesu svih gra\u0111ana Srbije. Zakon o ozakonjenju dozvoljava na\u0161im gra\u0111anima koji imaju nelegalizovane objekte da se priklju\u010de na kanalizaciju, struju, vodu i gas, \u0161to je odli\u010dno, jer ima mnogo ljudi koji su zbog pro\u0161irenja porodice nadogradili tri sobe i po neku prostoriju i sada mogu da se priklju\u010de na komunalnu infrastrukturu. Zakon o planiranju i izgradnji je odli\u010dan i za gra\u0111ane i za lokalne samouoprave i za dr\u017eavu. Na ledinama \u0107e se napraviti fabrike, proizvodni pogoni, gde \u0107e se zaposliti ljudi i od toga \u0107e imati koristi i lokalni bud\u017eeti i republi\u010dki bud\u017eet, a kasnije \u0107e se pove\u0107ati suficit, dakle od prazne ledine pravi se korist za sve\u201d, ocenio je Markovi\u0107.<\/p>\n<p>POMO\u0106I POLJOPRIVREDNICIMA KOJI SU DO\u017dIVELI NAJVE\u0106E ELEMENTARNE NEPOGODE U POSLEDNJIH 20 GODINA<\/p>\n<p>\u201cPoljoprivrednici u Srbiji su do\u017eiveli najve\u0107e elementarne nepogode u poslednjih 20 godine i stradao je i kvantitet i kvalitet. Cenu \u017eita, p\u0161enice, kukuruza i ostalih poljoprivrednih proizvoda odre\u0111uje tr\u017ei\u0161te, a ne dr\u017eava, nije kriva dr\u017eava za to, ali sada treba videti kako pomo\u0107i poljoprivrednim proizvo\u0111a\u010dima. Problem kod afri\u010dke kuge svinja je taj \u0161to se prazne obori. Dr\u017eava \u0107e pomo\u0107i da plati onima kojima su svinje uginule zbog afri\u010dke kuge i to je dobro, ali ostaju prazni obori. Mo\u017eda je trebalo da uvezemo svinje iz dr\u017eava u kojima nije bilo afri\u010dke kuge. U svakom slu\u010daju dr\u017eava treba da razmi\u0161lja kako da pomogne poljoprivrednim proizvo\u0111a\u010dima, jer do\u0107i \u0107emo u situaciju da jo\u0161 vi\u0161e uvozimo zamrzlo meso sumnjivog kvaliteta\u201d, ocenio je Dragan Markovi\u0107 Palma.<\/p>\n<p>LOKALNE SAMOUPRAVE DA POMOGNU SVIM \u0110ACIMA PRVACIMA NA SVOJOJ TERITORIJI<\/p>\n<p>\u201cBli\u017eimo se po\u010detku nove \u0161kolske godine. Grad Jagodina godinama poma\u017ee sve porodice na svojoj teritoriji \u010dija deca polaze u prvi razred osnovne \u0161kole. I sada sve lokalne samouprave u Srbiji treba to da urade i izdvoje odre\u0111ena sredstva za \u0111ake prvake, za to ne treba \u010dekati dr\u017eavu. Mi \u0107emo u Jagodini to uraditi i to smatram na\u0161om obavezom i kada po\u010dne \u0161kola niti \u0107emo po tom pitanju izdavati saop\u0161tenje niti \u0107emo se slikati\u201d, kazao je predsednik Jedinstvene Srbije i Skup\u0161tine grada Jagodine.<\/p>\n<p>U SEPTEMBRU VODIM 1100 LJUDI U GR\u010cKU U HANIOTI, A U NOVEMBRU DELEGACIJU U EGIPAT O TRO\u0160KU DONATORA<\/p>\n<p>\u201cNastavljamo sa svojim prepoznatljivom politikom da vodimo na\u0161e gra\u0111ane u inostranstvo. Sredinom septembra 1100 ljudi iz cele Srbije, najvi\u0161e iz Jagodine, vodimo u Hanioti, grad na prvom prstenu gr\u010dkog polusotrva Halkidiki, gde smo krajem maja i po\u010detkom junu vodili 1200 ljudi. U novembru jednu delegaciju u kojoj \u0107e ve\u0107inom biti zdravstveni radnici vodimo u Egipat grad \u0160arm El \u0160eik, \u010diji je guverner (regije Ju\u017eni Sinaj kome pripada \u0160arm El \u0160eik) bio u junu u poseti Jagodini i Beogradu. Veoma je va\u017eno da imamo odli\u010dne odnose sa najmo\u0107nijm dr\u017eavom Bliskog istoka, a to je Egipat, \u010diji je predsednik parlamenta nedavno bio u Beogradu. Sva ta putovanja, kao i do sada, pla\u0107aju donatori\u201d, rekao je Markovi\u0107 i dodao da je tradicionalni \u201cOtvoreni dan\u201d u Jagodini 17. avgusta, kada je besplatan ulaz za sve u Akva park, Zoolo\u0161ki vrt i Muzej vo\u0161tanih figura i kada se, kako je kazao, o\u010dekuje u Jagodini preko 10 000 ljudi.<\/p>\n","protected":false},"excerpt":{"rendered":"<p>\u201cPoruke koje je poslao predsednik Srbije Aleksandar Vu\u010di\u0107 na centralnoj ceremoniji obele\u017eavanja Dana se\u0107anja na Srbe stradale i prognane u oru\u017eanoj akciji &#8220;Oluja&#8221;, koja je &hellip; <\/p>\n","protected":false},"author":2,"featured_media":35820,"comment_status":"open","ping_status":"open","sticky":false,"template":"","format":"standard","meta":{"footnotes":""},"categories":[1524,2,1514,5643,13,887,12],"tags":[3113,907,120,63],"_links":{"self":[{"href":"http:\/\/centralmedia.rs\/index.php\/wp-json\/wp\/v2\/posts\/35819"}],"collection":[{"href":"http:\/\/centralmedia.rs\/index.php\/wp-json\/wp\/v2\/posts"}],"about":[{"href":"http:\/\/centralmedia.rs\/index.php\/wp-json\/wp\/v2\/types\/post"}],"author":[{"embeddable":true,"href":"http:\/\/centralmedia.rs\/index.php\/wp-json\/wp\/v2\/users\/2"}],"replies":[{"embeddable":true,"href":"http:\/\/centralmedia.rs\/index.php\/wp-json\/wp\/v2\/comments?post=35819"}],"version-history":[{"count":1,"href":"http:\/\/centralmedia.rs\/index.php\/wp-json\/wp\/v2\/posts\/35819\/revisions"}],"predecessor-version":[{"id":35821,"href":"http:\/\/centralmedia.rs\/index.php\/wp-json\/wp\/v2\/posts\/35819\/revisions\/35821"}],"wp:featuredmedia":[{"embeddable":true,"href":"http:\/\/centralmedia.rs\/index.php\/wp-json\/wp\/v2\/media\/35820"}],"wp:attachment":[{"href":"http:\/\/centralmedia.rs\/index.php\/wp-json\/wp\/v2\/media?parent=35819"}],"wp:term":[{"taxonomy":"category","embeddable":true,"href":"http:\/\/centralmedia.rs\/index.php\/wp-json\/wp\/v2\/categories?post=35819"},{"taxonomy":"post_tag","embeddable":true,"href":"http:\/\/centralmedia.rs\/index.php\/wp-json\/wp\/v2\/tags?post=35819"}],"curies":[{"name":"wp","href":"https:\/\/api.w.org\/{rel}","templated":true}]}}