{"id":38171,"date":"2024-04-24T12:06:14","date_gmt":"2024-04-24T10:06:14","guid":{"rendered":"http:\/\/centralmedia.rs\/?p=38171"},"modified":"2024-05-02T09:31:02","modified_gmt":"2024-05-02T07:31:02","slug":"palma-primio-jagodinskog-olimpijca-strelca-lazara-kovacevica-i-zenski-fudbalski-klub-jagodina-koji-se-plasirao-u-prvu-ligu-srbije","status":"publish","type":"post","link":"http:\/\/centralmedia.rs\/index.php\/2024\/04\/24\/palma-primio-jagodinskog-olimpijca-strelca-lazara-kovacevica-i-zenski-fudbalski-klub-jagodina-koji-se-plasirao-u-prvu-ligu-srbije\/","title":{"rendered":"PALMA PRIMIO JAGODINSKOG OLIMPIJCA, STRELCA LAZARA KOVA\u010cEVI\u0106A I \u017dENSKI FUDBALSKI KLUB \u201eJAGODINA\u201c KOJI SE PLASIRAO U PRVU LIGU SRBIJE"},"content":{"rendered":"<p>&nbsp;<\/p>\n<p>JAGODINA-Predsednik Skup\u0161tine grada Jagodine Dragan Markovi\u0107 Palma primio je danas Lazara Kova\u010devi\u0107a, strelca kluba \u201eJagodina 92\u201c, koji je pro\u0161le nedelje u Rio De \u017danieru u Brazilu na kvalifkacionom turniru za Olimpijske igre osvojio prvo mesto u pucanju vazdu\u0161nom pu\u0161kom na 10 metara i plasirao se na Olimpijske igre koje \u0107e ovog leta biti odr\u017eane u Parizu.<\/p>\n<div id='gallery-1' class='gallery galleryid-38171 gallery-columns-3 gallery-size-thumbnail'><figure class='gallery-item'>\n\t\t\t<div class='gallery-icon portrait'>\n\t\t\t\t<a href='http:\/\/centralmedia.rs\/index.php\/2024\/04\/24\/palma-primio-jagodinskog-olimpijca-strelca-lazara-kovacevica-i-zenski-fudbalski-klub-jagodina-koji-se-plasirao-u-prvu-ligu-srbije\/fudbalerka\/'><img loading=\"lazy\" decoding=\"async\" width=\"150\" height=\"150\" src=\"http:\/\/centralmedia.rs\/wp-content\/uploads\/2024\/04\/fudbalerka-150x150.jpg\" class=\"attachment-thumbnail size-thumbnail\" alt=\"\" \/><\/a>\n\t\t\t<\/div><\/figure><figure class='gallery-item'>\n\t\t\t<div class='gallery-icon landscape'>\n\t\t\t\t<a href='http:\/\/centralmedia.rs\/index.php\/2024\/04\/24\/palma-primio-jagodinskog-olimpijca-strelca-lazara-kovacevica-i-zenski-fudbalski-klub-jagodina-koji-se-plasirao-u-prvu-ligu-srbije\/fudbalerka2\/'><img loading=\"lazy\" decoding=\"async\" width=\"150\" height=\"150\" src=\"http:\/\/centralmedia.rs\/wp-content\/uploads\/2024\/04\/fudbalerka2-150x150.jpg\" class=\"attachment-thumbnail size-thumbnail\" alt=\"\" \/><\/a>\n\t\t\t<\/div><\/figure><figure class='gallery-item'>\n\t\t\t<div class='gallery-icon landscape'>\n\t\t\t\t<a href='http:\/\/centralmedia.rs\/index.php\/2024\/04\/24\/palma-primio-jagodinskog-olimpijca-strelca-lazara-kovacevica-i-zenski-fudbalski-klub-jagodina-koji-se-plasirao-u-prvu-ligu-srbije\/fudbalerka1\/'><img loading=\"lazy\" decoding=\"async\" width=\"150\" height=\"150\" src=\"http:\/\/centralmedia.rs\/wp-content\/uploads\/2024\/04\/fudbalerka1-150x150.jpg\" class=\"attachment-thumbnail size-thumbnail\" alt=\"\" \/><\/a>\n\t\t\t<\/div><\/figure>\n\t\t<\/div>\n\n<p>\u201e Do sada je u istoriji \u010detvoro sportista iz Jagodine u\u010destvovalo na Olimpijskim igrama, a Lazar Kova\u010devi\u0107 je postigao istorijski uspeh jer je prvi sportista iz Jagodine u istoriji koji se plasirao na Olimpijske igre, a da je \u010dlan kluba iz Jagodine i \u017eelim da mu na tome \u010destitam u ime grada Jagodine. Jagodinska lokalna samouprava je pratila njegov rad od po\u010detka i pomagala mu kupovinom pu\u0161ke, odela, pri putovanjima na turnire \u0161irom sveta i adaptirali smo streljanu u Jagodini, tako da ima odli\u010dne uslove za rad. Grad Jagodina \u0107e pomo\u0107i i odlazak Lazara Kova\u010devi\u0107a u Pariz odakle o\u010dekujemo lepe vesti za sve srpske sportiste\u201c, rekao je Markovi\u0107. Lazar Kova\u0107evi\u0107 je kazao da bez pomo\u0107i grada Jagodine ne bi bilo ovakvog uspeha, te da je njegov grad Jagodina uvek bio uz njega i da prati, kako je rekao, uzlaznu putanju njegove karijere. Gradu Jagodini se zahvalio i Miomir Spasojevi\u0107 trener strelja\u010dkog kluba \u201eJagodina 92\u201c. Dragan Markovi\u0107 Palma primio je i \u017denski fudbalski klub Jagodina koji se plasirao u Prvu ligu Srbije. Markovi\u0107 je rekao da je poslednja nedelja, nedelja uspeha jagodinskog sporta. \u201eZa uspeh su potrebni talenat, trening, upornost i motiv. Grad Jagodina je stvorio uslove za sve sportove i prema broju stanovnika, na teritoriji grada Jagodine ima najvi\u0161e sportskih terena i iz bud\u017eeta grada Jagodine se finansiraju svi sportovi. I svaki ulo\u017eeni dinar u sport se vra\u0107a na\u0161em gradu kroz rezultate, \u0161to se pokazalo i poslednjih nedelju dana, velikim uspesima sportista iz Jagodine\u201c kazao je predsednik Skup\u0161tine grada Jagodine. Trener \u017denskog fudbalskog kuba Jagodina Marija Vulovi\u0107 je rekla da jagodinski \u017eenski fudbalski klub ima najbolje uslove za rad u Srbiji i da im je cilj u narednom periodu plasman u Super ligu Srbije. Dana\u0161njim prijemima prisustvovao je i na\u010delnik Pomoravskog okruga Goran Milosavljevi\u0107.<\/p>\n","protected":false},"excerpt":{"rendered":"<p>&nbsp; JAGODINA-Predsednik Skup\u0161tine grada Jagodine Dragan Markovi\u0107 Palma primio je danas Lazara Kova\u010devi\u0107a, strelca kluba \u201eJagodina 92\u201c, koji je pro\u0161le nedelje u Rio De \u017danieru &hellip; <\/p>\n","protected":false},"author":2,"featured_media":38173,"comment_status":"open","ping_status":"open","sticky":false,"template":"","format":"standard","meta":{"footnotes":""},"categories":[1524,2,1514,21,12],"tags":[6501,58,6500,120,49],"_links":{"self":[{"href":"http:\/\/centralmedia.rs\/index.php\/wp-json\/wp\/v2\/posts\/38171"}],"collection":[{"href":"http:\/\/centralmedia.rs\/index.php\/wp-json\/wp\/v2\/posts"}],"about":[{"href":"http:\/\/centralmedia.rs\/index.php\/wp-json\/wp\/v2\/types\/post"}],"author":[{"embeddable":true,"href":"http:\/\/centralmedia.rs\/index.php\/wp-json\/wp\/v2\/users\/2"}],"replies":[{"embeddable":true,"href":"http:\/\/centralmedia.rs\/index.php\/wp-json\/wp\/v2\/comments?post=38171"}],"version-history":[{"count":1,"href":"http:\/\/centralmedia.rs\/index.php\/wp-json\/wp\/v2\/posts\/38171\/revisions"}],"predecessor-version":[{"id":38176,"href":"http:\/\/centralmedia.rs\/index.php\/wp-json\/wp\/v2\/posts\/38171\/revisions\/38176"}],"wp:featuredmedia":[{"embeddable":true,"href":"http:\/\/centralmedia.rs\/index.php\/wp-json\/wp\/v2\/media\/38173"}],"wp:attachment":[{"href":"http:\/\/centralmedia.rs\/index.php\/wp-json\/wp\/v2\/media?parent=38171"}],"wp:term":[{"taxonomy":"category","embeddable":true,"href":"http:\/\/centralmedia.rs\/index.php\/wp-json\/wp\/v2\/categories?post=38171"},{"taxonomy":"post_tag","embeddable":true,"href":"http:\/\/centralmedia.rs\/index.php\/wp-json\/wp\/v2\/tags?post=38171"}],"curies":[{"name":"wp","href":"https:\/\/api.w.org\/{rel}","templated":true}]}}