{"id":42371,"date":"2025-03-28T17:29:51","date_gmt":"2025-03-28T16:29:51","guid":{"rendered":"https:\/\/centralmedia.rs\/?p=42371"},"modified":"2025-04-01T17:30:08","modified_gmt":"2025-04-01T15:30:08","slug":"svilajnackim-bebama-paketi-i-autosedista","status":"publish","type":"post","link":"http:\/\/centralmedia.rs\/index.php\/2025\/03\/28\/svilajnackim-bebama-paketi-i-autosedista\/","title":{"rendered":"SVILAJNA\u010cKIM BEBAMA PAKETI I AUTOSEDI\u0160TA"},"content":{"rendered":"\n<p>Bebi paketi i autosedi\u0161ta za bebe ro\u0111ene u januaru i februaru u Svilajncu uru\u010deni su roditeljima tokom prijatnog zajedni\u010dkog dru\u017eenja u Prirodnja\u010dkom centru. U ovom periodu ro\u0111eno je 13 beba, 4 devoj\u010dice i 9 de\u010daka.<\/p>\n\n\n\n<p>Bebi pakete je uru\u010dila i dobrodo\u0161licu na\u0161im najmla\u0111im sugra\u0111anima po\u017eelela Monika Petronijevi\u0107, \u010dlan op\u0161tinskog ve\u0107a, istakav\u0161i da su Op\u0161tina Svilajnac i Centar za brigu o porodici podr\u0161ka porodici, roditeljima i deci u svim fazama njihovog razvoja.<\/p>\n\n\n\n<p>Tako\u0111e, ovo je bila prilika da se obele\u017ei sedam godina od osnivanja ove ustanove, a ovo je svakako jedna od prvih i najomiljenijih aktivnosti koju ona sprovodi.<\/p>\n","protected":false},"excerpt":{"rendered":"<p>Bebi paketi i autosedi\u0161ta za bebe ro\u0111ene u januaru i februaru u Svilajncu uru\u010deni su roditeljima tokom prijatnog zajedni\u010dkog dru\u017eenja u Prirodnja\u010dkom centru. U ovom &hellip; <\/p>\n","protected":false},"author":2,"featured_media":42372,"comment_status":"closed","ping_status":"open","sticky":false,"template":"","format":"standard","meta":{"footnotes":""},"categories":[14,1524,12,1517],"tags":[444,6981],"_links":{"self":[{"href":"http:\/\/centralmedia.rs\/index.php\/wp-json\/wp\/v2\/posts\/42371"}],"collection":[{"href":"http:\/\/centralmedia.rs\/index.php\/wp-json\/wp\/v2\/posts"}],"about":[{"href":"http:\/\/centralmedia.rs\/index.php\/wp-json\/wp\/v2\/types\/post"}],"author":[{"embeddable":true,"href":"http:\/\/centralmedia.rs\/index.php\/wp-json\/wp\/v2\/users\/2"}],"replies":[{"embeddable":true,"href":"http:\/\/centralmedia.rs\/index.php\/wp-json\/wp\/v2\/comments?post=42371"}],"version-history":[{"count":1,"href":"http:\/\/centralmedia.rs\/index.php\/wp-json\/wp\/v2\/posts\/42371\/revisions"}],"predecessor-version":[{"id":42373,"href":"http:\/\/centralmedia.rs\/index.php\/wp-json\/wp\/v2\/posts\/42371\/revisions\/42373"}],"wp:featuredmedia":[{"embeddable":true,"href":"http:\/\/centralmedia.rs\/index.php\/wp-json\/wp\/v2\/media\/42372"}],"wp:attachment":[{"href":"http:\/\/centralmedia.rs\/index.php\/wp-json\/wp\/v2\/media?parent=42371"}],"wp:term":[{"taxonomy":"category","embeddable":true,"href":"http:\/\/centralmedia.rs\/index.php\/wp-json\/wp\/v2\/categories?post=42371"},{"taxonomy":"post_tag","embeddable":true,"href":"http:\/\/centralmedia.rs\/index.php\/wp-json\/wp\/v2\/tags?post=42371"}],"curies":[{"name":"wp","href":"https:\/\/api.w.org\/{rel}","templated":true}]}}