{"id":45024,"date":"2026-01-29T17:07:16","date_gmt":"2026-01-29T16:07:16","guid":{"rendered":"https:\/\/centralmedia.rs\/?p=45024"},"modified":"2026-01-29T17:08:28","modified_gmt":"2026-01-29T16:08:28","slug":"potpisan-memorandum-o-razumevanju-jagodine-i-eu-integra","status":"publish","type":"post","link":"http:\/\/centralmedia.rs\/index.php\/2026\/01\/29\/potpisan-memorandum-o-razumevanju-jagodine-i-eu-integra\/","title":{"rendered":"POTPISAN MEMORANDUM O RAZUMEVANJU JAGODINE I EU INTEGRA"},"content":{"rendered":"\n<p>Memorandum o razumevanju, koji su danas potpisali grad Jagodina i EU Integro, potvr\u0111uje opredeljenje i spremnost Jagodine i op\u0161tina-partnera \u0106uprija, Para\u0107in, Svilajnac, Despotovac i Rekovac da ovom procesu pristupe odgovorno i ozbiljno. Partner u projektu je Agencija za ekonomski razvoj \u0160umadije i Pomoravlja<\/p>\n\n\n\n<figure class=\"wp-block-gallery has-nested-images columns-default is-cropped wp-block-gallery-1 is-layout-flex wp-block-gallery-is-layout-flex\">\n<figure class=\"wp-block-image size-large\"><img loading=\"lazy\" decoding=\"async\" width=\"1024\" height=\"577\" data-id=\"45027\" src=\"https:\/\/centralmedia.rs\/wp-content\/uploads\/2026\/01\/eu-integro1-1024x577.jpg\" alt=\"\" class=\"wp-image-45027\" srcset=\"http:\/\/centralmedia.rs\/wp-content\/uploads\/2026\/01\/eu-integro1-1024x577.jpg 1024w, http:\/\/centralmedia.rs\/wp-content\/uploads\/2026\/01\/eu-integro1-300x169.jpg 300w, http:\/\/centralmedia.rs\/wp-content\/uploads\/2026\/01\/eu-integro1-768x432.jpg 768w, http:\/\/centralmedia.rs\/wp-content\/uploads\/2026\/01\/eu-integro1-1536x865.jpg 1536w, http:\/\/centralmedia.rs\/wp-content\/uploads\/2026\/01\/eu-integro1-1260x710.jpg 1260w, http:\/\/centralmedia.rs\/wp-content\/uploads\/2026\/01\/eu-integro1.jpg 1600w\" sizes=\"(max-width: 1024px) 100vw, 1024px\" \/><\/figure>\n\n\n\n<figure class=\"wp-block-image size-large\"><img loading=\"lazy\" decoding=\"async\" width=\"1024\" height=\"577\" data-id=\"45028\" src=\"https:\/\/centralmedia.rs\/wp-content\/uploads\/2026\/01\/eu-integro2-1024x577.jpg\" alt=\"\" class=\"wp-image-45028\" srcset=\"http:\/\/centralmedia.rs\/wp-content\/uploads\/2026\/01\/eu-integro2-1024x577.jpg 1024w, http:\/\/centralmedia.rs\/wp-content\/uploads\/2026\/01\/eu-integro2-300x169.jpg 300w, http:\/\/centralmedia.rs\/wp-content\/uploads\/2026\/01\/eu-integro2-768x432.jpg 768w, http:\/\/centralmedia.rs\/wp-content\/uploads\/2026\/01\/eu-integro2-1536x865.jpg 1536w, http:\/\/centralmedia.rs\/wp-content\/uploads\/2026\/01\/eu-integro2-1260x710.jpg 1260w, http:\/\/centralmedia.rs\/wp-content\/uploads\/2026\/01\/eu-integro2.jpg 1600w\" sizes=\"(max-width: 1024px) 100vw, 1024px\" \/><\/figure>\n\n\n\n<figure class=\"wp-block-image size-large\"><img loading=\"lazy\" decoding=\"async\" width=\"1024\" height=\"577\" data-id=\"45030\" src=\"https:\/\/centralmedia.rs\/wp-content\/uploads\/2026\/01\/eu-integro3-1024x577.jpg\" alt=\"\" class=\"wp-image-45030\" srcset=\"http:\/\/centralmedia.rs\/wp-content\/uploads\/2026\/01\/eu-integro3-1024x577.jpg 1024w, http:\/\/centralmedia.rs\/wp-content\/uploads\/2026\/01\/eu-integro3-300x169.jpg 300w, http:\/\/centralmedia.rs\/wp-content\/uploads\/2026\/01\/eu-integro3-768x432.jpg 768w, http:\/\/centralmedia.rs\/wp-content\/uploads\/2026\/01\/eu-integro3-1536x865.jpg 1536w, http:\/\/centralmedia.rs\/wp-content\/uploads\/2026\/01\/eu-integro3-1260x710.jpg 1260w, http:\/\/centralmedia.rs\/wp-content\/uploads\/2026\/01\/eu-integro3.jpg 1600w\" sizes=\"(max-width: 1024px) 100vw, 1024px\" \/><\/figure>\n\n\n\n<figure class=\"wp-block-image size-large\"><img loading=\"lazy\" decoding=\"async\" width=\"1024\" height=\"577\" data-id=\"45029\" src=\"https:\/\/centralmedia.rs\/wp-content\/uploads\/2026\/01\/eu-integro4-1024x577.jpg\" alt=\"\" class=\"wp-image-45029\" srcset=\"http:\/\/centralmedia.rs\/wp-content\/uploads\/2026\/01\/eu-integro4-1024x577.jpg 1024w, http:\/\/centralmedia.rs\/wp-content\/uploads\/2026\/01\/eu-integro4-300x169.jpg 300w, http:\/\/centralmedia.rs\/wp-content\/uploads\/2026\/01\/eu-integro4-768x432.jpg 768w, http:\/\/centralmedia.rs\/wp-content\/uploads\/2026\/01\/eu-integro4-1536x865.jpg 1536w, http:\/\/centralmedia.rs\/wp-content\/uploads\/2026\/01\/eu-integro4-1260x710.jpg 1260w, http:\/\/centralmedia.rs\/wp-content\/uploads\/2026\/01\/eu-integro4.jpg 1600w\" sizes=\"(max-width: 1024px) 100vw, 1024px\" \/><\/figure>\n<\/figure>\n\n\n\n<p>-Sa dana\u0161njim sastankom po\u010dinjemo rad na strategiji razvoja urbanog podru\u010dja grada Jagodina i op\u0161tina \u0106uprija, Para\u0107in, Svilajnac, Despotovac i Rekovac, posle uspe\u0161ne zajedni\u010dke prijave u okviru programa podr\u0161ke EU regionalnom integralnom razvoju. Podr\u0161ka EU u intregralnom razvoju ovog dela Srbije govori o prepoznatom potencijalu. Za grad Jagodina i partnerske op\u0161tine ovo je veoma va\u017ean zadatak i predstavlja iskorak u na\u010dinu na koji \u0107emo planirati budu\u0107i razvoj, re\u0161avati probleme i adekvatno koristiti potencijale. Pomoravski okrug je na veoma va\u017enom put i ima strate\u0161ki polo\u017eaj. Ima\u0107emo va\u017enu pripremu za efikasnije kori\u0161\u0107enje razvojnih fondova EU. Posle izrade strategije, konkurisa\u0107emo kod evropskih fondova za velike infrastrukturne, ekonomske i socijalne projekte. Region \u0107e mo\u0107i da koristi sve resurse koji sada nisu iskori\u0161\u0107eni, kazala je gradona\u010delnica Jagodine Gordana Jovanovi\u0107.<\/p>\n\n\n\n<p>-EU Integro je program koji finansira EU i sprovodi u partnerstvu sa Ministarstvom za evropske integracije. Sprovode ga UNOPS i SKGO. U naredne tri ipo godine podr\u017ea\u0107emo izradu 11 teritorijalnih strategija. Re\u010d je o mehanizmu za realizaciju sredstava za re\u0161avanje klju\u010dnih problema koji su zajedni\u010dki za ovu teritoriju i da se identifikuju potrebe i potencijali. Doprinosi pripremi lokalnih samoprava za kasnije kori\u0161\u0107enje fondova EU, istakla je Olivera Kosti\u0107 iz EU Integro<\/p>\n\n\n\n<p>Za po\u010detak bi\u0107e formirana radna grupa, koju \u0107e \u010diniti predstavnici loklanih samouprava.<\/p>\n","protected":false},"excerpt":{"rendered":"<p>Memorandum o razumevanju, koji su danas potpisali grad Jagodina i EU Integro, potvr\u0111uje opredeljenje i spremnost Jagodine i op\u0161tina-partnera \u0106uprija, Para\u0107in, Svilajnac, Despotovac i Rekovac &hellip; <\/p>\n","protected":false},"author":2,"featured_media":45025,"comment_status":"closed","ping_status":"open","sticky":false,"template":"","format":"standard","meta":{"footnotes":""},"categories":[1524,1514,13,12],"tags":[7226,58],"_links":{"self":[{"href":"http:\/\/centralmedia.rs\/index.php\/wp-json\/wp\/v2\/posts\/45024"}],"collection":[{"href":"http:\/\/centralmedia.rs\/index.php\/wp-json\/wp\/v2\/posts"}],"about":[{"href":"http:\/\/centralmedia.rs\/index.php\/wp-json\/wp\/v2\/types\/post"}],"author":[{"embeddable":true,"href":"http:\/\/centralmedia.rs\/index.php\/wp-json\/wp\/v2\/users\/2"}],"replies":[{"embeddable":true,"href":"http:\/\/centralmedia.rs\/index.php\/wp-json\/wp\/v2\/comments?post=45024"}],"version-history":[{"count":3,"href":"http:\/\/centralmedia.rs\/index.php\/wp-json\/wp\/v2\/posts\/45024\/revisions"}],"predecessor-version":[{"id":45033,"href":"http:\/\/centralmedia.rs\/index.php\/wp-json\/wp\/v2\/posts\/45024\/revisions\/45033"}],"wp:featuredmedia":[{"embeddable":true,"href":"http:\/\/centralmedia.rs\/index.php\/wp-json\/wp\/v2\/media\/45025"}],"wp:attachment":[{"href":"http:\/\/centralmedia.rs\/index.php\/wp-json\/wp\/v2\/media?parent=45024"}],"wp:term":[{"taxonomy":"category","embeddable":true,"href":"http:\/\/centralmedia.rs\/index.php\/wp-json\/wp\/v2\/categories?post=45024"},{"taxonomy":"post_tag","embeddable":true,"href":"http:\/\/centralmedia.rs\/index.php\/wp-json\/wp\/v2\/tags?post=45024"}],"curies":[{"name":"wp","href":"https:\/\/api.w.org\/{rel}","templated":true}]}}