{"id":4699,"date":"2016-09-15T08:26:15","date_gmt":"2016-09-15T08:26:15","guid":{"rendered":"http:\/\/centralmedia.rs\/?p=4699"},"modified":"2017-01-20T00:16:37","modified_gmt":"2017-01-20T00:16:37","slug":"jedini-konkurs-nadrealista-u-srbiji-maticu-u-cast-nagrada-mo-mou","status":"publish","type":"post","link":"http:\/\/centralmedia.rs\/index.php\/2016\/09\/15\/jedini-konkurs-nadrealista-u-srbiji-maticu-u-cast-nagrada-mo-mou\/","title":{"rendered":"JEDINI KONKURS NADREALISTA U SRBIJI ,,MATI\u0106U U \u010cAST\u201c &#8211; NAGRADA MO-MOU"},"content":{"rendered":"<p>\u0106UPRIJA-Nagrada jedinog likovnog konkursa u Srbiji koji se bavi temom nadrealizma ,,Mati\u0107u u \u010dast\u201c,odr\u017eanog u okviru 35. Mati\u0107evih dana u \u0106upriji, dodeljena je Mom\u010dilu Trajkovi\u0107u Mo-Mou iz Beograda za delo ,,Kocka je ba\u010dena\u201c. Miroslavu Savkovu dodeljeno je posebno priznanje za grafiku ,,Autoportret\u201c, a pohvala \u017eirija Oliveri Jankovi\u0107 za fotografiju ,,Bez naziva\u201c.<\/p>\n<p><div id='gallery-1' class='gallery galleryid-4699 gallery-columns-4 gallery-size-full'><figure class='gallery-item'>\n\t\t\t<div class='gallery-icon landscape'>\n\t\t\t\t<a href='http:\/\/centralmedia.rs\/index.php\/2016\/09\/15\/jedini-konkurs-nadrealista-u-srbiji-maticu-u-cast-nagrada-mo-mou\/nagradjeni-cuprija-g-j\/'><img loading=\"lazy\" decoding=\"async\" width=\"900\" height=\"675\" src=\"http:\/\/centralmedia.rs\/wp-content\/uploads\/2016\/09\/nagradjeni-cuprija-g.j..jpg\" class=\"attachment-full size-full\" alt=\"\" srcset=\"http:\/\/centralmedia.rs\/wp-content\/uploads\/2016\/09\/nagradjeni-cuprija-g.j..jpg 900w, http:\/\/centralmedia.rs\/wp-content\/uploads\/2016\/09\/nagradjeni-cuprija-g.j.-300x225.jpg 300w, http:\/\/centralmedia.rs\/wp-content\/uploads\/2016\/09\/nagradjeni-cuprija-g.j.-768x576.jpg 768w, http:\/\/centralmedia.rs\/wp-content\/uploads\/2016\/09\/nagradjeni-cuprija-g.j.-80x60.jpg 80w, http:\/\/centralmedia.rs\/wp-content\/uploads\/2016\/09\/nagradjeni-cuprija-g.j.-265x198.jpg 265w\" sizes=\"(max-width: 900px) 100vw, 900px\" \/><\/a>\n\t\t\t<\/div><\/figure><figure class='gallery-item'>\n\t\t\t<div class='gallery-icon landscape'>\n\t\t\t\t<a href='http:\/\/centralmedia.rs\/index.php\/2016\/09\/15\/jedini-konkurs-nadrealista-u-srbiji-maticu-u-cast-nagrada-mo-mou\/publika-1-cuprija-g-j\/'><img loading=\"lazy\" decoding=\"async\" width=\"900\" height=\"675\" src=\"http:\/\/centralmedia.rs\/wp-content\/uploads\/2016\/09\/publika-1-cuprija-g.j..jpg\" class=\"attachment-full size-full\" alt=\"\" srcset=\"http:\/\/centralmedia.rs\/wp-content\/uploads\/2016\/09\/publika-1-cuprija-g.j..jpg 900w, http:\/\/centralmedia.rs\/wp-content\/uploads\/2016\/09\/publika-1-cuprija-g.j.-300x225.jpg 300w, http:\/\/centralmedia.rs\/wp-content\/uploads\/2016\/09\/publika-1-cuprija-g.j.-768x576.jpg 768w, http:\/\/centralmedia.rs\/wp-content\/uploads\/2016\/09\/publika-1-cuprija-g.j.-80x60.jpg 80w, http:\/\/centralmedia.rs\/wp-content\/uploads\/2016\/09\/publika-1-cuprija-g.j.-265x198.jpg 265w\" sizes=\"(max-width: 900px) 100vw, 900px\" \/><\/a>\n\t\t\t<\/div><\/figure><figure class='gallery-item'>\n\t\t\t<div class='gallery-icon landscape'>\n\t\t\t\t<a href='http:\/\/centralmedia.rs\/index.php\/2016\/09\/15\/jedini-konkurs-nadrealista-u-srbiji-maticu-u-cast-nagrada-mo-mou\/publika-2-cuprija-g-j\/'><img loading=\"lazy\" decoding=\"async\" width=\"900\" height=\"675\" src=\"http:\/\/centralmedia.rs\/wp-content\/uploads\/2016\/09\/publika-2-cuprija-g.j..jpg\" class=\"attachment-full size-full\" alt=\"\" srcset=\"http:\/\/centralmedia.rs\/wp-content\/uploads\/2016\/09\/publika-2-cuprija-g.j..jpg 900w, http:\/\/centralmedia.rs\/wp-content\/uploads\/2016\/09\/publika-2-cuprija-g.j.-300x225.jpg 300w, http:\/\/centralmedia.rs\/wp-content\/uploads\/2016\/09\/publika-2-cuprija-g.j.-768x576.jpg 768w, http:\/\/centralmedia.rs\/wp-content\/uploads\/2016\/09\/publika-2-cuprija-g.j.-80x60.jpg 80w, http:\/\/centralmedia.rs\/wp-content\/uploads\/2016\/09\/publika-2-cuprija-g.j.-265x198.jpg 265w\" sizes=\"(max-width: 900px) 100vw, 900px\" \/><\/a>\n\t\t\t<\/div><\/figure><figure class='gallery-item'>\n\t\t\t<div class='gallery-icon landscape'>\n\t\t\t\t<a href='http:\/\/centralmedia.rs\/index.php\/2016\/09\/15\/jedini-konkurs-nadrealista-u-srbiji-maticu-u-cast-nagrada-mo-mou\/publika-cuprija-g-j\/'><img loading=\"lazy\" decoding=\"async\" width=\"900\" height=\"675\" src=\"http:\/\/centralmedia.rs\/wp-content\/uploads\/2016\/09\/publika-cuprija-g.j..jpg\" class=\"attachment-full size-full\" alt=\"\" srcset=\"http:\/\/centralmedia.rs\/wp-content\/uploads\/2016\/09\/publika-cuprija-g.j..jpg 900w, http:\/\/centralmedia.rs\/wp-content\/uploads\/2016\/09\/publika-cuprija-g.j.-300x225.jpg 300w, http:\/\/centralmedia.rs\/wp-content\/uploads\/2016\/09\/publika-cuprija-g.j.-768x576.jpg 768w, http:\/\/centralmedia.rs\/wp-content\/uploads\/2016\/09\/publika-cuprija-g.j.-80x60.jpg 80w, http:\/\/centralmedia.rs\/wp-content\/uploads\/2016\/09\/publika-cuprija-g.j.-265x198.jpg 265w\" sizes=\"(max-width: 900px) 100vw, 900px\" \/><\/a>\n\t\t\t<\/div><\/figure>\n\t\t<\/div>\n<br \/>\n-U\u010destvovao sam na sva tri predhodna konkursa, na prvom sam nagra\u0111en pohvalom, a sada prva nagrada. Tema je za mene izazov i ne mogu da odbijem konkurs. Nagrada je blagi melem za moju ranjenu du\u0161u i gor\u010dinu, koju sam povremeno ose\u0107ao kao sugra\u0111anin \u0106uprije. Du\u0161anu Mati\u0107u nisam du\u017ean, a i jesam, jer kada se njegovo ime izgovori to se izjedna\u010dava sa \u0106uprijom, tako da je meni drago \u0161to imamo takvog \u010doveka i to ljudi prepoznaju. \u017dao mi \u0161to je na konkurusu u\u010destvovao smo jedan \u0106upri\u010danin, rekao je Trajkovi\u0107.<br \/>\nDirektor Muzeja Horeom Margi-Ravno Novak Novakovi\u0107 istakao je da je konkurs ima me\u0111unarodni karakter, da je jedni likovni konkurs u Pomoravlju i jedini sa temom nadrealizma u Srbiji.<br \/>\n-Trajkovi\u0107ev rad je bio van konkurencije i u najve\u0107oj meri je odgovorio temi. \u017diri je bio jednoglasan kod sve tri nagrade. Nadrealizam je kao tema prepoznatljiv za stvarla\u0161tvo Du\u0161ana Mati\u0107a i osnovni kriterijum \u017eirija prilikom selekcije radova.Ove godine je 43. likovnih umetnika, vajara, skulptora i majstora fotografije konkurisalo sa 75 radova, rekao je on.<br \/>\nIzlo\u017eba umetni\u010dkih dela bi\u0107e otvorena u \u0107uprijskom muzeju narednih nedelja.<\/p>\n<p><strong><em>Pozitivni primeri Razglednica iz <\/em><\/strong><strong><em>\u0106uprije<\/em><\/strong><strong><em> \u2013 Projekat se realizuje uz pomo\u0107 sredstava iz bud\u017eeta Op\u0161tine \u0106uprija.<\/em><\/strong><\/p>\n<p>&nbsp;<\/p>\n","protected":false},"excerpt":{"rendered":"<p>\u0106UPRIJA-Nagrada jedinog likovnog konkursa u Srbiji koji se bavi temom nadrealizma ,,Mati\u0107u u \u010dast\u201c,odr\u017eanog u okviru 35. Mati\u0107evih dana u \u0106upriji, dodeljena je Mom\u010dilu Trajkovi\u0107u &hellip; <\/p>\n","protected":false},"author":4,"featured_media":4700,"comment_status":"open","ping_status":"open","sticky":false,"template":"","format":"standard","meta":{"footnotes":""},"categories":[1515,1524,2,15,887,12],"tags":[44,1229,1228],"_links":{"self":[{"href":"http:\/\/centralmedia.rs\/index.php\/wp-json\/wp\/v2\/posts\/4699"}],"collection":[{"href":"http:\/\/centralmedia.rs\/index.php\/wp-json\/wp\/v2\/posts"}],"about":[{"href":"http:\/\/centralmedia.rs\/index.php\/wp-json\/wp\/v2\/types\/post"}],"author":[{"embeddable":true,"href":"http:\/\/centralmedia.rs\/index.php\/wp-json\/wp\/v2\/users\/4"}],"replies":[{"embeddable":true,"href":"http:\/\/centralmedia.rs\/index.php\/wp-json\/wp\/v2\/comments?post=4699"}],"version-history":[{"count":0,"href":"http:\/\/centralmedia.rs\/index.php\/wp-json\/wp\/v2\/posts\/4699\/revisions"}],"wp:featuredmedia":[{"embeddable":true,"href":"http:\/\/centralmedia.rs\/index.php\/wp-json\/wp\/v2\/media\/4700"}],"wp:attachment":[{"href":"http:\/\/centralmedia.rs\/index.php\/wp-json\/wp\/v2\/media?parent=4699"}],"wp:term":[{"taxonomy":"category","embeddable":true,"href":"http:\/\/centralmedia.rs\/index.php\/wp-json\/wp\/v2\/categories?post=4699"},{"taxonomy":"post_tag","embeddable":true,"href":"http:\/\/centralmedia.rs\/index.php\/wp-json\/wp\/v2\/tags?post=4699"}],"curies":[{"name":"wp","href":"https:\/\/api.w.org\/{rel}","templated":true}]}}