{"id":6184,"date":"2017-01-02T19:29:10","date_gmt":"2017-01-02T19:29:10","guid":{"rendered":"http:\/\/centralmedia.rs\/?p=6184"},"modified":"2017-01-02T19:29:10","modified_gmt":"2017-01-02T19:29:10","slug":"cuprija-atletski-centar-srbije-balkana-atletska-dvorana-za-najveca-svetska-takmicenja","status":"publish","type":"post","link":"http:\/\/centralmedia.rs\/index.php\/2017\/01\/02\/cuprija-atletski-centar-srbije-balkana-atletska-dvorana-za-najveca-svetska-takmicenja\/","title":{"rendered":"\u0106UPRIJA ATLETSKI CENTAR SRBIJE I BALKANA &#8211; ATLETSKA DVORANA ZA NAJVE\u0106A SVETSKA TAKMI\u010cENJA"},"content":{"rendered":"<p>\u0106UPRIJA-\u0106uprija u ovoj godini dobija atletsku dvoranu u kojoj po dimenzijama i mogu\u0107nostima mogu da se odr\u017eavaju me\u0111unarodna takmi\u010denja. Na taj na\u010din, posle 50 godina od zlatane medalje na Evropskom prvenstvu Vere Nikoli\u0107, grad na Moravi dobija atletsku tartan stazu.<\/p>\n<figure id=\"attachment_6185\" aria-describedby=\"caption-attachment-6185\" style=\"width: 300px\" class=\"wp-caption alignright\"><a href=\"https:\/\/centralmedia.rs\/wp-content\/uploads\/2017\/01\/Atletika-kzn-Snezana-Pajkic-L-Dragan-Zdravkovic-D.jpg\"><img loading=\"lazy\" decoding=\"async\" class=\"size-medium wp-image-6185\" src=\"https:\/\/centralmedia.rs\/wp-content\/uploads\/2017\/01\/Atletika-kzn-Snezana-Pajkic-L-Dragan-Zdravkovic-D-300x200.jpg\" alt=\"\" width=\"300\" height=\"200\" srcset=\"http:\/\/centralmedia.rs\/wp-content\/uploads\/2017\/01\/Atletika-kzn-Snezana-Pajkic-L-Dragan-Zdravkovic-D-300x200.jpg 300w, http:\/\/centralmedia.rs\/wp-content\/uploads\/2017\/01\/Atletika-kzn-Snezana-Pajkic-L-Dragan-Zdravkovic-D-768x512.jpg 768w, http:\/\/centralmedia.rs\/wp-content\/uploads\/2017\/01\/Atletika-kzn-Snezana-Pajkic-L-Dragan-Zdravkovic-D.jpg 900w\" sizes=\"(max-width: 300px) 100vw, 300px\" \/><\/a><figcaption id=\"caption-attachment-6185\" class=\"wp-caption-text\">Sne\u017eana Pajki\u0107 i Dragan Zdravkovi\u0107<\/figcaption><\/figure>\n<p>-To je meni najlep\u0161i novogodi\u0161nji poklon i ispunjenje \u017eelja. Druga atletska dvorana u Srbiji gradi se u \u0106upriji. Dobi\u0107emo krug od 200 metara sa \u0161est staza, dok je beogradska sa \u010detiri staze. Dvorana omogu\u0107ava izvanredne uslove za zimske pripreme i o\u010dekujem veliki broj atleti\u010dara. Planiramo i postavljenje na tartan staze na gradskom stadionu, kao i izgradnju novih tribina, ka\u017ee legendarni atleti\u010dar Dragan Zdravkovi\u0107, koji je trener u AK Morava i predsednik Sporstkog saveza \u0106uprije.<\/p>\n<p>Jedina od atletskih u\u010denika profesora Petrovi\u0107a koja mo\u017ee da se priklju\u010di Zdravkovi\u0107u je Zoran Tomeci\u0107, dok je Veru Nikoli\u0107 i Sne\u017eani Pajki\u0107 \u017eivotni put odveo u druge gradove.<\/p>\n<p>-One nas podr\u017eavaju, vole i svim srcem podr\u017eavaju \u0107uprijsku atletiku, dodaje on.<\/p>\n<p>Posle Vere Nikoli\u0107, iz \u0106uprije su pristizala na svetska atletska takmi\u010denja, kao na traci, velika imena svetske atletike Zora Tomeci\u0107, Dragan Zdravkovi\u0107, Sne\u017eana Pajki\u0107&#8230;.<\/p>\n<figure id=\"attachment_6186\" aria-describedby=\"caption-attachment-6186\" style=\"width: 300px\" class=\"wp-caption alignleft\"><a href=\"https:\/\/centralmedia.rs\/wp-content\/uploads\/2017\/01\/potpisvanje-dokumenta-cupriej-i-ass.jpg\"><img loading=\"lazy\" decoding=\"async\" class=\"size-medium wp-image-6186\" src=\"https:\/\/centralmedia.rs\/wp-content\/uploads\/2017\/01\/potpisvanje-dokumenta-cupriej-i-ass-300x169.jpg\" alt=\"\" width=\"300\" height=\"169\" srcset=\"http:\/\/centralmedia.rs\/wp-content\/uploads\/2017\/01\/potpisvanje-dokumenta-cupriej-i-ass-300x169.jpg 300w, http:\/\/centralmedia.rs\/wp-content\/uploads\/2017\/01\/potpisvanje-dokumenta-cupriej-i-ass-768x431.jpg 768w, http:\/\/centralmedia.rs\/wp-content\/uploads\/2017\/01\/potpisvanje-dokumenta-cupriej-i-ass-1024x575.jpg 1024w, http:\/\/centralmedia.rs\/wp-content\/uploads\/2017\/01\/potpisvanje-dokumenta-cupriej-i-ass.jpg 1068w\" sizes=\"(max-width: 300px) 100vw, 300px\" \/><\/a><figcaption id=\"caption-attachment-6186\" class=\"wp-caption-text\">Saradnja \u0106uprije i ASS<\/figcaption><\/figure>\n<p>-\u0106uprija je grad atletike i u narednom periodu predstoji izgradnja atletskog kompleksa koji \u0107e biti nazvan ,,Aleksandar Aca Petrovi\u0107\u201d. Deo tog kompleksa je atletska dvorana i re\u010d je o velikom projektu\u00a0 jer omogu\u0107ava odr\u017eavanje najve\u0107ih me\u0111unarodnih takmi\u010denja. To je bitno za razvoj sportskog turizma i turizma uop\u0161te, jer o\u010dekujemo da se ovde pripremaju atleti\u010dari iz svih dr\u017eava u okru\u017eenju, rekao je predsednik te op\u0161tine Ninoslav Eri\u0107 .<\/p>\n<p>\u010cinjenica da samo vrednost tartan staze prema\u0161uje 3 miliona evra, govori o veli\u010dini i va\u017enosti projekta.<\/p>\n<p>-Radimo na idejnom re\u0161enju atletske dvorane, gotov je projekat stadiona, a celokupan prostor glavnog i pomo\u0107nog stadiona iskoristi\u0107emo za formiranje atletskog kompleksa, koji \u0107e sadr\u017eati letnju pozornicu i parkovske povr\u0161ine, govorio o planovima Eri\u0107.<\/p>\n<p>Vera Nikoli\u0107, Zora Tomeci\u0107, Sne\u017eana Pajki\u0107, Dragan Zdravkovi\u0107 i Aca Petrovi\u0107, svetski rekord na 800 metra 1968. godine, zlatne medalje sa evropskih prvenstava na 800 i 1.500 metara, po tim imenima i rezultatima \u0106uprija je u svetu bila poznata kao grad atletike, ali bez atletske staze i tartana.<\/p>\n","protected":false},"excerpt":{"rendered":"<p>\u0106UPRIJA-\u0106uprija u ovoj godini dobija atletsku dvoranu u kojoj po dimenzijama i mogu\u0107nostima mogu da se odr\u017eavaju me\u0111unarodna takmi\u010denja. Na taj na\u010din, posle 50 godina &hellip; <\/p>\n","protected":false},"author":4,"featured_media":4281,"comment_status":"open","ping_status":"open","sticky":false,"template":"","format":"standard","meta":{"footnotes":""},"categories":[1515,1524,2,21],"tags":[48,44,1576,1577],"_links":{"self":[{"href":"http:\/\/centralmedia.rs\/index.php\/wp-json\/wp\/v2\/posts\/6184"}],"collection":[{"href":"http:\/\/centralmedia.rs\/index.php\/wp-json\/wp\/v2\/posts"}],"about":[{"href":"http:\/\/centralmedia.rs\/index.php\/wp-json\/wp\/v2\/types\/post"}],"author":[{"embeddable":true,"href":"http:\/\/centralmedia.rs\/index.php\/wp-json\/wp\/v2\/users\/4"}],"replies":[{"embeddable":true,"href":"http:\/\/centralmedia.rs\/index.php\/wp-json\/wp\/v2\/comments?post=6184"}],"version-history":[{"count":0,"href":"http:\/\/centralmedia.rs\/index.php\/wp-json\/wp\/v2\/posts\/6184\/revisions"}],"wp:featuredmedia":[{"embeddable":true,"href":"http:\/\/centralmedia.rs\/index.php\/wp-json\/wp\/v2\/media\/4281"}],"wp:attachment":[{"href":"http:\/\/centralmedia.rs\/index.php\/wp-json\/wp\/v2\/media?parent=6184"}],"wp:term":[{"taxonomy":"category","embeddable":true,"href":"http:\/\/centralmedia.rs\/index.php\/wp-json\/wp\/v2\/categories?post=6184"},{"taxonomy":"post_tag","embeddable":true,"href":"http:\/\/centralmedia.rs\/index.php\/wp-json\/wp\/v2\/tags?post=6184"}],"curies":[{"name":"wp","href":"https:\/\/api.w.org\/{rel}","templated":true}]}}