{"id":7462,"date":"2017-04-05T15:30:21","date_gmt":"2017-04-05T15:30:21","guid":{"rendered":"http:\/\/centralmedia.rs\/?p=7462"},"modified":"2017-04-05T15:30:45","modified_gmt":"2017-04-05T15:30:45","slug":"nove-izlozbe-u-prirodnjackom-centru-srbije-u-svilajncu-najbolja-maketa-vulkana-u-evropi","status":"publish","type":"post","link":"http:\/\/centralmedia.rs\/index.php\/2017\/04\/05\/nove-izlozbe-u-prirodnjackom-centru-srbije-u-svilajncu-najbolja-maketa-vulkana-u-evropi\/","title":{"rendered":"NOVE IZLO\u017dBE U PRIRODNJA\u010cKOM CENTRU SRBIJE U SVILAJNCU &#8211; NAJBOLJA MAKETA VULKANA U EVROPI"},"content":{"rendered":"<p>SVILAJNAC-Pomo\u0107nik ministra Prosvete Bogoljug Lazarevi\u0107 i predsednik op\u0161tine Svilajnac Predrag Milanovi\u0107 otvorili su danas dve nove izlo\u017ebe u Prirodnja\u010dkom Centru Srbije u Svilajncu, te uru\u010dili ugovore o realizaciji stru\u010dne prakse za dvanaestoro pripravnika.<a href=\"https:\/\/centralmedia.rs\/wp-content\/uploads\/2017\/04\/vulkan.jpg\"><img loading=\"lazy\" decoding=\"async\" class=\"alignleft size-medium wp-image-7464\" src=\"https:\/\/centralmedia.rs\/wp-content\/uploads\/2017\/04\/vulkan-300x225.jpg\" alt=\"\" width=\"300\" height=\"225\" srcset=\"http:\/\/centralmedia.rs\/wp-content\/uploads\/2017\/04\/vulkan-300x225.jpg 300w, http:\/\/centralmedia.rs\/wp-content\/uploads\/2017\/04\/vulkan-768x576.jpg 768w, http:\/\/centralmedia.rs\/wp-content\/uploads\/2017\/04\/vulkan-80x60.jpg 80w, http:\/\/centralmedia.rs\/wp-content\/uploads\/2017\/04\/vulkan-265x198.jpg 265w, http:\/\/centralmedia.rs\/wp-content\/uploads\/2017\/04\/vulkan.jpg 900w\" sizes=\"(max-width: 300px) 100vw, 300px\" \/><\/a><\/p>\n<p>-Ove nedelje u Srbiji se de\u0161avaju dva velika doga\u0111aja, Srbija je dobila novog predsednika i drugi da Prirodnja\u010dki centar otvara dve nove izlo\u017ebe,rekao je u \u0161ali Milanovi\u0107 prilikom obra\u0107anja.<\/p>\n<p>-Prirodnja\u010dki centar je bio dobar u\u010denik i ja se nadam da \u0107e sada biti dobar u\u010ditelj, jer \u0107e u ovim prostorijama \u0111aci i nastavnici iz Svilajnca i cele Srbije poha\u0111ati nastavu iz istorije, biologije i geografije, istakao je Milanovi\u0107.<a href=\"https:\/\/centralmedia.rs\/wp-content\/uploads\/2017\/04\/pripravnici.jpg\"><img loading=\"lazy\" decoding=\"async\" class=\"alignleft size-medium wp-image-7465\" src=\"https:\/\/centralmedia.rs\/wp-content\/uploads\/2017\/04\/pripravnici-300x225.jpg\" alt=\"\" width=\"300\" height=\"225\" srcset=\"http:\/\/centralmedia.rs\/wp-content\/uploads\/2017\/04\/pripravnici-300x225.jpg 300w, http:\/\/centralmedia.rs\/wp-content\/uploads\/2017\/04\/pripravnici-768x576.jpg 768w, http:\/\/centralmedia.rs\/wp-content\/uploads\/2017\/04\/pripravnici-80x60.jpg 80w, http:\/\/centralmedia.rs\/wp-content\/uploads\/2017\/04\/pripravnici-265x198.jpg 265w, http:\/\/centralmedia.rs\/wp-content\/uploads\/2017\/04\/pripravnici.jpg 900w\" sizes=\"(max-width: 300px) 100vw, 300px\" \/><\/a><\/p>\n<p>Prvi put od otvaranja centra posetioci \u0107e mo\u0107i da zavire u Vulkan visine 10 metara i vide postavku na temu vulkanologije. Posetioci \u0107e imati priliku da \u0161etnjom kroz vulkan saznaju i nau\u010de sve o vulkanima, na interesantan i nesvakida\u0161nji na\u010din.<\/p>\n<p>-Vulkana u Srbiji nema i ne\u0107e ih biti bar jo\u0161 nekoliko miliona godina. Ili da razumemo da sledi erupcija Jeloustona u SAD. Mali broj \u00a0profesora geografije zna o vulkanima ovoliko koliko je ovde prikazano i pozivam ih sve da do\u0111u ovde na edukaciju, jer \u0107e na taj na\u010din obogatiti predavanja. To je jedna od najboljih maketa vulkana u Evropi, nigde nisam na\u0161ao ovako veran i sadr\u017eajan model vulkana, jer sam bio u Londonu, Madridu, Briselu\u2026naglasio je \u00a0prof dr Vladica Cvetkovi\u0107.<\/p>\n<p>Druga izlo\u017eba pod nazivom Geodiverzitet Srbije predstavlja upro\u0161\u0107eni geolo\u0161ki profil Srbije koji se prostire u pravcu Nik\u0161i\u0107 &#8211; Vidin do dubine od oko 10 kilometara. Drugim re\u010dima posetioci \u0107e mo\u0107i da saznaju kako bi izgledalo kada bi neko presekao tlo na\u0161e zemlje u pomenutom pravcu.<\/p>\n<p>-Srbija, pored prirodnog blaga, ima jo\u0161 jedno a to je Prirodnja\u010dki centar u Svilajncu. Uvek osetim veliko zadovoljstvo u Svilajncu, kada vidim entuzijazam i volju za rad. To je ne\u0161to \u0161to se retko sre\u0107e na ovim prostorima, rekao je prof dr Vladimir Simi\u0107.<\/p>\n<p>Tako\u0111e, na dana\u0161njem otvaranju uru\u010deni su ugovori za dvanaest novih pripravnika, koji o tro\u0161ku op\u0161tine mogu da zavr\u0161e stru\u010dnu praksu u trajanju od godinu dana.<a href=\"https:\/\/centralmedia.rs\/wp-content\/uploads\/2017\/04\/ucenici.jpg\"><img loading=\"lazy\" decoding=\"async\" class=\"alignleft size-medium wp-image-7466\" src=\"https:\/\/centralmedia.rs\/wp-content\/uploads\/2017\/04\/ucenici-300x225.jpg\" alt=\"\" width=\"300\" height=\"225\" srcset=\"http:\/\/centralmedia.rs\/wp-content\/uploads\/2017\/04\/ucenici-300x225.jpg 300w, http:\/\/centralmedia.rs\/wp-content\/uploads\/2017\/04\/ucenici-768x576.jpg 768w, http:\/\/centralmedia.rs\/wp-content\/uploads\/2017\/04\/ucenici-80x60.jpg 80w, http:\/\/centralmedia.rs\/wp-content\/uploads\/2017\/04\/ucenici-265x198.jpg 265w, http:\/\/centralmedia.rs\/wp-content\/uploads\/2017\/04\/ucenici.jpg 900w\" sizes=\"(max-width: 300px) 100vw, 300px\" \/><\/a><\/p>\n<p>Kako je Prirodnja\u010dki Centar Srbije Svilajnac ustanova sa pre svega nau\u010dnim karakterom, od ovog prole\u0107a u Centru se odr\u017eava redovna blok nastava za u\u010denike od prvog do osmog razreda Osnovne \u0161kole &#8220;Jovan Jovanovi\u0107 Zmaj&#8221; iz Svilajnca. \u010casovi se odr\u017eavaju iz predmeta Svet oko nas, Priroda i dru\u0161tvo, Biologija i Hemija, tako da deca na prakti\u010dnim i interesantnim primerima lak\u0161e mogu da savladaju \u0161kolsko gradivo.\u00a0Sav prihod od ulaznica koje su kupljene na dan otvaranja novih izlo\u017ebi dat je u humanitarne svrhe kako bi se pomoglo u le\u010denju dvogodi\u0161njeg Du\u0161ana Todorovi\u0107a iz Ku\u0161iljeva koji boluje od Neuroblastoma,najte\u017eeg malignog oboljenja kod dece.<\/p>\n<p>&nbsp;<\/p>\n","protected":false},"excerpt":{"rendered":"<p>SVILAJNAC-Pomo\u0107nik ministra Prosvete Bogoljug Lazarevi\u0107 i predsednik op\u0161tine Svilajnac Predrag Milanovi\u0107 otvorili su danas dve nove izlo\u017ebe u Prirodnja\u010dkom Centru Srbije u Svilajncu, te uru\u010dili &hellip; <\/p>\n","protected":false},"author":4,"featured_media":7463,"comment_status":"open","ping_status":"open","sticky":false,"template":"","format":"standard","meta":{"footnotes":""},"categories":[1524,2,887,1517],"tags":[677,1127,38],"_links":{"self":[{"href":"http:\/\/centralmedia.rs\/index.php\/wp-json\/wp\/v2\/posts\/7462"}],"collection":[{"href":"http:\/\/centralmedia.rs\/index.php\/wp-json\/wp\/v2\/posts"}],"about":[{"href":"http:\/\/centralmedia.rs\/index.php\/wp-json\/wp\/v2\/types\/post"}],"author":[{"embeddable":true,"href":"http:\/\/centralmedia.rs\/index.php\/wp-json\/wp\/v2\/users\/4"}],"replies":[{"embeddable":true,"href":"http:\/\/centralmedia.rs\/index.php\/wp-json\/wp\/v2\/comments?post=7462"}],"version-history":[{"count":0,"href":"http:\/\/centralmedia.rs\/index.php\/wp-json\/wp\/v2\/posts\/7462\/revisions"}],"wp:featuredmedia":[{"embeddable":true,"href":"http:\/\/centralmedia.rs\/index.php\/wp-json\/wp\/v2\/media\/7463"}],"wp:attachment":[{"href":"http:\/\/centralmedia.rs\/index.php\/wp-json\/wp\/v2\/media?parent=7462"}],"wp:term":[{"taxonomy":"category","embeddable":true,"href":"http:\/\/centralmedia.rs\/index.php\/wp-json\/wp\/v2\/categories?post=7462"},{"taxonomy":"post_tag","embeddable":true,"href":"http:\/\/centralmedia.rs\/index.php\/wp-json\/wp\/v2\/tags?post=7462"}],"curies":[{"name":"wp","href":"https:\/\/api.w.org\/{rel}","templated":true}]}}