{"id":7828,"date":"2017-05-05T17:05:01","date_gmt":"2017-05-05T17:05:01","guid":{"rendered":"http:\/\/centralmedia.rs\/?p=7828"},"modified":"2017-05-05T17:05:01","modified_gmt":"2017-05-05T17:05:01","slug":"posle-dve-decenije-novi-pogon-u-levcu","status":"publish","type":"post","link":"http:\/\/centralmedia.rs\/index.php\/2017\/05\/05\/posle-dve-decenije-novi-pogon-u-levcu\/","title":{"rendered":"POSLE DVE DECENIJE NOVI POGON U LEV\u010cU"},"content":{"rendered":"<p>REKOVAC-Predsednik op\u0161tine Rekovac dr Aleksandar \u0110or\u0111evi\u0107 izjavio je da \u0107e firma ,,Cveteks\u201d iz Beograda u do kraja maja otvoriti pogon u toj nerazvijenoj op\u0161tini, \u0161to je posle 20 godina prva industrijska investicija u Lev\u010du.<a href=\"https:\/\/centralmedia.rs\/wp-content\/uploads\/2017\/05\/pogon.jpg\"><img loading=\"lazy\" decoding=\"async\" class=\"alignright size-medium wp-image-7830\" src=\"https:\/\/centralmedia.rs\/wp-content\/uploads\/2017\/05\/pogon-180x300.jpg\" alt=\"\" width=\"180\" height=\"300\" srcset=\"http:\/\/centralmedia.rs\/wp-content\/uploads\/2017\/05\/pogon-180x300.jpg 180w, http:\/\/centralmedia.rs\/wp-content\/uploads\/2017\/05\/pogon.jpg 526w\" sizes=\"(max-width: 180px) 100vw, 180px\" \/><\/a><\/p>\n<p>-U pogonu za proizvodnju konfekcije \u00a0i za po\u010detak \u0107e biti zaposleno 40 radnika, a do kraja 2018. godine 80 do 100 radnika. Ne\u0107e biti problema, obe\u0107ali su, da zaposle i vi\u0161e ako budemo imali dovoljno radnika, objasnio je dr \u0110or\u0111evi\u0107. Iz \u201cCveteksa\u201d najavljuju da \u0107e proizvodnja po\u010deti polovinom maja.<\/p>\n<p>U Rekovcu, poslednjih 20 godina, prema re\u010dima \u0110or\u0111evi\u0107a, nije otvoren nijedan novi pogon, nije bilo novih radnih mesta, a \u201cCveteks\u201d ima pogone u nekoliko mesta u Srbiji, koji uspe\u0161no rade.<\/p>\n<p>\u2013 Ja sam po\u010detkom aprila odr\u017eao sastanak sa zainteresovanim za ovaj posao, kako sa onima koje imaju iskustvo u \u0161ivenju, tako i sa onima koje \u017eele da se nau\u010de kroz rad, odaziv je bio veliki, \u0161to nije \u010dudno, koliko ovde dugo nije otvoren nijedan pogon i koliko je nezaposlenih ljudi, rekao je dr \u0110or\u0111evi\u0107.<\/p>\n<p>\u201cCveteks\u201d \u0107e, dogovoreno je, sa Filijalom Nacionalne slu\u017ebe zapo\u0161ljavanja u Jagodini, organizovati obuku za 15 \u017eena.<\/p>\n<p>\u0110or\u0111evi\u0107 je dodao da \u0107e \u201cCveteks\u201d u po\u010detku raditi u hali biv\u0161e \u201cKonfekcije\u201d u centru Rekovca, dok ne sagradi sopstvenu, a op\u0161tina \u0107e tra\u017eiti od nadle\u017enog ministarstva da se u okviru Poljoprivredno-veterinarske \u0161kole u Rekovcu otvori jedno tekstilno odelenje za potreba ove firme, u kome \u0107e se sprovoditi dualno obrazovanje.<\/p>\n<p>Nepunih godinu dana od preuzimanja vlasti u Rekovcu i vra\u0107enih preko 50 miliona dinara duga veliki trud, marljivost predsednika op\u0161tine dr Aleksandra Djordjevi\u0107a i \u017eelja za razvojem Lev\u010da, dovela je do toga da je preduze\u0107e \u201cCvetex\u201d otvara pogon u Rekovcu.<\/p>\n<p>-Obe\u0107ali smo i to obe\u0107anje dr\u017eimo da smo servis gra\u0111ana Lev\u010da. Hvala vam na ukazanom poverenju, zaklju\u010dio je dr \u0110or\u0111evi\u0107.<\/p>\n<p>&nbsp;<\/p>\n<p><strong>\u00a0<\/strong><\/p>\n","protected":false},"excerpt":{"rendered":"<p>REKOVAC-Predsednik op\u0161tine Rekovac dr Aleksandar \u0110or\u0111evi\u0107 izjavio je da \u0107e firma ,,Cveteks\u201d iz Beograda u do kraja maja otvoriti pogon u toj nerazvijenoj op\u0161tini, \u0161to &hellip; <\/p>\n","protected":false},"author":4,"featured_media":7829,"comment_status":"open","ping_status":"open","sticky":false,"template":"","format":"standard","meta":{"footnotes":""},"categories":[1524,2,887,1519],"tags":[1811,1902,441],"_links":{"self":[{"href":"http:\/\/centralmedia.rs\/index.php\/wp-json\/wp\/v2\/posts\/7828"}],"collection":[{"href":"http:\/\/centralmedia.rs\/index.php\/wp-json\/wp\/v2\/posts"}],"about":[{"href":"http:\/\/centralmedia.rs\/index.php\/wp-json\/wp\/v2\/types\/post"}],"author":[{"embeddable":true,"href":"http:\/\/centralmedia.rs\/index.php\/wp-json\/wp\/v2\/users\/4"}],"replies":[{"embeddable":true,"href":"http:\/\/centralmedia.rs\/index.php\/wp-json\/wp\/v2\/comments?post=7828"}],"version-history":[{"count":0,"href":"http:\/\/centralmedia.rs\/index.php\/wp-json\/wp\/v2\/posts\/7828\/revisions"}],"wp:featuredmedia":[{"embeddable":true,"href":"http:\/\/centralmedia.rs\/index.php\/wp-json\/wp\/v2\/media\/7829"}],"wp:attachment":[{"href":"http:\/\/centralmedia.rs\/index.php\/wp-json\/wp\/v2\/media?parent=7828"}],"wp:term":[{"taxonomy":"category","embeddable":true,"href":"http:\/\/centralmedia.rs\/index.php\/wp-json\/wp\/v2\/categories?post=7828"},{"taxonomy":"post_tag","embeddable":true,"href":"http:\/\/centralmedia.rs\/index.php\/wp-json\/wp\/v2\/tags?post=7828"}],"curies":[{"name":"wp","href":"https:\/\/api.w.org\/{rel}","templated":true}]}}