{"id":8021,"date":"2017-05-19T18:37:15","date_gmt":"2017-05-19T18:37:15","guid":{"rendered":"http:\/\/centralmedia.rs\/?p=8021"},"modified":"2017-05-19T18:37:15","modified_gmt":"2017-05-19T18:37:15","slug":"susret-srpskih-makedonskih-bibliotekara","status":"publish","type":"post","link":"http:\/\/centralmedia.rs\/index.php\/2017\/05\/19\/susret-srpskih-makedonskih-bibliotekara\/","title":{"rendered":"SUSRET SRPSKIH I MAKEDONSKIH BIBLIOTEKARA"},"content":{"rendered":"<p>Bibliotekari iz Gradske biblioteke\u201eBra\u0107a Miladinovci\u201c iz Skoplja su u okviru studijskog putovanja koje je orgnizovala bibliote\u010dka mre\u017ea Srbije pod nazivom &#8220;Biblioteke na\u0161eg okru\u017eenja&#8221;posetli biblioteke u Jagodini, Lazarevcu, Valjevu i Beogradu, kako bi se upoznali sa radom i projektima njihovih biblioteka koje godinama uspe\u0161no sprovode.<\/p>\n<p>-Pre izvesnog vremena bili smo u prilici da se upoznamo sa radom makedonskih bibliotekara i bibliotekara iz Bugarske i veoma smo\u00a0 po\u010dastvovani smo \u0161to su na\u0161e kolege izrazile \u017eelju da do\u0111u i posete srpske bibliotekare, a me\u0111u njima da se upoznaju i sa radom i projektima na\u0161e biblioteke. Ovakve posete su veoma zna\u010dajne iz vi\u0161e razloga, pre svega bibliotekari\u00a0 iz Makedonije i Srbije imaju sli\u010dnu bibliote\u010dku infrastrukturu, sli\u010dne probleme i sli\u010dne ciljeve razvoja bibliotekarstva. Na ovaj na\u010din \u0107e razmenjivati svoja znanja, iskustva i primere dobre prakse , rekla je Vesna Crnkovi\u0107, direktorka jagodinske biblioteke.<\/p>\n<p>Gordana Andrejeva, zamenica direktora Gradske biblioteke \u201eBra\u0107a Miladinovci\u201c iz Skoplja, istakla je da su ovakvi susreti prilika da se uspostavi bolja sardnja na polju bibliotekarstva kao i da se dogovore zajedni\u010dki regionalni projekti koje finansiraju me\u0111unarodne organizacije. Go\u0161\u0107a iz Makedonije je naglasila da je bitno,\u00a0 ne samo mre\u017eno\u00a0 povezivanje biblioteka, ve\u0107\u00a0 i\u00a0 mnogi drugi\u00a0 vidovi saradnje. Na taj na\u010din biblioteke postaju bitan faktor pred lokalnim\u00a0 organima vlasti kao i pred regionalnim i me\u0111unarodnim organizacijama koje mogu pomo\u0107i u infrastrukturnom razvoju biblioteka i usvajanju novih principa rada.<\/p>\n<p>Gosti iz Makedonije su izjavili da su zadovoljni posetom i gostoprimstvom doma\u0107ina. Nakon obilaska seoskih biblioteka na teritoriji Jagodine imali su priliku i da obi\u0111u turisti\u010dke sadr\u017eaje u gradu. Kako reko\u0161e, iz na\u0161eg grada su sa sobom poneli sjajne utiske, a nakon Jagodine posetili su i biblioteke u Lazarevcu, Ljigu, Valjevu i Beogradu.<\/p>\n","protected":false},"excerpt":{"rendered":"<p>Bibliotekari iz Gradske biblioteke\u201eBra\u0107a Miladinovci\u201c iz Skoplja su u okviru studijskog putovanja koje je orgnizovala bibliote\u010dka mre\u017ea Srbije pod nazivom &#8220;Biblioteke na\u0161eg okru\u017eenja&#8221;posetli biblioteke u &hellip; <\/p>\n","protected":false},"author":4,"featured_media":8022,"comment_status":"open","ping_status":"open","sticky":false,"template":"","format":"standard","meta":{"footnotes":""},"categories":[1524,2,1514],"tags":[879,58,1954,1955],"_links":{"self":[{"href":"http:\/\/centralmedia.rs\/index.php\/wp-json\/wp\/v2\/posts\/8021"}],"collection":[{"href":"http:\/\/centralmedia.rs\/index.php\/wp-json\/wp\/v2\/posts"}],"about":[{"href":"http:\/\/centralmedia.rs\/index.php\/wp-json\/wp\/v2\/types\/post"}],"author":[{"embeddable":true,"href":"http:\/\/centralmedia.rs\/index.php\/wp-json\/wp\/v2\/users\/4"}],"replies":[{"embeddable":true,"href":"http:\/\/centralmedia.rs\/index.php\/wp-json\/wp\/v2\/comments?post=8021"}],"version-history":[{"count":0,"href":"http:\/\/centralmedia.rs\/index.php\/wp-json\/wp\/v2\/posts\/8021\/revisions"}],"wp:featuredmedia":[{"embeddable":true,"href":"http:\/\/centralmedia.rs\/index.php\/wp-json\/wp\/v2\/media\/8022"}],"wp:attachment":[{"href":"http:\/\/centralmedia.rs\/index.php\/wp-json\/wp\/v2\/media?parent=8021"}],"wp:term":[{"taxonomy":"category","embeddable":true,"href":"http:\/\/centralmedia.rs\/index.php\/wp-json\/wp\/v2\/categories?post=8021"},{"taxonomy":"post_tag","embeddable":true,"href":"http:\/\/centralmedia.rs\/index.php\/wp-json\/wp\/v2\/tags?post=8021"}],"curies":[{"name":"wp","href":"https:\/\/api.w.org\/{rel}","templated":true}]}}