{"id":9303,"date":"2017-08-29T08:40:34","date_gmt":"2017-08-29T08:40:34","guid":{"rendered":"http:\/\/centralmedia.rs\/?p=9303"},"modified":"2017-08-29T08:40:34","modified_gmt":"2017-08-29T08:40:34","slug":"prenosimo-n1-kad-markovic-resava-probleme-nekome-3-000-posao-za-sina","status":"publish","type":"post","link":"http:\/\/centralmedia.rs\/index.php\/2017\/08\/29\/prenosimo-n1-kad-markovic-resava-probleme-nekome-3-000-posao-za-sina\/","title":{"rendered":"PRENOSIMO N1 &#8211; Kad Markovi\u0107 re\u0161ava probleme: Nekome 3.000, posao za sina&#8230;"},"content":{"rendered":"<p>Izvor N1<\/p>\n<p>Autor Aleksandsar Naskovi\u0107<\/p>\n<p>Predsednik skup\u0161tine grada Jagodine Dragan Markovi\u0107 Palma je pred kamerama re\u0161avao probleme svojih sugra\u0111ana. Dok Markovi\u0107 navodi da je sve u skladu sa odredbama koje je donela lokalna samouprava, stru\u010dna javnost ocenjuje da se radi o kori\u0161\u0107enju javne funkcije za politi\u010dku promociju.<\/p>\n<p>Dugi redovi ispred i u zgradi op\u0161tine Jagodina. Stanovnici ovog grada u \u010detvrtak su \u010dekali na prijem kod \u010delnika lokalne samouprave. \u010cini se da je to na\u010din da re\u0161e neke od svojih problema.<\/p>\n<p><strong>Stanovnik Jagodine<\/strong>: Sam \u017eivim, pijem lekove za nogu, za reumu&#8230;<\/p>\n<p><strong>Markovi\u0107<\/strong>: Dobro, 3.000 za gospodina.<\/p>\n<p><strong>Stanovnica Jagodine<\/strong>: \u017divim sa sinom nezaposlenim, penzija mi je 7.000.<\/p>\n<p><strong>Markovi\u0107<\/strong>: Koliko sin ima godina.<\/p>\n<p><strong>Stanovnica Jagodine<\/strong>: On je 1971. godi\u0161te.<\/p>\n<p><strong>Markovi\u0107<\/strong>: Sin da do\u0111e u ponedeljak i odmah u utorak po\u010dinje da radi. Ne mo\u017ee sin koji ima 30 i ne\u0161to godina da ne radi u ovom gradu.<\/p>\n<p><strong>Stanovnica Jagodine<\/strong>: \u017divim sa sinom i dva unu\u010deta i sa snajom, bolesna sam, dijabeti\u010dar, kupujem lekove Dragane.<\/p>\n<p><strong>Markovi\u0107<\/strong>: Dobro, 2.000 za gospo\u0111u.<\/p>\n<p>Iako deluje da iznos odre\u0111uje po sopstvenoj proceni, Markovi\u0107 za N1 ka\u017ee da novac iz bud\u017eeta koji je skup\u0161tina u\u0161tedela, gra\u0111ani dobijaju na osnovu odluke lokalne samouprave.<\/p>\n<p>&#8220;Ko god se pojavi da mu treba pomo\u0107, ja rekao sam koliko gra\u0111ana poznajem, porodice &#8230; i sve po zakonu&#8221;, tvrdi Markovi\u0107.<\/p>\n<p><strong>N1<\/strong>: Dobro, ali kako mo\u017ee da zavisi od toga da li \u0107ete vi da odredite 3.000 ili 2.000, zar ne treba zakon to da reguli\u0161e?<\/p>\n<p><strong>Markovi\u0107<\/strong>: Pa zavisi, mi imamo odluku. Ako je jedan \u010dlan u porodici bolestan &#8211; 2.000, ako su dva \u010dlana &#8211; 4.000, sve postoji odluka, ne odre\u0111ujem ja. Ja sve radim po odluci, razumete. Ja samo ih pitam i razgovaram sa njima, a za sve postoji odluka.<\/p>\n<p>U slu\u010daju nezaspolenog sina, Markovi\u0107 je bio kategori\u010dan da od utorka po\u010dinje da radi. Sada, me\u0111utim, obja\u0161njava da on nikoga ne zapo\u0161ljava, ve\u0107 samo poma\u017ee gra\u0111anima da nadju posao.<\/p>\n<p>&#8220;Pazite, na primer, Andrea konfekcioni tra\u017ei 50 radnika sada. mi po\u0161aljemo 200. Neka oni odlu\u010de, rade test, ko je sposoban i ko se osposobi da radi za tom ma\u0161inom on radi. Ne nare\u0111ujem ja direktoru ovog primi, ovog nemoj&#8221;, obja\u0161njava Markovi\u0107.<\/p>\n<p>Nemanja Nenadi\u0107 iz Transparentnosti Srbija smatra da se u ovom slu\u010daju radi o politi\u010dkoj promociji Markovi\u0107a i kori\u0161\u0107enju javne funkcije za dobijanje poena kod gra\u0111ana.<\/p>\n<p>&#8220;Pravo pitanje zaista jeste da li ti gra\u0111ani na osnovu odluka grada imaju pravo da dobiju tu pomo\u0107 ili ne. Da li bi oni drugim re\u010dima dobili da nije bilo ovih kamera i ovog susreta ili ne. I zbog \u010dega ima je onda uop\u0161te i bilo potrebno da do\u0111u u Skup\u0161tinu grada na taj razgovor ako su i ina\u010de imali pravo da dobiju nov\u010danu pomo\u0107 ove vrste&#8221;, ka\u017ee Nenadi\u0107.<\/p>\n<p>Markovi\u0107 je ina\u010de poznati i po organizovanju putovanja za \u0111ake, studente ili razne delegacije iz Jagodine u zemlje Evropske unije, koje, kako navodi, pla\u0107aju donatori. Sa 300 prosvetnih radnika trenutno je u Paraliji.<\/p>\n","protected":false},"excerpt":{"rendered":"<p>Izvor N1 Autor Aleksandsar Naskovi\u0107 Predsednik skup\u0161tine grada Jagodine Dragan Markovi\u0107 Palma je pred kamerama re\u0161avao probleme svojih sugra\u0111ana. Dok Markovi\u0107 navodi da je sve &hellip; <\/p>\n","protected":false},"author":4,"featured_media":9213,"comment_status":"open","ping_status":"open","sticky":false,"template":"","format":"standard","meta":{"footnotes":""},"categories":[1524,2,1514,13,12],"tags":[2050,58],"_links":{"self":[{"href":"http:\/\/centralmedia.rs\/index.php\/wp-json\/wp\/v2\/posts\/9303"}],"collection":[{"href":"http:\/\/centralmedia.rs\/index.php\/wp-json\/wp\/v2\/posts"}],"about":[{"href":"http:\/\/centralmedia.rs\/index.php\/wp-json\/wp\/v2\/types\/post"}],"author":[{"embeddable":true,"href":"http:\/\/centralmedia.rs\/index.php\/wp-json\/wp\/v2\/users\/4"}],"replies":[{"embeddable":true,"href":"http:\/\/centralmedia.rs\/index.php\/wp-json\/wp\/v2\/comments?post=9303"}],"version-history":[{"count":1,"href":"http:\/\/centralmedia.rs\/index.php\/wp-json\/wp\/v2\/posts\/9303\/revisions"}],"predecessor-version":[{"id":9304,"href":"http:\/\/centralmedia.rs\/index.php\/wp-json\/wp\/v2\/posts\/9303\/revisions\/9304"}],"wp:featuredmedia":[{"embeddable":true,"href":"http:\/\/centralmedia.rs\/index.php\/wp-json\/wp\/v2\/media\/9213"}],"wp:attachment":[{"href":"http:\/\/centralmedia.rs\/index.php\/wp-json\/wp\/v2\/media?parent=9303"}],"wp:term":[{"taxonomy":"category","embeddable":true,"href":"http:\/\/centralmedia.rs\/index.php\/wp-json\/wp\/v2\/categories?post=9303"},{"taxonomy":"post_tag","embeddable":true,"href":"http:\/\/centralmedia.rs\/index.php\/wp-json\/wp\/v2\/tags?post=9303"}],"curies":[{"name":"wp","href":"https:\/\/api.w.org\/{rel}","templated":true}]}}