{"id":9305,"date":"2017-08-29T08:58:04","date_gmt":"2017-08-29T08:58:04","guid":{"rendered":"http:\/\/centralmedia.rs\/?p=9305"},"modified":"2017-08-29T08:58:54","modified_gmt":"2017-08-29T08:58:54","slug":"posle-policijskog-zadrzavanja-privatni-izvrsitelj-se-brani-sa-slobode","status":"publish","type":"post","link":"http:\/\/centralmedia.rs\/index.php\/2017\/08\/29\/posle-policijskog-zadrzavanja-privatni-izvrsitelj-se-brani-sa-slobode\/","title":{"rendered":"POSLE POLICIJSKOG ZADR\u017dAVANJA &#8211; PRIVATNI IZVR\u0160ITELJ SE BRANI SA SLOBODE"},"content":{"rendered":"<p>JAGODINA-Sudija za predhodni postupak Vi\u0161eg suda u Jagodini odbio predlog Vi\u0161eg tu\u017eila\u0161tva za odre\u0111ivanje pritvora javnom izvr\u0161itelju Z.D. (60), ve\u0107 je samo zabranio osumnji\u010denom komunikaciju sa licima koja bi mogal da se pojave u sudskom postupku, ako do\u0111e do pozidanja optu\u017enice. U tu\u017eila\u0161tvu je potvr\u0111eno da je ulo\u017eena \u017ealba.<\/p>\n<p>Ina\u010de, Komora javnih izvr\u0161itelja saop\u0161tila je da nema osnova za pokretanje disciplinskog postupka protiv javnog izvr\u0161itelja Z. D. (60) iz Jagodine, kojeg je lokalna policija nedavno uhapsila zbog sumnje da je zloupotrebio slu\u017ebeni polo\u017eaj u slu\u010daju rudnika uglja Resavica.<\/p>\n<p>Jagodinska policija saop\u0161tije 25. avgusta da je uhapsila Z.D. (60) zbog sumnje da je zloupotrebio slu\u017ebeni polo\u017eaj i to tako \u0161to je neposrednom pogodbom od maja do septembra 2016. prodao ugalj i otpadno gvo\u017e\u0111e po ceni za 40 odsto ni\u017eoj od propisane i time o\u0161tetio &#8220;Resavicu&#8221; za vi\u0161e od 4,8 miliona dinara, navedeno je tada u saop\u0161tenju.<\/p>\n<p>Komora je u saop\u0161tenju navela da je &#8220;sudija za prethodni postupak na\u0161ao da ne postoji osnov za odre\u0111ivanje pritvora u ovom slu\u010daju&#8221;.<\/p>\n<p>Komora je saop\u0161tila i da je izvr\u0161ila nadzor rada tog javnog izvr\u0161itelja u slu\u010daju Resavice i da je &#8220;nadzorna komisija Komore utvrdila da su radnje izvr\u0161enja preduzete u skladu sa Zakonom o izvr\u0161enju i obezbe\u0111enju&#8221;<\/p>\n<p>&#8220;U ovim predmetima je utvr\u0111eno da izvr\u0161ni du\u017enik nije koristio pravo na podno\u0161enje pravnih lekova koji su mu stajali na raspolaganju, odnosno zahteve za otklanjanje nepravilnosti nadle\u017enom sudu&#8221;, navela je Komora.<\/p>\n<p>Komora javnih izvr\u0161itelja, kako se navodi u saop\u0161tenju, ocenila je u skladu sa svojim nadle\u017enostima &#8220;da nema osnova za pokretanje disciplinskog postupka&#8221;.<\/p>\n","protected":false},"excerpt":{"rendered":"<p>JAGODINA-Sudija za predhodni postupak Vi\u0161eg suda u Jagodini odbio predlog Vi\u0161eg tu\u017eila\u0161tva za odre\u0111ivanje pritvora javnom izvr\u0161itelju Z.D. (60), ve\u0107 je samo zabranio osumnji\u010denom komunikaciju &hellip; <\/p>\n","protected":false},"author":4,"featured_media":9306,"comment_status":"open","ping_status":"open","sticky":false,"template":"","format":"standard","meta":{"footnotes":""},"categories":[1524,20,2,1514],"tags":[2255,58,2254],"_links":{"self":[{"href":"http:\/\/centralmedia.rs\/index.php\/wp-json\/wp\/v2\/posts\/9305"}],"collection":[{"href":"http:\/\/centralmedia.rs\/index.php\/wp-json\/wp\/v2\/posts"}],"about":[{"href":"http:\/\/centralmedia.rs\/index.php\/wp-json\/wp\/v2\/types\/post"}],"author":[{"embeddable":true,"href":"http:\/\/centralmedia.rs\/index.php\/wp-json\/wp\/v2\/users\/4"}],"replies":[{"embeddable":true,"href":"http:\/\/centralmedia.rs\/index.php\/wp-json\/wp\/v2\/comments?post=9305"}],"version-history":[{"count":2,"href":"http:\/\/centralmedia.rs\/index.php\/wp-json\/wp\/v2\/posts\/9305\/revisions"}],"predecessor-version":[{"id":9308,"href":"http:\/\/centralmedia.rs\/index.php\/wp-json\/wp\/v2\/posts\/9305\/revisions\/9308"}],"wp:featuredmedia":[{"embeddable":true,"href":"http:\/\/centralmedia.rs\/index.php\/wp-json\/wp\/v2\/media\/9306"}],"wp:attachment":[{"href":"http:\/\/centralmedia.rs\/index.php\/wp-json\/wp\/v2\/media?parent=9305"}],"wp:term":[{"taxonomy":"category","embeddable":true,"href":"http:\/\/centralmedia.rs\/index.php\/wp-json\/wp\/v2\/categories?post=9305"},{"taxonomy":"post_tag","embeddable":true,"href":"http:\/\/centralmedia.rs\/index.php\/wp-json\/wp\/v2\/tags?post=9305"}],"curies":[{"name":"wp","href":"https:\/\/api.w.org\/{rel}","templated":true}]}}