{"id":9552,"date":"2017-09-15T06:25:48","date_gmt":"2017-09-15T06:25:48","guid":{"rendered":"http:\/\/centralmedia.rs\/?p=9552"},"modified":"2017-09-15T06:26:06","modified_gmt":"2017-09-15T06:26:06","slug":"obracanje-predsednika-opstine-paracin-godina-iza-paracina","status":"publish","type":"post","link":"http:\/\/centralmedia.rs\/index.php\/2017\/09\/15\/obracanje-predsednika-opstine-paracin-godina-iza-paracina\/","title":{"rendered":"OBRA\u0106ANJE PREDSEDNIKA OP\u0160TINE PARA\u0106IN &#8211; GODINA IZA NAS"},"content":{"rendered":"<p><strong>PARA\u0106IN-Predsednik op\u0161tine Para\u0107in Sa\u0161a Paunovi\u0107 u tradicionalnom intervjuu povodom dana te op\u0161tine istakao je da se nezaposlenost pribli\u017eila nivou iz 2002. godine, dok su uporedo u protekle \u010detiri godine otvarana nova radna mesta u doma\u0107im malim i srednjim preduze\u0107ima. Najve\u0107a opasnost za pove\u0107anje broja nezaposlenih je situacija u Srpskoj fabrici stakla. Para\u0107in je ove godine uspeo da privu\u010de preko 11 miliona evra i 31 milion dinara, dr\u017eavnih i me\u0111unarodnih sredstava, za relizaciju vitalnih projekata u komunalnoj infrastrukturi. Slede\u0107e godine bi\u0107e realizovane kapitalne investicije u vodosnabdevanju, \u0161to \u0107e otkloniti probleme koji su se javili ovog leta.<\/strong><\/p>\n<div id='gallery-1' class='gallery galleryid-9552 gallery-columns-3 gallery-size-full'><figure class='gallery-item'>\n\t\t\t<div class='gallery-icon landscape'>\n\t\t\t\t<a href='http:\/\/centralmedia.rs\/index.php\/2017\/09\/15\/obracanje-predsednika-opstine-paracin-godina-iza-paracina\/prijem-2\/'><img loading=\"lazy\" decoding=\"async\" width=\"900\" height=\"675\" src=\"http:\/\/centralmedia.rs\/wp-content\/uploads\/2017\/09\/prijem.jpg\" class=\"attachment-full size-full\" alt=\"\" srcset=\"http:\/\/centralmedia.rs\/wp-content\/uploads\/2017\/09\/prijem.jpg 900w, http:\/\/centralmedia.rs\/wp-content\/uploads\/2017\/09\/prijem-300x225.jpg 300w, http:\/\/centralmedia.rs\/wp-content\/uploads\/2017\/09\/prijem-768x576.jpg 768w, http:\/\/centralmedia.rs\/wp-content\/uploads\/2017\/09\/prijem-80x60.jpg 80w, http:\/\/centralmedia.rs\/wp-content\/uploads\/2017\/09\/prijem-265x198.jpg 265w\" sizes=\"(max-width: 900px) 100vw, 900px\" \/><\/a>\n\t\t\t<\/div><\/figure><figure class='gallery-item'>\n\t\t\t<div class='gallery-icon landscape'>\n\t\t\t\t<a href='http:\/\/centralmedia.rs\/index.php\/2017\/09\/15\/obracanje-predsednika-opstine-paracin-godina-iza-paracina\/prijem-2-2\/'><img loading=\"lazy\" decoding=\"async\" width=\"900\" height=\"675\" src=\"http:\/\/centralmedia.rs\/wp-content\/uploads\/2017\/09\/prijem-2.jpg\" class=\"attachment-full size-full\" alt=\"\" srcset=\"http:\/\/centralmedia.rs\/wp-content\/uploads\/2017\/09\/prijem-2.jpg 900w, http:\/\/centralmedia.rs\/wp-content\/uploads\/2017\/09\/prijem-2-300x225.jpg 300w, http:\/\/centralmedia.rs\/wp-content\/uploads\/2017\/09\/prijem-2-768x576.jpg 768w, http:\/\/centralmedia.rs\/wp-content\/uploads\/2017\/09\/prijem-2-80x60.jpg 80w, http:\/\/centralmedia.rs\/wp-content\/uploads\/2017\/09\/prijem-2-265x198.jpg 265w\" sizes=\"(max-width: 900px) 100vw, 900px\" \/><\/a>\n\t\t\t<\/div><\/figure><figure class='gallery-item'>\n\t\t\t<div class='gallery-icon landscape'>\n\t\t\t\t<a href='http:\/\/centralmedia.rs\/index.php\/2017\/09\/15\/obracanje-predsednika-opstine-paracin-godina-iza-paracina\/prijem-1-2\/'><img loading=\"lazy\" decoding=\"async\" width=\"900\" height=\"675\" src=\"http:\/\/centralmedia.rs\/wp-content\/uploads\/2017\/09\/prijem-1.jpg\" class=\"attachment-full size-full\" alt=\"\" srcset=\"http:\/\/centralmedia.rs\/wp-content\/uploads\/2017\/09\/prijem-1.jpg 900w, http:\/\/centralmedia.rs\/wp-content\/uploads\/2017\/09\/prijem-1-300x225.jpg 300w, http:\/\/centralmedia.rs\/wp-content\/uploads\/2017\/09\/prijem-1-768x576.jpg 768w, http:\/\/centralmedia.rs\/wp-content\/uploads\/2017\/09\/prijem-1-80x60.jpg 80w, http:\/\/centralmedia.rs\/wp-content\/uploads\/2017\/09\/prijem-1-265x198.jpg 265w\" sizes=\"(max-width: 900px) 100vw, 900px\" \/><\/a>\n\t\t\t<\/div><\/figure>\n\t\t<\/div>\n\n<p><strong>\u00a0Ostali deo obra\u0107anja prenosimo integralno.<\/strong><\/p>\n<ol>\n<li><strong> Ponovo su smanjeni su bud\u017eeti svih op\u0161tina u Srbiji.<\/strong><\/li>\n<\/ol>\n<p><strong>\u00a0<\/strong><\/p>\n<p>Dr\u017eava je jo\u0161 od 2012.god., pre nego \u0161to su smanjene penzije i plate u\u010ditelja lekara krenula u smanjenje op\u0161tinskih bud\u017eeta kroz \u010ditav niz mera.U\u00a0ovom trenutku, bud\u017eeti su toliko smanjeni u odnosu na 2012.god. da su manji \u010dak i od vremena po\u010detka ekonomske krize.Da bi se razumelo koliko je ovo smanjenje drasti\u010dno, u pogledu re\u0161avanja problema gra\u0111ana kao \u0161to je izgradnja ulica, obnova \u0161kola itd. da nije bilo smanjenja bud\u017eeta sada bismo bili u 2022. godini. Tj. tek za pet godina bi\u0107emo tamo gde je trebalo da budemo 2017.god.<\/p>\n<p><strong>\u00a0<\/strong><strong>Ekonomski rast u Srbiji u ovoj godini ponovo je podbacio i to je jo\u0161 jedna lo\u0161a vest,<\/strong>Srbija je po ekonomskom rastu najgora u regionu, me\u0111u najgorima u Evropi \u0161to zna\u010di da se ni od op\u0161tina ne mo\u017ee mnogo o\u010dekivati u pogledu re\u0161avanja problema gra\u0111ana.<strong>Bez obzira na ove objektivne okolnosti koje su podjednak problem za sve op\u0161tine u Srbiji, bilo je pomaka u re\u0161avanju problema gra\u0111ana:<\/strong><strong>\u00a0<\/strong><\/p>\n<ol>\n<li><strong> U protekloj godini izvedeni su ili su ugovoreni i bi\u0107e sprovedeni slede\u0107i radovi:<\/strong><\/li>\n<\/ol>\n<p><strong>1.\u00a0<\/strong>Asfaltira se preko 20 seoskih ulica<\/p>\n<p>2.Gra\u0111ena je kanalizaciona mre\u017ea u tri prigradska naselja i gradi se i gradi\u0107e se u pet seoskih mesnih zajednica.<\/p>\n<p>3.Vodovodna mre\u017ea gra\u0111ena je u tri seoske mesne zajednice i radovi treba da po\u010dnu u \u010detvrtom selu, rekonstrukcija mre\u017ee obavljana je u Popovcu, a tako\u0111e bi trebalo da dovod vode bude izgra\u0111en i do poslednjeg sela i poslednje seoske \u0161kole, od 28 koliko ih ima, koje u ovom trenutku nema pristup gradskom vodovodu.<\/p>\n<p>4.Zavr\u0161ena je jo\u0161 jedna faza kulturnog centra, u slede\u0107oj godini treba u funkciju staviti jo\u0161 prostor ispod kupole i \u010ditav objekat bi\u0107e kona\u010dno zavr\u0161en<\/p>\n<p>d Posle mnogo godina zamenjen je parket u sportskom centru<\/p>\n<p>\u0111. Privodi se kraju izmena PGR koja treba da omogu\u0107i izgradnju infrastrukture u prigradskim naseljima<\/p>\n<p>e Obavljeni su i mnogi drugi poslovi, ure\u0111ivane su javne povr\u0161ine i u selu i u gradu, pripremljeno mnogo projektne dokumentacije, od ure\u0111enja centra grada, do rekonstrukcije \u0161kola, nastavlja se opremanje parcela u industrijskoj zoni<\/p>\n<p><strong>\u00a0<\/strong><\/p>\n<ol start=\"2\">\n<li><strong> Ova godina u pogledu obezbe\u0111enja sredstava za realizaciju projekata u saradnji sa republikom i me\u0111unarodnim organizacijama bila je apsolutno rekordna<\/strong><\/li>\n<\/ol>\n<p><strong>\u00a0<\/strong><\/p>\n<p>Ukratko \u2013 ako se po obezbe\u0111enim sredstvima uz potpise republike sudi o saradnji lokala i republike, moglo bi da se oceni da je Para\u0107in u najve\u0107oj saradnji sa dr\u017eavnim vlastima. Naravno, re\u010d je pre svega o tome da smo bili uspe\u0161ni na javnim konkursima, da smo zbog kontinuiteta rada istog tima bili u prilici da strate\u0161ki i na vreme pripremimo projektnu dokumentaciju i delom o sticaju okolnosti da sporazumi na kojima smo godinama radili svi budu potpisani ove godine.<\/p>\n<p><strong>2.1. Potpisani su slede\u0107i sporazumi<\/strong><\/p>\n<ol start=\"3\">\n<li>Novi sistem odbrane od poplava, sredstva EU, JVP \u201cSrbijavode\u201d 3.9 miliona EUR<\/li>\n<\/ol>\n<p>&nbsp;<\/p>\n<ol>\n<li>Eneregetska efikasnost, rekonstrukcija pet \u0161kola, \u0160vajcarska razvojna agencija, u iznosu od 1.2 miliona \u0161vajcarskih franaka (1.044 miliona EUR)<\/li>\n<li>Dodatno unapre\u0111enje za\u0161tite od poplava, \u0160vajcarska razvojna agencija, u iznosu od 3.2 miliona \u0161vajcarskih franaka (2.785 miliona EUR)<\/li>\n<\/ol>\n<p>&nbsp;<\/p>\n<ol start=\"3\">\n<li>Unapre\u0111enje vodosnabdevanja, zamena ve\u0107eg dela glavnog cevovoda, dela mre\u017ee u gradu, novi bunari, 3.4 miliona EUR<\/li>\n<\/ol>\n<p>&nbsp;<\/p>\n<p>Samo ovi projekti u zbiru daju iznos od 11.128 miliona EUR, \u0161to je apsolutni rekord u poslednjih nekoliko decenija<\/p>\n<p><strong>\u00a0<\/strong><\/p>\n<p><strong>2.2. Odobrena su sredstva i za slede\u0107e projekte:<\/strong><\/p>\n<p>&nbsp;<\/p>\n<ol>\n<li>Komasacija u ataru Donjeg Vidova 1.945 miliona + 11.697 miliona (oko 13.5 miliona)<\/li>\n<\/ol>\n<p>&nbsp;<\/p>\n<ol>\n<li>Poljski putevi u Buljanu 833 hiljade dinara<\/li>\n<\/ol>\n<p>&nbsp;<\/p>\n<ol start=\"12\">\n<li>Podr\u0161ka za dodatne socijalne programe 12.391 milion dinara<\/li>\n<\/ol>\n<p>&nbsp;<\/p>\n<ol start=\"3\">\n<li>Zavr\u0161etak izgradnje depoa muzeja 3.6 miliona dinara<\/li>\n<\/ol>\n<p>&nbsp;<\/p>\n<ol>\n<li>Aktivnosti turisti\u010dke organizacije 1 milion dinara<\/li>\n<\/ol>\n<p>&nbsp;<\/p>\n<p>To je dodatnih 31.466 miliona dinara gde su ugovori ve\u0107 potpisani, deo je i u realizaciji.<\/p>\n<p>&nbsp;<\/p>\n<p><strong>2.3. U proceduri su projekti:<\/strong><\/p>\n<p>&nbsp;<\/p>\n<ol>\n<li>Sanacija i rekonstrukcija \u010detiri javna objekta, od kojih je za tri ve\u0107 pripremljena projektna dokumentacija i u nekoj su fazi procedure odobravanja radova, dok se za \u010detvrti upravo po zahtevu republi\u010dkih institucija priprema projektna dokumentacija. Ukupna vrednost svih ovih projekata je oko 100 miliona dinara.<\/li>\n<\/ol>\n<p>&nbsp;<\/p>\n<ol>\n<li>Priprema projektne dokumentacije za jo\u0161 jedan vi\u0161enamenski infrastrukturni objekat u saradnji sa republi\u010dkim institucijama koji bi mogao da zna\u010di investiciju reda veli\u010dine od 1.5 milion EUR.<\/li>\n<\/ol>\n<p>&nbsp;<\/p>\n<p>Ovom prilikom ne\u0107u re\u0107i o kojim se projektima u pripremi radi, iz dva razloga<\/p>\n<p>&nbsp;<\/p>\n<ol>\n<li>Sredstva jo\u0161 nisu definitivno obezbe\u0111ena, procedura je u toku i mo\u017eda \u0107emo ve\u0107 za nekoliko dana znati da li smo bili uspe\u0161ni i u ovoj proceduri<\/li>\n<\/ol>\n<p>&nbsp;<\/p>\n<ol>\n<li>U ovoj godini, po prvi put od kako radim ovaj posao, a ima tome sedamnaest godina, imamo informaciju da postoji aktivno lobiranje, iz Para\u0107ina, prema republi\u010dkim institucijama, da se za Para\u0107in ne odobre sredstva.<\/li>\n<\/ol>\n<p>&nbsp;<\/p>\n<p>Do sada je \u010desto bilo lobiranja mimo lokalne samouprave da se od strane republike odobri neki projekat, kako bi se neka politi\u010dka organizacija time pohvalila i dobila neke politi\u010dke poene.<\/p>\n<p>&nbsp;<\/p>\n<p>Me\u0111utim, ovo je suprotna situacija, slu\u017ebenici sa kojima godinama sara\u0111ujemo u ministarstvima, koji su i sami bili zapanjeni time, informisali su nas o poku\u0161ajima lobiranja iz Para\u0107ina, protiv Para\u0107ina.<\/p>\n<p>&nbsp;<\/p>\n<p>Me\u0111utim, ti poku\u0161aji, kao \u0161to se vidi, nisu bili uspe\u0161ni.<\/p>\n<p>&nbsp;<\/p>\n<ol start=\"3\">\n<li><strong> Kad je re\u010d o problemima sa kojima smo se u proteklih godinu dana suo\u010dili izdvoji\u0107u dva<\/strong><\/li>\n<\/ol>\n<p>&nbsp;<\/p>\n<p><strong>3.1. Prvi problem je kriza sa vodosnabdevanjem tokom rekordnih vru\u0107ina ove godine<\/strong><\/p>\n<p>&nbsp;<\/p>\n<ol>\n<li>Uzrok su najpre bile velike vru\u0107ene koje su donele veliku potro\u0161nju.<\/li>\n<\/ol>\n<p>&nbsp;<\/p>\n<ol>\n<li>Uz veliku potro\u0161nju imali smo i velike kvarove na glavnom dovodu koji se nisu mogli predvideti.<\/li>\n<li>Vodovod kao i sve slu\u017ebe op\u0161tine trpi zbog zabrane zapo\u0161ljavanja koja traje godinama. Vi\u0161e od polovine iskusnih terenskih radnika, montera, napustilo je preduze\u0107e a nije bilo mogu\u0107e zaposliti nove kojima bi preneli znanje.<\/li>\n<\/ol>\n<p>&nbsp;<\/p>\n<ol>\n<li>\u0160tab za vanredne situacije utvrdio je da je bilo i propusta zaposlenih u vodovodu, te da bi bez tih propusta kriza bila ubla\u017eena, tj. manje gra\u0111ana bi imalo problema sa vodosnabdevanjem. Deo problema su i pumpe u stambenim zgradama o\u0161te\u0107ene u poplavi koje su vlasni\u0161tvo samih stanara, koje su u ranijim su\u0161nim periodima bile u funkciji.<\/li>\n<\/ol>\n<p>&nbsp;<\/p>\n<ol>\n<li>Koristim i ovu priliku da se izvinim gra\u0111anima zbog problema tokom leta.<\/li>\n<\/ol>\n<p>&nbsp;<\/p>\n<p>\u0111. Tako\u0111e koristim ovu priliku da napomenem da jedan od projekata koji sam ranije pomenuo, projekat unapre\u0111enja vodosnabdevanja za koji je ugovor potpisan ove godine i koji podrazumeva investicije od 3.4 miliona EUR treba da skoro u potpunosti otkloni sve uzroke ovogodi\u0161njih problema, kad je re\u010d o kvarovima na glavnom dovodu i da obezbedi dodatne koli\u010dine vode u sistemu kroz izgradnju novih bunara.<\/p>\n<p>&nbsp;<\/p>\n<ol>\n<li>Bez ozbira na ovaj projekat op\u0161tina i JP \u201cVodovod\u201d izdvoji\u0107e sredstva za unapre\u0111enje sistema i svi problemi koji su uo\u010deni, a ti\u010du se opremanja objekata, unapre\u0111enja rada sistema bi\u0107e otklonjeni, o\u010dekujem da obezbedimo i sredstva za izgradnju dodatnih bunara mimo projekta sa Nema\u010dkom razvojnom bankom.<\/li>\n<\/ol>\n<p>&nbsp;<\/p>\n<p><strong>3.2. Drugi problem sa kojim se suo\u010davamo je sada ve\u0107 alarmantno smanjenje broja zaposlenih u svim op\u0161tinskim slu\u017ebama.<\/strong><\/p>\n<p>&nbsp;<\/p>\n<ol>\n<li>Gornja granica odre\u0111ena zakonom za na\u0161u op\u0161tinu je 570 zaposlenih.<\/li>\n<\/ol>\n<p>&nbsp;<\/p>\n<ol>\n<li>Uredbom iz ove godine Vlada RS je tu granicu za nas smanjila na 500 zaposlenih, za 70 manje.<\/li>\n<\/ol>\n<p>&nbsp;<\/p>\n<ol>\n<li>Mi u ovom trenutku po najkonzervativnijoj proceni imamo 439 stalno zaposlenih u svim op\u0161tinskim slu\u017ebama, od vrti\u0107a, preko \u201cVodvoda\u201d, \u201cDirekcije\u201d, \u201cJKP\u201d-a, ustanova kulture, sporta, op\u0161tinskih uprava, svih organizacionih oblika \u010diji je osniva\u010d op\u0161tina.<\/li>\n<\/ol>\n<p>&nbsp;<\/p>\n<ol>\n<li>Da bi se razumelo koliko je to malo radnika u op\u0161tinskoj administraciji re\u0107i \u0107u da ima lokalnih samouprava sli\u010dne veli\u010dine u centralnoj Srbiji koje imaju vi\u0161ak u administraciji koji je ve\u0107i od ukupnog broja stalno zaposlenih u op\u0161tinskim slu\u017ebama uPara\u0107inu.<\/li>\n<\/ol>\n<p>&nbsp;<\/p>\n<ol>\n<li>Ovo nam naravno omogu\u0107ava da vi\u0161e sredstava usmerimo na re\u0161avanje problema gra\u0111ana.<\/li>\n<\/ol>\n<p>&nbsp;<\/p>\n<p>\u0111. To naravno zna\u010di da u Para\u0107inu nije bilo prekomernog partijskog zapo\u0161ljavanja.<\/p>\n<p>&nbsp;<\/p>\n<ol>\n<li>O\u010dekujem da se posle mnogo najava, posle i datih obe\u0107anja, kona\u010dno op\u0161tinama koje nemaju vi\u0161ak u administraciji kakva je Para\u0107in, omogu\u0107i zapo\u0161ljavanje novih radnika. Bez toga do\u0107i \u0107e vrlo brzo do kolapsa javnih slu\u017ebi. Primer do \u010dega to mo\u017ee da dovede je deo problema tokom krize sa vodosnabdevanjem koju smo imali.<\/li>\n<\/ol>\n<p>&nbsp;<\/p>\n<p>&nbsp;<\/p>\n<ol start=\"4\">\n<li><strong> Kad je re\u010d o pitanjima privrede i zapo\u0161ljavanja, investicija, \u0161to su svakako najve\u0107i problemi kako gra\u0111ana Para\u0107ina tako i svih gra\u0111ana Srbije, trenutno stanje je ovako<\/strong><\/li>\n<\/ol>\n<p>&nbsp;<\/p>\n<p><strong>4.1. Prema podacima Nacionalne slu\u017ebe za zapo\u0161ljavanje broj nezaposlenih je ve\u0107 \u010detvrtu godinu u stalnom padu.<\/strong><\/p>\n<p>&nbsp;<\/p>\n<ol start=\"2013\">\n<li>Maksimalni broj nezaposlenih zabele\u017een je 2013.god. i to 8775 lica.<\/li>\n<\/ol>\n<p>&nbsp;<\/p>\n<ol start=\"2016\">\n<li>Broj nezaposlenih pao je u 2016.god. na 8018 lica.<\/li>\n<\/ol>\n<p>&nbsp;<\/p>\n<ol start=\"2013\">\n<li>U avgustu ove godine na evidenciji NSZ je 7597 nezaposlenih lica. Dakle, od 2013.god. na evidenciji NSZ ima skoro 1200 manje nezaposlenih.<\/li>\n<\/ol>\n<p>Treba re\u0107i da je broj nezaposlenih na evidenciji 2002.god., dakle na po\u010detku tranzicije bio 7389 lica.<\/p>\n<p>&nbsp;<\/p>\n<ol>\n<li>Naravno pad broja nezaposlenih mo\u017ee imati razli\u010dite uzroke.<\/li>\n<\/ol>\n<p>&nbsp;<\/p>\n<ol start=\"2013\">\n<li>Prema podacima Republi\u010dkog zavoda za statistiku koji vodi statistiku o broju zaposlenih u op\u0161tinama, u odnosu na 2013.god., godinu kada je na evidenciji NSZ bilo najvi\u0161e nezaposlenih, broj zaposlenih u op\u0161tini porastao je za preko 600 lica na 11.150 u 2016.god., podaci za ovu godinu nisu dostupni.<\/li>\n<\/ol>\n<p>&nbsp;<\/p>\n<p>\u0111. Obi\u010dno se smatra da je za dalji pad broja nezaposlenih odgovorna pre svega ekonomska emigracija. To je svakako faktor koji ima uticaja, ali i u ovom slu\u010daju postoji podatak Republi\u010dkog zavoda za statistiku. o kretanju stanovni\u0161tva po op\u0161tinama.<\/p>\n<p>&nbsp;<\/p>\n<ol>\n<li>Kada se Para\u0107in uporedi sa drugim opt\u0161inama u Srbiji, od 165 gradova, gradskih op\u0161tina i op\u0161tina za koje postoje podaci, Para\u0107in je za period 2002 \u2013 2015 na 108-mom mestu. Tj. 107 op\u0161tina, gradova i gradskih op\u0161tina u ovom periodu zabele\u017eilo je ve\u0107e smanjenje broja stanovnika i ekonomske emigracije nego \u0161to je to slu\u010daj sa Para\u0107inom.<\/li>\n<\/ol>\n<p>&nbsp;<\/p>\n<p>\u017e. Dakle, proverljivi, svima dostupni podaci dr\u017eavnih slu\u017ebi koje se tim poslovima bave ka\u017eu slede\u0107e:<\/p>\n<p>&nbsp;<\/p>\n<p>&#8211; broj nezaposlenih u Para\u0107inu pada ve\u0107 \u010detvrtu godinu za redom.<\/p>\n<p>&#8211; broj zapslenih u Para\u0107inu paralelno raste ve\u0107 nekoliko godina<\/p>\n<p>&#8211; Para\u0107in je na 108-mom mestu po procentu smanjenja stanovni\u0161tva, emigracija postoji, ali je mnogo ve\u0107a u 107 drugih gradova u op\u0161tina<\/p>\n<p>&nbsp;<\/p>\n<p>Po procentu nezaposlenih u odnosu na ukupno stanovni\u0161tvo i u odnosu na ukupno radno sposobno stanovni\u0161tvo, Para\u0107in je u rangu Jagodine, Aleksinca, Prokuplja, negde oko tridesetog mesta na listi od 165 op\u0161tina.<\/p>\n<p>&nbsp;<\/p>\n<p>Treba imati u vidu da je nezaposlenost manja u sredinama u kojima se aktivno stanovni\u0161tvo ve\u0107 iselilo pa je prema statistici najmanja nezaposlenost npr. u \u017dagubici, da \u0106uprija ima manju stopu neazposlenosti od Jagodine i Para\u0107ina za oko 3% ali da je zato procenat procenjenog smanjenja broja stanovnika za tre\u0107inu ve\u0107i, te otuda i poti\u010de ta naizgled manja nezaposlenost.<\/p>\n<p>&nbsp;<\/p>\n<p>Sve ovo zna\u010di slede\u0107e<\/p>\n<p>&nbsp;<\/p>\n<p>&#8211; nezaposlenost je za Para\u0107in, kao \u0161to znamo, veliki problem, podjednako veliki kao manje vi\u0161e za sve susedne op\u0161tine<\/p>\n<p>&#8211; potpuno su neta\u010dni podaci da je Para\u0107in po bilo kom parametru u najte\u017eoj situaciji u Srbiji<\/p>\n<p>&#8211; apsolutno je neta\u010dno da se iz Para\u0107ina iseljava vi\u0161e ljudi iz ekonomskih razloga nego iz drugih op\u0161tina u Srbiji, naprotiv, iz velike ve\u0107ine drugih op\u0161tina to iseljavanje je mnogo ve\u0107e<\/p>\n<p>&nbsp;<\/p>\n<p>4.2. Novo zapo\u0161ljavanje pre svega je rezultat aktivnosti malih i srednjih preduze\u0107a<\/p>\n<p>&nbsp;<\/p>\n<ol start=\"2016\">\n<li>Tokom 2016. i 2017.god. izdato je 11 gra\u0111evinskih dozvola za proizvodne objekte za ukupno 9345m2, najve\u0107i investitor sa skoro 5000m2 novog proizvodnog prostora i novom opremom je preduze\u0107e \u201c\u010cokolend\u201d.<\/li>\n<\/ol>\n<p>&nbsp;<\/p>\n<ol>\n<li>U industrijskoj zoni nastavljamo izgradnju infrastrukture jer su prodate prakti\u010dno sve parcele koje su do sada bile opremljene infrastrukturom. U zoni imamo petnaest preduze\u0107a i preduzetnika koji su kupili zemlji\u0161te, neki ve\u0107 rade i zapo\u0161ljavaju, neki privode kraju objekte za rad, a neki jo\u0161 uvek pripremaju izgradnju pribavljanjem potrebnih dozvola.<\/li>\n<\/ol>\n<p>&nbsp;<\/p>\n<ol>\n<li>Jo\u0161 deset investitora gradi u istom periodu poslovne objekte ukupne povr\u0161ine 7182m2, najve\u0107i je ugostiteljski objekat u gradu sa sme\u0161tajnim kapacitetima od 1500m2<\/li>\n<\/ol>\n<p>&nbsp;<\/p>\n<ol>\n<li>Jo\u0161 devet investitora gradi poslovno \u2013 stambene objekte povr\u0161ine 18603m2 za koje su gra\u0111evinske dozvole izdate u istom periodu.<\/li>\n<\/ol>\n<p>Ono \u0161to je mo\u017eda zanimljivost, kada se uporede izgra\u0111eni kvadrati samo poslovno \u2013 stambenih objekata u Para\u0107inu u ovoj i prethodnoj godini i planirana izgradnja \u201cBeograda na vodi\u201d u prvoj fazi od 2014 do 2019 god., dakle za pet godina, kao i broj stanovnika Beograda i Para\u0107ina, ispada da se u ove dve godine u Para\u0107inu gradi skoro duplo vi\u0161e m2 po glavi stanovnika nego u Beogradu za ceo ovaj period kroz projekat \u201cBeograd na vodi\u201d. Tj. investiciona aktivnost u ovoj oblasti veoma je \u017eiva, \u010dujemo da \u201cBeograd na vodi\u201d treba da preporodi privredu Srbije, pa onda treba ra\u010dunati i da \u0107e srazmerno veli\u010dini i ova dvostruko ve\u0107a po glavi stanovnika investiciona aktivnost u Para\u0107inu biti od zna\u010daja za privredu Para\u0107ina.<\/p>\n<p>&nbsp;<\/p>\n<p>&nbsp;<\/p>\n<p>d Deo novog zapo\u0161ljavanja upravo je rezultat svih pomenutih investicionih aktivnosti, kao i rezultat pro\u0161irenja postoje\u0107ih kapaciteta i izgradnje novih proizvodnih objekata za koje su gra\u0111evinske dozvole izdate ranijih godina o kojima nisam govorio ovom prilikom (\u201cMagnum\u201d, \u201cRaji\u0107\u201d, \u201cBrefino\u201d&#8230;).<\/p>\n<p>&nbsp;<\/p>\n<p>\u0111. Mi \u0107emo za petnaestak dana predstaviti rezultate istra\u017eivanja ura\u0111enog sa udru\u017eenjima preduzetnika i regionalnom razvojnom agencijom iz koji \u0107e mo\u0107i da se vide ovi trendovi investiranja i zapo\u0161ljavanja. Ukratko, dok svi govore o subvencijama za velike strane kompanije, mala i srednja preduze\u0107a i preduzetni\u010dke radnje u Para\u0107inu, na uzorku od oko 18% postoje\u0107ih koja su anketirana otvoreno je oko 2700 novih radnih mesta u prethodnoj deceniji.<\/p>\n<p>&nbsp;<\/p>\n<p>Ovo bi trebalo da jasno uka\u017ee da postoji krupan previd u ekonomskoj politici dr\u017eave prethodnih godina, koja je fokusirana isklju\u010divo na strane, a ne na doma\u0107e investicije, ali o tome vi\u0161e kad budemo prezentovali ovo istra\u017eivanje.<\/p>\n<p>&nbsp;<\/p>\n<p>Malo je poznato da je Para\u0107in bio na 16 mestu po prilivu stranih direktnih investicija tokom perioda od 2000-2012.god. sa oko 240 miliona EUR priznatih stranih investicija, ali svi znamo da su te nove investicije i nove tehnologije u postoje\u0107a preduze\u0107a zapravo zna\u010dila gubitak radnih mesta.<\/p>\n<p>&nbsp;<\/p>\n<p>&nbsp;<\/p>\n<p><strong>4.2. Tu dolazimo i do stalnog pitanja da li \u0107e biti velike investicije u Para\u0107inu i \u0161ta je bilo sa \u201cDelfijem\u201d sa kojim smo pregovarali godinu dana.<\/strong><\/p>\n<p>&nbsp;<\/p>\n<ol>\n<li>Od kompanije \u201cDelfi\u201d jo\u0161 uvek nemamo zvani\u010dan odgovor ni u pozitivnom ni u negativnom smislu.<\/li>\n<\/ol>\n<p>&nbsp;<\/p>\n<ol>\n<li>Jo\u0161 po\u010detkom godine upu\u0107ena im je zvani\u010dna ponuda op\u0161tine u kojoj smo iza\u0161li u susret svim njihovim zahtevima<\/li>\n<\/ol>\n<p>&nbsp;<\/p>\n<ol>\n<li>U julu ove godine uputio sam im pismo sa molbom da nas obaveste o svojoj odluci i odgovora jo\u0161 nema.<\/li>\n<\/ol>\n<p>&nbsp;<\/p>\n<ol>\n<li>O detaljima na\u0161e ponude mo\u0107i \u0107u da govorim kad stigne njihov zvani\u010dan odogovor, to je bio zahtev predstavnika kompanije \u201cDelfi\u201d.<\/li>\n<\/ol>\n<p>&nbsp;<\/p>\n<ol>\n<li>Poznato mi je da se u lokalnoj politi\u010dkoj propagandi koristi tvrdnja da lokalna vlast \u017eeli da otera investitore.<\/li>\n<\/ol>\n<p>&nbsp;<\/p>\n<p>\u0111. Kad budemo objavili na\u0161u ponudu \u201cDelfiju\u201d i kad je budete pro\u010ditali zaklju\u010di\u0107ete sami da li smo \u017eeleli da oteramo investitora ili smo mo\u017eda u stvari bili previ\u0161e predusretljivi i ponudili previ\u0161e olak\u0161ica.<\/p>\n<p>&nbsp;<\/p>\n<ol>\n<li>U svakom slu\u010daju, slobodno mo\u017eete uzeti u obzir da svako, ko za bilo kog predstavnika bilo koje op\u0161tine, tvrdi da \u017eeli da otera investitore, jeste zlonamerna osoba bez kredibiliteta, mada bi precizniji opis za takve mogao da se da u stilu g. Kesi\u0107a, pokvarenjak i obi\u010dna budala. Koristim ove jake izraze, koji mo\u017eda i nisu primereni za ovu priliku, ali najbolje opisuju ono \u0161to mislim o takvim ljudima.<\/li>\n<\/ol>\n<p><strong>Takve tvrdnje potpuno su neistinite i ljude koje ih iznose ne treba uzimati za ozbiljno.<\/strong><\/p>\n<p>&nbsp;<\/p>\n<p><strong>4.3. Slede\u0107e pitanje je da li \u0107e \u201cLidl\u201d do\u0107i u Para\u0107in<\/strong><\/p>\n<p>&nbsp;<\/p>\n<ol>\n<li>Odgovor na ovo pitanje mo\u017eete dobiti samo od ove kompanije. Ono \u0161to mogu da ka\u017eem je da je \u201cLidl\u201d kupio parcelu u Para\u0107inu, da je za njihove potrebe ura\u0111en urbanisti\u010dki plan i da koliko mi znamo trenutno ugovaraju projektovanje objekta kako bi pribavili potrebne dozvole.<\/li>\n<\/ol>\n<p>&nbsp;<\/p>\n<p><strong>4.4. Najve\u0107a opasnost kad je re\u010d o pove\u0107anju broja nezaposlenih u Para\u0107inu i dalje je situacija u Srpskoj fabrici stakla, kao i prethodnih godina.<\/strong><\/p>\n<p>&nbsp;<\/p>\n<ol>\n<li>Jedino \u0161to tim povodom mogu da ka\u017eem je da je staklara privatno preduze\u0107e, da je vode ljudi koji imaju odli\u010dne kontakte u vrhu dr\u017eavne vlasti i da op\u0161tina nema nikakvu ulogu u odlu\u010divanju o sudbini ove fabrike. Ne me\u0161amo se u ove procese, to je od nas ako smo dobro razumeli i zatra\u017eeno iz vrha dr\u017eavne vlasti i mi to po\u0161tujemo.<\/li>\n<\/ol>\n<p>&nbsp;<\/p>\n<ol start=\"5\">\n<li>Ovo je dakle bio izve\u0161taj o protekloj godini i analiza trenutnog stanja<\/li>\n<\/ol>\n<p>&nbsp;<\/p>\n<p>Ukratko godina za nama kad je re\u010d o op\u0161tinskim poslovima bila je manje vi\u0161e uobi\u010dajena.<\/p>\n<p>&nbsp;<\/p>\n<p>U oblasti zapo\u0161ljavanja i investiranja ima pomaka prema dostupnim podacima Naconalne slu\u017ebe za zapo\u0161ljavanje, Republi\u010dkog zavoda za statistiku a i na osnovu evidente investicione aktivnosti vi\u0161e destina\u00a0 preduze\u0107a i preduzetnika od kojih je u ovom trenutku svakako najve\u0107i \u201c\u010cokolend\u201d. Sem poznate situacije u staklari u svim drugim oblastima imamo pozitivne najave, od izgradnje novih malih proizvodnih pogona, preko pripreme izgradnje i novih hotela, do daljih razogovra kako privatnih vlasnika imovine tako i predstavnika op\u0161tina sa mogu\u0107im ve\u0107im investitorima. Mnogo toga zavisi od ukupni kretanja u republici i ova godina malog ekonomskog rasta nikome ne ide na ruku, ali lokalno gledano kre\u0107emo se blagom uzlaznom putanjom.<\/p>\n<p>&nbsp;<\/p>\n<p>U narednoj godini treba o\u010dekivati realzaciju svih projekata za koje su ove godine potpisani ugovori, ali i drugih koji su u pripremi i sprovo\u0111enje svih tih poslova sa smanjenom administracijom bi\u0107e veliki izazov.<\/p>\n<p>&nbsp;<\/p>\n<p>O\u010dekuje nas i nastavak redovnih poslova., usvajanje izmena PGR-a, izgradnja infrastrukture u prigradskim naseljima i selima, zavr\u0161etak nove zgrade Kulturnog centra, novi trg u centru grada, ali i mnogo novih aktivnosti koje \u0107e nam omogu\u0107iti postepeni zavr\u0161etak izgradnje infrastrukture u svim naseljima. Novi sadr\u017eaji u oblasti kulture, sporta, zabave, dru\u0161tvenog anga\u017eovanja, pomeranje fokusa rada op\u0161tinskih slu\u017ebi sa obezbe\u0111ivanja osnovnih infrastrukturnih uslova za sve gra\u0111ane, na unapre\u0111enje kvaliteta \u017eivota u gradu i selima.<\/p>\n<p>&nbsp;<\/p>\n","protected":false},"excerpt":{"rendered":"<p>PARA\u0106IN-Predsednik op\u0161tine Para\u0107in Sa\u0161a Paunovi\u0107 u tradicionalnom intervjuu povodom dana te op\u0161tine istakao je da se nezaposlenost pribli\u017eila nivou iz 2002. godine, dok su uporedo &hellip; <\/p>\n","protected":false},"author":4,"featured_media":9553,"comment_status":"open","ping_status":"open","sticky":false,"template":"","format":"standard","meta":{"footnotes":""},"categories":[1524,2,1516,13,887,12],"tags":[156,552],"_links":{"self":[{"href":"http:\/\/centralmedia.rs\/index.php\/wp-json\/wp\/v2\/posts\/9552"}],"collection":[{"href":"http:\/\/centralmedia.rs\/index.php\/wp-json\/wp\/v2\/posts"}],"about":[{"href":"http:\/\/centralmedia.rs\/index.php\/wp-json\/wp\/v2\/types\/post"}],"author":[{"embeddable":true,"href":"http:\/\/centralmedia.rs\/index.php\/wp-json\/wp\/v2\/users\/4"}],"replies":[{"embeddable":true,"href":"http:\/\/centralmedia.rs\/index.php\/wp-json\/wp\/v2\/comments?post=9552"}],"version-history":[{"count":2,"href":"http:\/\/centralmedia.rs\/index.php\/wp-json\/wp\/v2\/posts\/9552\/revisions"}],"predecessor-version":[{"id":9558,"href":"http:\/\/centralmedia.rs\/index.php\/wp-json\/wp\/v2\/posts\/9552\/revisions\/9558"}],"wp:featuredmedia":[{"embeddable":true,"href":"http:\/\/centralmedia.rs\/index.php\/wp-json\/wp\/v2\/media\/9553"}],"wp:attachment":[{"href":"http:\/\/centralmedia.rs\/index.php\/wp-json\/wp\/v2\/media?parent=9552"}],"wp:term":[{"taxonomy":"category","embeddable":true,"href":"http:\/\/centralmedia.rs\/index.php\/wp-json\/wp\/v2\/categories?post=9552"},{"taxonomy":"post_tag","embeddable":true,"href":"http:\/\/centralmedia.rs\/index.php\/wp-json\/wp\/v2\/tags?post=9552"}],"curies":[{"name":"wp","href":"https:\/\/api.w.org\/{rel}","templated":true}]}}