{"id":2743,"count":1,"description":"","link":"http:\/\/centralmedia.rs\/index.php\/tag\/ministar-prosvete-mladen-sarcevic\/","name":"ministar prosvete mladen \u0161ar\u010devi\u0107","slug":"ministar-prosvete-mladen-sarcevic","taxonomy":"post_tag","meta":[],"_links":{"self":[{"href":"http:\/\/centralmedia.rs\/index.php\/wp-json\/wp\/v2\/tags\/2743"}],"collection":[{"href":"http:\/\/centralmedia.rs\/index.php\/wp-json\/wp\/v2\/tags"}],"about":[{"href":"http:\/\/centralmedia.rs\/index.php\/wp-json\/wp\/v2\/taxonomies\/post_tag"}],"wp:post_type":[{"href":"http:\/\/centralmedia.rs\/index.php\/wp-json\/wp\/v2\/posts?tags=2743"}],"curies":[{"name":"wp","href":"https:\/\/api.w.org\/{rel}","templated":true}]}}