{"id":10040,"date":"2017-10-09T13:12:17","date_gmt":"2017-10-09T13:12:17","guid":{"rendered":"http:\/\/centralmedia.rs\/?p=10040"},"modified":"2017-10-09T13:13:24","modified_gmt":"2017-10-09T13:13:24","slug":"povodom-dana-opstine-cuprija-multimedijala-izlozba-dela-nadezde-petrovic","status":"publish","type":"post","link":"https:\/\/centralmedia.rs\/index.php\/2017\/10\/09\/povodom-dana-opstine-cuprija-multimedijala-izlozba-dela-nadezde-petrovic\/","title":{"rendered":"POVODOM DANA OP\u0160TINE \u0106UPRIJA &#8211; IZLO\u017dBA SLIKA NADE\u017dDE PETROVI\u0106"},"content":{"rendered":"<p>\u0106UPRIJA-Povodom obele\u017eavanja Dana op\u0161tine \u0106uprija u Muzeju Horeum Margi -Ravno bi\u0107e otvorena multimedijalna izlo\u017eba slika velike umetnice Nade\u017ede Petrovi\u0107 (1873-1915), koja\u00a0 se realizuje u saradnji sa Umetni\u010dkom galerijom &#8220;Nade\u017eda Petrovi\u0107&#8221; iz \u010ca\u010dka.<\/p>\n<p>-Re\u010d je o prvom gostovanju galerije u \u0106upriji i ovom delu Srbije. Izlo\u017eba je do sada gostovala u 20 gradova. Na\u0161u \u00a0zbirnku \u010dine 12 dela Nade\u017ede Petrovi\u0107, ali sude\u0107i po tome da iza nje nije ostalo mnogo radova i da jo\u0161 samo tri ustanove \u010duvaju njena dela, to je ipak veliko bogatstvo. Polovina zbirke dolazi u \u0106upriju. Pored slika, izlo\u017eba sadr\u017ei panoe na kojima je predstavljena biografija umetnice, a poseban akcenat je dat na ratno vreme, period njenog ratnog\u00a0 slikarstava i njenog u\u010destvovanja kao bolni\u010darke u ratovima, kazala je vi\u0161i kustos i autor izlo\u017ebe Dragana Bo\u017eovi\u0107.<\/p>\n<p>Izlo\u017ebu \u010dine originalna dela jedne od najzna\u010dajnijih srpskih slikarki, kao i mutimedijalna izlo\u017eba o njenom \u017eivotu, radu i u\u010de\u0161\u0107u u Velikom ratu. Izlo\u017eba \u0107e biti otvorena 11. oktobra u 19 sati u galeriji muzeja, a posetici \u0107e mo\u0107i da je pogledaju do \u00a031. oktobra.<\/p>\n","protected":false},"excerpt":{"rendered":"<p>\u0106UPRIJA-Povodom obele\u017eavanja Dana op\u0161tine \u0106uprija u Muzeju Horeum Margi -Ravno bi\u0107e otvorena multimedijalna izlo\u017eba slika velike umetnice Nade\u017ede Petrovi\u0107 (1873-1915), koja\u00a0 se realizuje u saradnji &hellip; <\/p>\n","protected":false},"author":4,"featured_media":10041,"comment_status":"open","ping_status":"open","sticky":false,"template":"","format":"standard","meta":{"footnotes":""},"categories":[1515,1524,2,15,887,12],"tags":[44,2385],"_links":{"self":[{"href":"https:\/\/centralmedia.rs\/index.php\/wp-json\/wp\/v2\/posts\/10040"}],"collection":[{"href":"https:\/\/centralmedia.rs\/index.php\/wp-json\/wp\/v2\/posts"}],"about":[{"href":"https:\/\/centralmedia.rs\/index.php\/wp-json\/wp\/v2\/types\/post"}],"author":[{"embeddable":true,"href":"https:\/\/centralmedia.rs\/index.php\/wp-json\/wp\/v2\/users\/4"}],"replies":[{"embeddable":true,"href":"https:\/\/centralmedia.rs\/index.php\/wp-json\/wp\/v2\/comments?post=10040"}],"version-history":[{"count":2,"href":"https:\/\/centralmedia.rs\/index.php\/wp-json\/wp\/v2\/posts\/10040\/revisions"}],"predecessor-version":[{"id":10043,"href":"https:\/\/centralmedia.rs\/index.php\/wp-json\/wp\/v2\/posts\/10040\/revisions\/10043"}],"wp:featuredmedia":[{"embeddable":true,"href":"https:\/\/centralmedia.rs\/index.php\/wp-json\/wp\/v2\/media\/10041"}],"wp:attachment":[{"href":"https:\/\/centralmedia.rs\/index.php\/wp-json\/wp\/v2\/media?parent=10040"}],"wp:term":[{"taxonomy":"category","embeddable":true,"href":"https:\/\/centralmedia.rs\/index.php\/wp-json\/wp\/v2\/categories?post=10040"},{"taxonomy":"post_tag","embeddable":true,"href":"https:\/\/centralmedia.rs\/index.php\/wp-json\/wp\/v2\/tags?post=10040"}],"curies":[{"name":"wp","href":"https:\/\/api.w.org\/{rel}","templated":true}]}}