{"id":10094,"date":"2017-10-11T21:09:28","date_gmt":"2017-10-11T21:09:28","guid":{"rendered":"http:\/\/centralmedia.rs\/?p=10094"},"modified":"2017-10-11T21:09:28","modified_gmt":"2017-10-11T21:09:28","slug":"povodom-dana-opstine-cuprija-otvorena-multimedijala-izlozba-slika-nadezde-petrovic","status":"publish","type":"post","link":"https:\/\/centralmedia.rs\/index.php\/2017\/10\/11\/povodom-dana-opstine-cuprija-otvorena-multimedijala-izlozba-slika-nadezde-petrovic\/","title":{"rendered":"POVODOM DANA OP\u0160TINE \u0106UPRIJA -OTVORENA MULTIMEDIJALA IZLO\u017dBA SLIKA NADE\u017dDE PETROVI\u0106"},"content":{"rendered":"<p>\u0106UPRIJA-Povodom obele\u017eavanja Dana op\u0161tine \u0106uprija u Muzeju Horeum Margi -Ravno ve\u010deras je otvorena multimedijalna izlo\u017eba slika velike umetnice Nade\u017ede Petrovi\u0107 \u00a0(1873-1915), koja je realizovana u saradnji sa Umetni\u010dkom galerijom &#8220;Nade\u017eda Petrovi\u0107&#8221; iz \u010ca\u010dka.\u00a0Re\u010d je o prvom gostovanju galerije u \u0106upriji i ovom delu Srbije. Otvaranju su prisustvovali presednik SO \u0106uprija Branimir Tazi\u0107, kustosi galerije iz \u010ca\u010daka i srodnici umetnice, kao mnogobrojni posetioci iz pomoravskih gradova.<\/p>\n<div id='gallery-1' class='gallery galleryid-10094 gallery-columns-2 gallery-size-full'><figure class='gallery-item'>\n\t\t\t<div class='gallery-icon landscape'>\n\t\t\t\t<a href='https:\/\/centralmedia.rs\/index.php\/2017\/10\/11\/povodom-dana-opstine-cuprija-otvorena-multimedijala-izlozba-slika-nadezde-petrovic\/foto-muzej-horeum-margi-ravno-2\/'><img loading=\"lazy\" decoding=\"async\" width=\"1232\" height=\"816\" src=\"https:\/\/centralmedia.rs\/wp-content\/uploads\/2017\/10\/foto-muzej-horeum-margi-ravno-2.jpg\" class=\"attachment-full size-full\" alt=\"\" srcset=\"https:\/\/centralmedia.rs\/wp-content\/uploads\/2017\/10\/foto-muzej-horeum-margi-ravno-2.jpg 1232w, https:\/\/centralmedia.rs\/wp-content\/uploads\/2017\/10\/foto-muzej-horeum-margi-ravno-2-300x199.jpg 300w, https:\/\/centralmedia.rs\/wp-content\/uploads\/2017\/10\/foto-muzej-horeum-margi-ravno-2-768x509.jpg 768w, https:\/\/centralmedia.rs\/wp-content\/uploads\/2017\/10\/foto-muzej-horeum-margi-ravno-2-1024x678.jpg 1024w\" sizes=\"(max-width: 1232px) 100vw, 1232px\" \/><\/a>\n\t\t\t<\/div><\/figure><figure class='gallery-item'>\n\t\t\t<div class='gallery-icon landscape'>\n\t\t\t\t<a href='https:\/\/centralmedia.rs\/index.php\/2017\/10\/11\/povodom-dana-opstine-cuprija-otvorena-multimedijala-izlozba-slika-nadezde-petrovic\/foto-muzej-horeum-margi-ravno-1\/'><img loading=\"lazy\" decoding=\"async\" width=\"1232\" height=\"816\" src=\"https:\/\/centralmedia.rs\/wp-content\/uploads\/2017\/10\/foto-muzej-horeum-margi-ravno-1.jpg\" class=\"attachment-full size-full\" alt=\"\" srcset=\"https:\/\/centralmedia.rs\/wp-content\/uploads\/2017\/10\/foto-muzej-horeum-margi-ravno-1.jpg 1232w, https:\/\/centralmedia.rs\/wp-content\/uploads\/2017\/10\/foto-muzej-horeum-margi-ravno-1-300x199.jpg 300w, https:\/\/centralmedia.rs\/wp-content\/uploads\/2017\/10\/foto-muzej-horeum-margi-ravno-1-768x509.jpg 768w, https:\/\/centralmedia.rs\/wp-content\/uploads\/2017\/10\/foto-muzej-horeum-margi-ravno-1-1024x678.jpg 1024w\" sizes=\"(max-width: 1232px) 100vw, 1232px\" \/><\/a>\n\t\t\t<\/div><\/figure>\n\t\t<\/div>\n\n<p>Ina\u010de, ta izlo\u017eba je do sada gostovala u 20 gradova. Zbirku Umetni\u010dke galerije \u010dini 12 slika Nade\u017ede Petrovi\u0107. Iza nje nije ostalo mnogo radova i jo\u0161 samo tri ustanove \u010duvaju njena dela. Kako je re\u010deno na otvaranju izlo\u017ebe polovina zbirke iz \u010ca\u010dka izlo\u017eena je u \u0106upriji. Pored slika, izlo\u017eba sadr\u017ei panoe na kojima je predstavljena biografija umetnice, a poseban akcenat je dat na ratno vreme, period njenog ratnog \u00a0slikarstava i njenog u\u010destvovanja, kao bolni\u010darke, u ratovima. Izlo\u017ebu \u010dine originalna dela jedne od najzna\u010dajnijih srpskih slikarki, kao i mutimedijalna izlo\u017eba o njenom \u017eivotu, radu i u\u010de\u0161\u0107u u Velikom ratu. Izlo\u017eba \u0107e biti otvorena do \u00a031. oktobra.<\/p>\n<p>&nbsp;<\/p>\n","protected":false},"excerpt":{"rendered":"<p>\u0106UPRIJA-Povodom obele\u017eavanja Dana op\u0161tine \u0106uprija u Muzeju Horeum Margi -Ravno ve\u010deras je otvorena multimedijalna izlo\u017eba slika velike umetnice Nade\u017ede Petrovi\u0107 \u00a0(1873-1915), koja je realizovana u &hellip; <\/p>\n","protected":false},"author":4,"featured_media":10095,"comment_status":"open","ping_status":"open","sticky":false,"template":"","format":"standard","meta":{"footnotes":""},"categories":[1515,1524,2,15,887,12],"tags":[44,1401,2385],"_links":{"self":[{"href":"https:\/\/centralmedia.rs\/index.php\/wp-json\/wp\/v2\/posts\/10094"}],"collection":[{"href":"https:\/\/centralmedia.rs\/index.php\/wp-json\/wp\/v2\/posts"}],"about":[{"href":"https:\/\/centralmedia.rs\/index.php\/wp-json\/wp\/v2\/types\/post"}],"author":[{"embeddable":true,"href":"https:\/\/centralmedia.rs\/index.php\/wp-json\/wp\/v2\/users\/4"}],"replies":[{"embeddable":true,"href":"https:\/\/centralmedia.rs\/index.php\/wp-json\/wp\/v2\/comments?post=10094"}],"version-history":[{"count":1,"href":"https:\/\/centralmedia.rs\/index.php\/wp-json\/wp\/v2\/posts\/10094\/revisions"}],"predecessor-version":[{"id":10098,"href":"https:\/\/centralmedia.rs\/index.php\/wp-json\/wp\/v2\/posts\/10094\/revisions\/10098"}],"wp:featuredmedia":[{"embeddable":true,"href":"https:\/\/centralmedia.rs\/index.php\/wp-json\/wp\/v2\/media\/10095"}],"wp:attachment":[{"href":"https:\/\/centralmedia.rs\/index.php\/wp-json\/wp\/v2\/media?parent=10094"}],"wp:term":[{"taxonomy":"category","embeddable":true,"href":"https:\/\/centralmedia.rs\/index.php\/wp-json\/wp\/v2\/categories?post=10094"},{"taxonomy":"post_tag","embeddable":true,"href":"https:\/\/centralmedia.rs\/index.php\/wp-json\/wp\/v2\/tags?post=10094"}],"curies":[{"name":"wp","href":"https:\/\/api.w.org\/{rel}","templated":true}]}}