{"id":10116,"date":"2017-10-12T13:45:58","date_gmt":"2017-10-12T13:45:58","guid":{"rendered":"http:\/\/centralmedia.rs\/?p=10116"},"modified":"2017-10-12T13:47:10","modified_gmt":"2017-10-12T13:47:10","slug":"gimnazija-u-svilajncu-obelezila-140-godina-postojanja","status":"publish","type":"post","link":"https:\/\/centralmedia.rs\/index.php\/2017\/10\/12\/gimnazija-u-svilajncu-obelezila-140-godina-postojanja\/","title":{"rendered":"GIMNAZIJA U SVILAJNCU OBELE\u017dILA 140 GODINA POSTOJANJA"},"content":{"rendered":"<p>SVILAJNAC-Sve\u010danom akademijom i dodelom nagrada zaslu\u017enima za razvoj obrazovanja, svilajna\u010dka Gimnazija je proslavila 140 godina postojanja danas u sali Centra za kulturu.<\/p>\n<div id='gallery-1' class='gallery galleryid-10116 gallery-columns-2 gallery-size-full'><figure class='gallery-item'>\n\t\t\t<div class='gallery-icon landscape'>\n\t\t\t\t<a href='https:\/\/centralmedia.rs\/index.php\/2017\/10\/12\/gimnazija-u-svilajncu-obelezila-140-godina-postojanja\/akademija-1\/'><img loading=\"lazy\" decoding=\"async\" width=\"2048\" height=\"1365\" src=\"https:\/\/centralmedia.rs\/wp-content\/uploads\/2017\/10\/akademija-1.jpg\" class=\"attachment-full size-full\" alt=\"\" srcset=\"https:\/\/centralmedia.rs\/wp-content\/uploads\/2017\/10\/akademija-1.jpg 2048w, https:\/\/centralmedia.rs\/wp-content\/uploads\/2017\/10\/akademija-1-300x200.jpg 300w, https:\/\/centralmedia.rs\/wp-content\/uploads\/2017\/10\/akademija-1-768x512.jpg 768w, https:\/\/centralmedia.rs\/wp-content\/uploads\/2017\/10\/akademija-1-1024x683.jpg 1024w\" sizes=\"(max-width: 2048px) 100vw, 2048px\" \/><\/a>\n\t\t\t<\/div><\/figure><figure class='gallery-item'>\n\t\t\t<div class='gallery-icon landscape'>\n\t\t\t\t<a href='https:\/\/centralmedia.rs\/index.php\/2017\/10\/12\/gimnazija-u-svilajncu-obelezila-140-godina-postojanja\/nagrade-3\/'><img loading=\"lazy\" decoding=\"async\" width=\"2048\" height=\"1365\" src=\"https:\/\/centralmedia.rs\/wp-content\/uploads\/2017\/10\/nagrade.jpg\" class=\"attachment-full size-full\" alt=\"\" srcset=\"https:\/\/centralmedia.rs\/wp-content\/uploads\/2017\/10\/nagrade.jpg 2048w, https:\/\/centralmedia.rs\/wp-content\/uploads\/2017\/10\/nagrade-300x200.jpg 300w, https:\/\/centralmedia.rs\/wp-content\/uploads\/2017\/10\/nagrade-768x512.jpg 768w, https:\/\/centralmedia.rs\/wp-content\/uploads\/2017\/10\/nagrade-1024x683.jpg 1024w\" sizes=\"(max-width: 2048px) 100vw, 2048px\" \/><\/a>\n\t\t\t<\/div><\/figure>\n\t\t<\/div>\n\n<p>Na sve\u010danoj akademiji je istaknutao da je ta obrazovna ustanova ponosna na dugu tradiciju, biv\u0161e i sada\u0161nje u\u010denike i profesore, te da ostaje dosledna idealima osniva\u010da \u0161kole, utemeljenim u shvatanju da duhovni, kulturni i ekonomski napredak dru\u0161tva prvenstveno zavisi od obrazovanja.<\/p>\n","protected":false},"excerpt":{"rendered":"<p>SVILAJNAC-Sve\u010danom akademijom i dodelom nagrada zaslu\u017enima za razvoj obrazovanja, svilajna\u010dka Gimnazija je proslavila 140 godina postojanja danas u sali Centra za kulturu. Na sve\u010danoj akademiji &hellip; <\/p>\n","protected":false},"author":4,"featured_media":10117,"comment_status":"open","ping_status":"open","sticky":false,"template":"","format":"standard","meta":{"footnotes":""},"categories":[14,1524,2,887,12,1517],"tags":[224,38],"_links":{"self":[{"href":"https:\/\/centralmedia.rs\/index.php\/wp-json\/wp\/v2\/posts\/10116"}],"collection":[{"href":"https:\/\/centralmedia.rs\/index.php\/wp-json\/wp\/v2\/posts"}],"about":[{"href":"https:\/\/centralmedia.rs\/index.php\/wp-json\/wp\/v2\/types\/post"}],"author":[{"embeddable":true,"href":"https:\/\/centralmedia.rs\/index.php\/wp-json\/wp\/v2\/users\/4"}],"replies":[{"embeddable":true,"href":"https:\/\/centralmedia.rs\/index.php\/wp-json\/wp\/v2\/comments?post=10116"}],"version-history":[{"count":1,"href":"https:\/\/centralmedia.rs\/index.php\/wp-json\/wp\/v2\/posts\/10116\/revisions"}],"predecessor-version":[{"id":10120,"href":"https:\/\/centralmedia.rs\/index.php\/wp-json\/wp\/v2\/posts\/10116\/revisions\/10120"}],"wp:featuredmedia":[{"embeddable":true,"href":"https:\/\/centralmedia.rs\/index.php\/wp-json\/wp\/v2\/media\/10117"}],"wp:attachment":[{"href":"https:\/\/centralmedia.rs\/index.php\/wp-json\/wp\/v2\/media?parent=10116"}],"wp:term":[{"taxonomy":"category","embeddable":true,"href":"https:\/\/centralmedia.rs\/index.php\/wp-json\/wp\/v2\/categories?post=10116"},{"taxonomy":"post_tag","embeddable":true,"href":"https:\/\/centralmedia.rs\/index.php\/wp-json\/wp\/v2\/tags?post=10116"}],"curies":[{"name":"wp","href":"https:\/\/api.w.org\/{rel}","templated":true}]}}