{"id":10132,"date":"2017-10-13T13:54:49","date_gmt":"2017-10-13T13:54:49","guid":{"rendered":"http:\/\/centralmedia.rs\/?p=10132"},"modified":"2017-10-13T13:56:25","modified_gmt":"2017-10-13T13:56:25","slug":"ninoslav-ericnovo-lice-cuprije-pocasni-gradjanin-cuprije-slobodan-brankovic","status":"publish","type":"post","link":"https:\/\/centralmedia.rs\/index.php\/2017\/10\/13\/ninoslav-ericnovo-lice-cuprije-pocasni-gradjanin-cuprije-slobodan-brankovic\/","title":{"rendered":"NINOSLAV ERI\u0106:NOVO LICE \u0106UPRIJE Po\u010dasni gra\u0111anin \u0106uprije Slobodan Brankovi\u0107"},"content":{"rendered":"<p>\u0106UPRIJA- Slobodan Brankovi\u0107 direktor Atletskog saveza Srbije od danas nosi titulu Po\u010dasni gra\u0111anin \u0106uprije, \u0161to je najve\u0107e priznanje\u00a0 te op\u0161tine, saop\u0161teno je na dana\u0161njoj sve\u010danoj akademiji povodom 13. oktobra Dana te op\u0161tine. Zbog poslovnih obaveza Brankovi\u0107 nije mogao da prisutvuje dodeli, ali se obratio pristunima putem video linka.<\/p>\n<figure id=\"attachment_10135\" aria-describedby=\"caption-attachment-10135\" style=\"width: 300px\" class=\"wp-caption alignright\"><a href=\"https:\/\/centralmedia.rs\/wp-content\/uploads\/2017\/10\/dobtinici-priznanja-opstine.jpg\"><img loading=\"lazy\" decoding=\"async\" class=\"size-medium wp-image-10135\" src=\"https:\/\/centralmedia.rs\/wp-content\/uploads\/2017\/10\/dobtinici-priznanja-opstine-300x287.jpg\" alt=\"\" width=\"300\" height=\"287\" srcset=\"https:\/\/centralmedia.rs\/wp-content\/uploads\/2017\/10\/dobtinici-priznanja-opstine-300x287.jpg 300w, https:\/\/centralmedia.rs\/wp-content\/uploads\/2017\/10\/dobtinici-priznanja-opstine-768x736.jpg 768w, https:\/\/centralmedia.rs\/wp-content\/uploads\/2017\/10\/dobtinici-priznanja-opstine.jpg 900w\" sizes=\"(max-width: 300px) 100vw, 300px\" \/><\/a><figcaption id=\"caption-attachment-10135\" class=\"wp-caption-text\">Dobitnici priznanja \u0106uprije<\/figcaption><\/figure>\n<p>-Po\u0161tovani \u0106upri\u010dani, \u017eao mi je \u0161to danas nisam sa vama, ali obaveze, koje imam kao direktor ASS, su nalagale da danas budem u Viljnusu u Litvaniji na Evropskom kongresu. \u010cestitam vam Dan op\u0161tine i zahvaljujem na izuzetno velikom, za mene najve\u0107em priznaju u mojoj karijeri. To je zahvalnost zato \u0161to ste me proglasili Po\u010dasnim gra\u0111aninom \u0106uprije. Velika obaveza za mene, ali nastavljam i dalje poma\u017eem kako bi \u0106upriju postavili na mapu evropske i svetske atletike, kako bi ona postala regionalni razvojni centar atletike, rekao je Brankovi\u0107.<\/p>\n<p>U obrazlo\u017eenje za dodeljivanje titule Po\u010dasni gra\u0111anin stoji da je Brankovi\u0107 dao veliki doprinos za pribavljanje tartan staze i ostale neophodne opreme za budu\u0107i Atletski centar, kao i dugogodi\u0161nju uspe\u0161nu saradnju sa op\u0161tinom i OAK Morava, te promociji \u0106uprije kao grada sporta. Plaketa op\u0161tine dodeljena je profesoru Milanu Maju D\u017eelatovi\u0107u, dugogodi\u0161njem sportskom radniku, zahvalnice organizaciji FAO i zlatari Spasi\u0107, nov\u010dane nagrade uru\u010dene su 20. strelaca protivgradnih stanica, kao i u\u010denicima generacije svih \u0107uprijskih \u0161kola.<\/p>\n<figure id=\"attachment_10134\" aria-describedby=\"caption-attachment-10134\" style=\"width: 300px\" class=\"wp-caption alignright\"><a href=\"https:\/\/centralmedia.rs\/wp-content\/uploads\/2017\/10\/djaci-generacije.jpg\"><img loading=\"lazy\" decoding=\"async\" class=\"size-medium wp-image-10134\" src=\"https:\/\/centralmedia.rs\/wp-content\/uploads\/2017\/10\/djaci-generacije-300x245.jpg\" alt=\"\" width=\"300\" height=\"245\" srcset=\"https:\/\/centralmedia.rs\/wp-content\/uploads\/2017\/10\/djaci-generacije-300x245.jpg 300w, https:\/\/centralmedia.rs\/wp-content\/uploads\/2017\/10\/djaci-generacije-768x628.jpg 768w, https:\/\/centralmedia.rs\/wp-content\/uploads\/2017\/10\/djaci-generacije.jpg 900w\" sizes=\"(max-width: 300px) 100vw, 300px\" \/><\/a><figcaption id=\"caption-attachment-10134\" class=\"wp-caption-text\">Nagra\u0111eni \u0111aci generacije \u0107uprijskih \u0161kola<\/figcaption><\/figure>\n<p>-Kada samo pomislim \u0161ta \u0107e se dogoditi u bliskoj budu\u0107nosti, ja sam sre\u0107an i nestrpljiv, zato \u0161to znam kako \u0107e \u0106uprija da izgleda. Ova generacija ima viziju i to predstavlja novi izgled \u0106uprije. A novo je Atletski centar Srbije, stadion i hala, jedinstven sportski kompleks koji \u0107e omogu\u0107iti usavr\u0161avanje vrhunskih sportista, a nama organizaciju evropskih i svetskih takmi\u010denja. Novim mostom na Velikoj Moravi stvara se mogu\u0107nost da \u0106uprija dobije veliki trg sa pe\u0161a\u010dkom zonom u centru grada, dok \u0107e stari most koristiti pe\u0161aci a druga obala reke bi\u0107e aktivirana za razne sportske, muzi\u010dke i zabavne doga\u0111aje. Poljoiprivredno zemlji\u0161te u Dobri\u010devu, pored Koridora 10, dobi\u0107e novu namenu, odnosno mogu\u0107nost za izgradnju trgovinskog i autlet centra, industrijske zone, poslovnog centra sa hotelima, sportskim i zabavanim sadr\u017eajima, kao i aerodrom za sportske avione. Novi izgled \u0106uprije dobi\u0107emo izgradnjom spomenika Caru Lazaru, iskopavanjem arheolo\u0161kog nalazi\u0161ta Horeum Margi, kao i realizacijom svih projekata koji su predvi\u0111eni Strategijom odr\u017eivog razvoja 2017.-2022. godina, najavio je predsednik te op\u0161tine Ninoslav Eri\u0107.<\/p>\n<p>Nabrojani projekti bi\u0107e realizovani uz podr\u0161ku predsednika Srbije Aleksandra Vu\u010di\u0107a i Vlade Srbije<\/p>\n<blockquote><p>-Svi znaju kako je \u0106uprija izgledaja pre \u010detiri godine, a kako izgleda danas. Zadovoljan sam i siguran da mo\u017eemo bolje. Znam da mo\u017eemo bolje, ali ve\u0107ina ne mo\u017ee ni da nasluti kako \u0107e \u0106uprija izgedati u budu\u0107nosti. Strah da \u0107e se pro\u0161lost vratiti, pojedincima uliva presimizam. \u0106uprija danas obele\u017eava 73 godine slobode. Drugi put u istom veku, a ko zna po koji put u istoriji, u \u0106upriji se osvajala i do\u010dekivala sloboda. Najve\u0107a ljudska obaveza je da onima koji dolaze posle nas ostavimo bolje uslove za \u017eivot. Pre \u010detiri godine, kada smo preuzeli vlast, bili smo svesni te obaveze, ali i sigurni da mo\u017eemo da je ispunimo. To je prelomna 2013. godina, ni malo laka, \u0106uprija je u svemu kasnila, bez industrijske infrastrukture, bez privrede, bez planova i ideja, sa nagomilanim obavezama, blokiranim mesnim zajednicama. I danas pla\u0107amo milionske obaveze iz pro\u0161losti, iamo infrastrukturu staru 40 godina, recidive pro\u0161losti. Ali trudi\u0107emo se i re\u0161iti, podsetio je Eri\u0107.<\/p>\n<div id='gallery-1' class='gallery galleryid-10132 gallery-columns-5 gallery-size-thumbnail'><figure class='gallery-item'>\n\t\t\t<div class='gallery-icon landscape'>\n\t\t\t\t<a href='https:\/\/centralmedia.rs\/index.php\/2017\/10\/13\/ninoslav-ericnovo-lice-cuprije-pocasni-gradjanin-cuprije-slobodan-brankovic\/ninoslav-eric-7\/'><img loading=\"lazy\" decoding=\"async\" width=\"150\" height=\"150\" src=\"https:\/\/centralmedia.rs\/wp-content\/uploads\/2017\/10\/ninoslav-eric-1-150x150.jpg\" class=\"attachment-thumbnail size-thumbnail\" alt=\"\" \/><\/a>\n\t\t\t<\/div><\/figure><figure class='gallery-item'>\n\t\t\t<div class='gallery-icon landscape'>\n\t\t\t\t<a href='https:\/\/centralmedia.rs\/index.php\/2017\/10\/13\/ninoslav-ericnovo-lice-cuprije-pocasni-gradjanin-cuprije-slobodan-brankovic\/svecana-akademija-1\/'><img loading=\"lazy\" decoding=\"async\" width=\"150\" height=\"150\" src=\"https:\/\/centralmedia.rs\/wp-content\/uploads\/2017\/10\/svecana-akademija-1-150x150.jpg\" class=\"attachment-thumbnail size-thumbnail\" alt=\"\" \/><\/a>\n\t\t\t<\/div><\/figure><figure class='gallery-item'>\n\t\t\t<div class='gallery-icon landscape'>\n\t\t\t\t<a href='https:\/\/centralmedia.rs\/index.php\/2017\/10\/13\/ninoslav-ericnovo-lice-cuprije-pocasni-gradjanin-cuprije-slobodan-brankovic\/branimir-tazic\/'><img loading=\"lazy\" decoding=\"async\" width=\"150\" height=\"150\" src=\"https:\/\/centralmedia.rs\/wp-content\/uploads\/2017\/10\/branimir-tazic-150x150.jpg\" class=\"attachment-thumbnail size-thumbnail\" alt=\"\" \/><\/a>\n\t\t\t<\/div><\/figure><figure class='gallery-item'>\n\t\t\t<div class='gallery-icon landscape'>\n\t\t\t\t<a href='https:\/\/centralmedia.rs\/index.php\/2017\/10\/13\/ninoslav-ericnovo-lice-cuprije-pocasni-gradjanin-cuprije-slobodan-brankovic\/svecana-akademija\/'><img loading=\"lazy\" decoding=\"async\" width=\"150\" height=\"150\" src=\"https:\/\/centralmedia.rs\/wp-content\/uploads\/2017\/10\/svecana-akademija-150x150.jpg\" class=\"attachment-thumbnail size-thumbnail\" alt=\"\" \/><\/a>\n\t\t\t<\/div><\/figure><figure class='gallery-item'>\n\t\t\t<div class='gallery-icon landscape'>\n\t\t\t\t<a href='https:\/\/centralmedia.rs\/index.php\/2017\/10\/13\/ninoslav-ericnovo-lice-cuprije-pocasni-gradjanin-cuprije-slobodan-brankovic\/hor-dar\/'><img loading=\"lazy\" decoding=\"async\" width=\"150\" height=\"150\" src=\"https:\/\/centralmedia.rs\/wp-content\/uploads\/2017\/10\/hor-dar-150x150.jpg\" class=\"attachment-thumbnail size-thumbnail\" alt=\"\" \/><\/a>\n\t\t\t<\/div><\/figure>\n\t\t<\/div>\n<\/blockquote>\n<p>Predsednik SO Branimir Tazi\u0107 podsetio na najzna\u010dajnije odluke skup\u0161tine za podsticaj privrede i poljoprivrede.<\/p>\n<p>-Ve\u0107 na sve\u010danoj akademiji naredne godine pri\u010da\u0107u o najve\u0107em sportskom infrastrukturnom projektu u Srbiji, o novootvorenim radnim mestima, uspesima \u0111aka, studenata i sportista, efikasnom radu skup\u0161tine, rekao je Tazi\u0107 i najavio da \u0107e lokalna skup\u0161tina pre\u0107i na rad elektronskim dokumentima, odnosno da \u0107e svi predlozi odluka biti u elektronskom formatu.\u00a0Sve\u010dani akademiju svojim nastupima uveli\u010dali su De\u010dji hor Dar i u\u010denici \u0160kole za muzi\u010dke talente.<\/p>\n","protected":false},"excerpt":{"rendered":"<p>\u0106UPRIJA- Slobodan Brankovi\u0107 direktor Atletskog saveza Srbije od danas nosi titulu Po\u010dasni gra\u0111anin \u0106uprije, \u0161to je najve\u0107e priznanje\u00a0 te op\u0161tine, saop\u0161teno je na dana\u0161njoj sve\u010danoj &hellip; <\/p>\n","protected":false},"author":4,"featured_media":10133,"comment_status":"open","ping_status":"open","sticky":false,"template":"","format":"standard","meta":{"footnotes":""},"categories":[1515,14,1524,2,887,12],"tags":[44,2041,2392,1343],"_links":{"self":[{"href":"https:\/\/centralmedia.rs\/index.php\/wp-json\/wp\/v2\/posts\/10132"}],"collection":[{"href":"https:\/\/centralmedia.rs\/index.php\/wp-json\/wp\/v2\/posts"}],"about":[{"href":"https:\/\/centralmedia.rs\/index.php\/wp-json\/wp\/v2\/types\/post"}],"author":[{"embeddable":true,"href":"https:\/\/centralmedia.rs\/index.php\/wp-json\/wp\/v2\/users\/4"}],"replies":[{"embeddable":true,"href":"https:\/\/centralmedia.rs\/index.php\/wp-json\/wp\/v2\/comments?post=10132"}],"version-history":[{"count":2,"href":"https:\/\/centralmedia.rs\/index.php\/wp-json\/wp\/v2\/posts\/10132\/revisions"}],"predecessor-version":[{"id":10142,"href":"https:\/\/centralmedia.rs\/index.php\/wp-json\/wp\/v2\/posts\/10132\/revisions\/10142"}],"wp:featuredmedia":[{"embeddable":true,"href":"https:\/\/centralmedia.rs\/index.php\/wp-json\/wp\/v2\/media\/10133"}],"wp:attachment":[{"href":"https:\/\/centralmedia.rs\/index.php\/wp-json\/wp\/v2\/media?parent=10132"}],"wp:term":[{"taxonomy":"category","embeddable":true,"href":"https:\/\/centralmedia.rs\/index.php\/wp-json\/wp\/v2\/categories?post=10132"},{"taxonomy":"post_tag","embeddable":true,"href":"https:\/\/centralmedia.rs\/index.php\/wp-json\/wp\/v2\/tags?post=10132"}],"curies":[{"name":"wp","href":"https:\/\/api.w.org\/{rel}","templated":true}]}}