{"id":10172,"date":"2017-10-17T19:43:18","date_gmt":"2017-10-17T19:43:18","guid":{"rendered":"http:\/\/centralmedia.rs\/?p=10172"},"modified":"2017-10-17T19:43:18","modified_gmt":"2017-10-17T19:43:18","slug":"film-o-mensi-srbije","status":"publish","type":"post","link":"https:\/\/centralmedia.rs\/index.php\/2017\/10\/17\/film-o-mensi-srbije\/","title":{"rendered":"FILM O MENSI SRBIJE"},"content":{"rendered":"<p>JAGODINA-Mensa Pomoravlja organizuje projekciju dokumentarnog filma o Mensi Srbije.<\/p>\n<div id='gallery-1' class='gallery galleryid-10172 gallery-columns-2 gallery-size-full'><figure class='gallery-item'>\n\t\t\t<div class='gallery-icon landscape'>\n\t\t\t\t<a href='https:\/\/centralmedia.rs\/index.php\/2017\/10\/17\/film-o-mensi-srbije\/plakat-1-4\/'><img loading=\"lazy\" decoding=\"async\" width=\"576\" height=\"408\" src=\"https:\/\/centralmedia.rs\/wp-content\/uploads\/2017\/10\/plakat-1-1.jpg\" class=\"attachment-full size-full\" alt=\"\" srcset=\"https:\/\/centralmedia.rs\/wp-content\/uploads\/2017\/10\/plakat-1-1.jpg 576w, https:\/\/centralmedia.rs\/wp-content\/uploads\/2017\/10\/plakat-1-1-300x213.jpg 300w, https:\/\/centralmedia.rs\/wp-content\/uploads\/2017\/10\/plakat-1-1-100x70.jpg 100w\" sizes=\"(max-width: 576px) 100vw, 576px\" \/><\/a>\n\t\t\t<\/div><\/figure><figure class='gallery-item'>\n\t\t\t<div class='gallery-icon landscape'>\n\t\t\t\t<a href='https:\/\/centralmedia.rs\/index.php\/2017\/10\/17\/film-o-mensi-srbije\/plakat-2-4\/'><img loading=\"lazy\" decoding=\"async\" width=\"576\" height=\"408\" src=\"https:\/\/centralmedia.rs\/wp-content\/uploads\/2017\/10\/plakat-2.jpg\" class=\"attachment-full size-full\" alt=\"\" srcset=\"https:\/\/centralmedia.rs\/wp-content\/uploads\/2017\/10\/plakat-2.jpg 576w, https:\/\/centralmedia.rs\/wp-content\/uploads\/2017\/10\/plakat-2-300x213.jpg 300w, https:\/\/centralmedia.rs\/wp-content\/uploads\/2017\/10\/plakat-2-100x70.jpg 100w\" sizes=\"(max-width: 576px) 100vw, 576px\" \/><\/a>\n\t\t\t<\/div><\/figure>\n\t\t<\/div>\n\n<p>Projekcija \u0107e se odr\u017eati u \u010detvrtak 19. oktobra u foajeu Kulturnog centra u Jagodini 19 sati. To je ujedno i najava za predstoje\u0107e testiranje inteligencije koje ce se odr\u017eati u Jagodini i Para\u0107inu 21. oktobra, a u okviru me\u0111unarodne akcije &#8220;Dan inteligencije&#8221;. Nekoliko kandidata koji pripadaju povla\u0161\u0107enim kategorijama dobi\u0107e besplatno testiranje, prijave u inbox Mense Pomoravlja.<\/p>\n","protected":false},"excerpt":{"rendered":"<p>JAGODINA-Mensa Pomoravlja organizuje projekciju dokumentarnog filma o Mensi Srbije. Projekcija \u0107e se odr\u017eati u \u010detvrtak 19. oktobra u foajeu Kulturnog centra u Jagodini 19 sati. &hellip; <\/p>\n","protected":false},"author":4,"featured_media":10174,"comment_status":"open","ping_status":"open","sticky":false,"template":"","format":"standard","meta":{"footnotes":""},"categories":[1524,2,1514,16,12],"tags":[58,2402,352,2403],"_links":{"self":[{"href":"https:\/\/centralmedia.rs\/index.php\/wp-json\/wp\/v2\/posts\/10172"}],"collection":[{"href":"https:\/\/centralmedia.rs\/index.php\/wp-json\/wp\/v2\/posts"}],"about":[{"href":"https:\/\/centralmedia.rs\/index.php\/wp-json\/wp\/v2\/types\/post"}],"author":[{"embeddable":true,"href":"https:\/\/centralmedia.rs\/index.php\/wp-json\/wp\/v2\/users\/4"}],"replies":[{"embeddable":true,"href":"https:\/\/centralmedia.rs\/index.php\/wp-json\/wp\/v2\/comments?post=10172"}],"version-history":[{"count":1,"href":"https:\/\/centralmedia.rs\/index.php\/wp-json\/wp\/v2\/posts\/10172\/revisions"}],"predecessor-version":[{"id":10177,"href":"https:\/\/centralmedia.rs\/index.php\/wp-json\/wp\/v2\/posts\/10172\/revisions\/10177"}],"wp:featuredmedia":[{"embeddable":true,"href":"https:\/\/centralmedia.rs\/index.php\/wp-json\/wp\/v2\/media\/10174"}],"wp:attachment":[{"href":"https:\/\/centralmedia.rs\/index.php\/wp-json\/wp\/v2\/media?parent=10172"}],"wp:term":[{"taxonomy":"category","embeddable":true,"href":"https:\/\/centralmedia.rs\/index.php\/wp-json\/wp\/v2\/categories?post=10172"},{"taxonomy":"post_tag","embeddable":true,"href":"https:\/\/centralmedia.rs\/index.php\/wp-json\/wp\/v2\/tags?post=10172"}],"curies":[{"name":"wp","href":"https:\/\/api.w.org\/{rel}","templated":true}]}}