{"id":10178,"date":"2017-10-17T22:02:25","date_gmt":"2017-10-17T22:02:25","guid":{"rendered":"http:\/\/centralmedia.rs\/?p=10178"},"modified":"2017-10-17T22:02:25","modified_gmt":"2017-10-17T22:02:25","slug":"dodela-oktobarskih-nagrada-jagodina-obelezila-dan-oslobodjenja-od-fasizma","status":"publish","type":"post","link":"https:\/\/centralmedia.rs\/index.php\/2017\/10\/17\/dodela-oktobarskih-nagrada-jagodina-obelezila-dan-oslobodjenja-od-fasizma\/","title":{"rendered":"DODELA OKTOBARSKIH NAGRADA &#8211; Jagodina obele\u017eila dan oslobo\u0111enja od fa\u0161izma"},"content":{"rendered":"<p>JAGODINA-Na sve\u010danosti povodom dana oslobo\u0111enja od fa\u0161izma Skup\u0161tina grada Jagodina danas je podelila oktobarske nagrade najboljim pojedincima i ustanovama. Plaketu grada i nov\u010dani iznos od po 50.000 dinara dobilo je 11 osnovaca, \u010detiri srednjo\u0161kolca, Gradsko pozori\u0161te, policijski slu\u017ebenik Zoran Stanojevi\u0107, Udru\u017eenje penzionera, Odred izvi\u0111a\u010da \u201eBo\u0161ko \u0110uri\u010di\u0107\u201c, KUD \u201e\u0110erdan\u201c, \u010detvoro sportista i FK \u201e\u0160antarovac\u201c.<\/p>\n<p>-Moj kolektiv je prepoznao moje konstantno usavr\u0161avanje, primenu novih tehnologija radi \u0161to boljeg funkcionisanja na\u0161e slu\u017ebe, i moju \u017eelju da drugima prenesem svoje znanje i pomognem im kako bi bezbednost svih gra\u0111ana bila \u0161to bolja \u2013 izjavio je vo\u0111a Saobra\u0107ajnog sektora Policijske ispostave Jagodna grad Zoran Stanojevi\u0107.<\/p>\n<div id='gallery-1' class='gallery galleryid-10178 gallery-columns-2 gallery-size-full'><figure class='gallery-item'>\n\t\t\t<div class='gallery-icon landscape'>\n\t\t\t\t<a href='https:\/\/centralmedia.rs\/index.php\/2017\/10\/17\/dodela-oktobarskih-nagrada-jagodina-obelezila-dan-oslobodjenja-od-fasizma\/dsc_0837\/'><img loading=\"lazy\" decoding=\"async\" width=\"900\" height=\"602\" src=\"https:\/\/centralmedia.rs\/wp-content\/uploads\/2017\/10\/DSC_0837.jpg\" class=\"attachment-full size-full\" alt=\"\" srcset=\"https:\/\/centralmedia.rs\/wp-content\/uploads\/2017\/10\/DSC_0837.jpg 900w, https:\/\/centralmedia.rs\/wp-content\/uploads\/2017\/10\/DSC_0837-300x201.jpg 300w, https:\/\/centralmedia.rs\/wp-content\/uploads\/2017\/10\/DSC_0837-768x514.jpg 768w\" sizes=\"(max-width: 900px) 100vw, 900px\" \/><\/a>\n\t\t\t<\/div><\/figure><figure class='gallery-item'>\n\t\t\t<div class='gallery-icon landscape'>\n\t\t\t\t<a href='https:\/\/centralmedia.rs\/index.php\/2017\/10\/17\/dodela-oktobarskih-nagrada-jagodina-obelezila-dan-oslobodjenja-od-fasizma\/dsc_0842\/'><img loading=\"lazy\" decoding=\"async\" width=\"900\" height=\"602\" src=\"https:\/\/centralmedia.rs\/wp-content\/uploads\/2017\/10\/DSC_0842.jpg\" class=\"attachment-full size-full\" alt=\"\" srcset=\"https:\/\/centralmedia.rs\/wp-content\/uploads\/2017\/10\/DSC_0842.jpg 900w, https:\/\/centralmedia.rs\/wp-content\/uploads\/2017\/10\/DSC_0842-300x201.jpg 300w, https:\/\/centralmedia.rs\/wp-content\/uploads\/2017\/10\/DSC_0842-768x514.jpg 768w\" sizes=\"(max-width: 900px) 100vw, 900px\" \/><\/a>\n\t\t\t<\/div><\/figure>\n\t\t<\/div>\n\n<p>Mateja Jovanovi\u0107, jedini dobitnik Oktobarske nagrade iz Gimnazije \u201eSvetozar Markovi\u0107\u201c rekao je da mu zna\u010di kada posle velikog rada i truda dobije priznanje. On je na republi\u010dkim takmi\u010denjima iz fizike tri puta osvojio tre\u0107e mesto i jednom drugo.<\/p>\n<blockquote><p>-Iako je krajem pro\u0161le i po\u010detkom ove godine oko 2.000 radnika ostalo bez posla, odnosno uzelo otpremninu, pa priliv u bud\u017eetu nije onakav kakvog smo planrali, nijedno davanje nismo ukinuli. I decembra \u0107emo davati od 2.000 do 12.000 dinara za gospo\u0111u i gospodina. Neka se smeju i dalje, ali bud\u017eet tro\u0161e gra\u0111ani \u2013 izjavio je predsednik Skup\u0161tine grada Jagodine Dragan Markovi\u0107 Palma<\/p><\/blockquote>\n<p>&nbsp;<\/p>\n<p>Sve\u010danosti povodom dodeljivanja oktobarskih priznanja prisustvovao je i prvi sekretar ruske Ambasade Aleksej \u017dukov. On je sa jagodinskom delgacijom polo\u017eio vence i cve\u0107e na spomen groblje Crvenoarmejaca palih za oslobo\u0111enje Srbije.<\/p>\n","protected":false},"excerpt":{"rendered":"<p>JAGODINA-Na sve\u010danosti povodom dana oslobo\u0111enja od fa\u0161izma Skup\u0161tina grada Jagodina danas je podelila oktobarske nagrade najboljim pojedincima i ustanovama. Plaketu grada i nov\u010dani iznos od &hellip; <\/p>\n","protected":false},"author":4,"featured_media":10179,"comment_status":"open","ping_status":"open","sticky":false,"template":"","format":"standard","meta":{"footnotes":""},"categories":[14,1524,2,1514,12],"tags":[1324,58],"_links":{"self":[{"href":"https:\/\/centralmedia.rs\/index.php\/wp-json\/wp\/v2\/posts\/10178"}],"collection":[{"href":"https:\/\/centralmedia.rs\/index.php\/wp-json\/wp\/v2\/posts"}],"about":[{"href":"https:\/\/centralmedia.rs\/index.php\/wp-json\/wp\/v2\/types\/post"}],"author":[{"embeddable":true,"href":"https:\/\/centralmedia.rs\/index.php\/wp-json\/wp\/v2\/users\/4"}],"replies":[{"embeddable":true,"href":"https:\/\/centralmedia.rs\/index.php\/wp-json\/wp\/v2\/comments?post=10178"}],"version-history":[{"count":1,"href":"https:\/\/centralmedia.rs\/index.php\/wp-json\/wp\/v2\/posts\/10178\/revisions"}],"predecessor-version":[{"id":10182,"href":"https:\/\/centralmedia.rs\/index.php\/wp-json\/wp\/v2\/posts\/10178\/revisions\/10182"}],"wp:featuredmedia":[{"embeddable":true,"href":"https:\/\/centralmedia.rs\/index.php\/wp-json\/wp\/v2\/media\/10179"}],"wp:attachment":[{"href":"https:\/\/centralmedia.rs\/index.php\/wp-json\/wp\/v2\/media?parent=10178"}],"wp:term":[{"taxonomy":"category","embeddable":true,"href":"https:\/\/centralmedia.rs\/index.php\/wp-json\/wp\/v2\/categories?post=10178"},{"taxonomy":"post_tag","embeddable":true,"href":"https:\/\/centralmedia.rs\/index.php\/wp-json\/wp\/v2\/tags?post=10178"}],"curies":[{"name":"wp","href":"https:\/\/api.w.org\/{rel}","templated":true}]}}