{"id":10187,"date":"2017-10-17T22:22:23","date_gmt":"2017-10-17T22:22:23","guid":{"rendered":"http:\/\/centralmedia.rs\/?p=10187"},"modified":"2017-10-17T22:23:05","modified_gmt":"2017-10-17T22:23:05","slug":"obelezen-17-oktobar-dan-opstine-rekovac-novcane-nagrade-za-tridesetoro-ucenika","status":"publish","type":"post","link":"https:\/\/centralmedia.rs\/index.php\/2017\/10\/17\/obelezen-17-oktobar-dan-opstine-rekovac-novcane-nagrade-za-tridesetoro-ucenika\/","title":{"rendered":"OBELE\u017dEN 17. OKTOBAR DAN OP\u0160TINE REKOVAC &#8211; NOV\u010cANE NAGRADE ZA TRIDESETORO U\u010cENIKA"},"content":{"rendered":"<p>REKOVAC-Povodom Dana op\u0161tine Rekovac danas je odr\u017eana sve\u010dana sednica skup\u0161tine na kojoj su Plakete za razvoj i promociju te op\u0161tine dodeljene \u00a0dr Miodragu Peuli\u0107u i prof dr Savi Milojevi\u0107u. Pojedincima i organzacijama dodeljeno je deset Diploma op\u0161tine za razvoj, saradnju i promociju, kao i\u00a0 \u010detiri zahvalnice. Tridesetoro u\u010denika osnovnih i srednjih \u0161kola, kao i njihovi nastavnici nagra\u0111eni su zahvalinicama i nov\u010danim nagrada od 5.000 do 20.000 dinara u zavisnosti od uspeha koji su postizali. Najmla\u0111i dobitnici zavalnica su Una Petrovi\u0107 (6) i Pavle Simi\u0107 (7).<\/p>\n<div id='gallery-1' class='gallery galleryid-10187 gallery-columns-2 gallery-size-full'><figure class='gallery-item'>\n\t\t\t<div class='gallery-icon landscape'>\n\t\t\t\t<a href='https:\/\/centralmedia.rs\/index.php\/2017\/10\/17\/obelezen-17-oktobar-dan-opstine-rekovac-novcane-nagrade-za-tridesetoro-ucenika\/una\/'><img loading=\"lazy\" decoding=\"async\" width=\"900\" height=\"675\" src=\"https:\/\/centralmedia.rs\/wp-content\/uploads\/2017\/10\/una.jpg\" class=\"attachment-full size-full\" alt=\"\" srcset=\"https:\/\/centralmedia.rs\/wp-content\/uploads\/2017\/10\/una.jpg 900w, https:\/\/centralmedia.rs\/wp-content\/uploads\/2017\/10\/una-300x225.jpg 300w, https:\/\/centralmedia.rs\/wp-content\/uploads\/2017\/10\/una-768x576.jpg 768w, https:\/\/centralmedia.rs\/wp-content\/uploads\/2017\/10\/una-80x60.jpg 80w, https:\/\/centralmedia.rs\/wp-content\/uploads\/2017\/10\/una-265x198.jpg 265w\" sizes=\"(max-width: 900px) 100vw, 900px\" \/><\/a>\n\t\t\t<\/div><\/figure><figure class='gallery-item'>\n\t\t\t<div class='gallery-icon landscape'>\n\t\t\t\t<a href='https:\/\/centralmedia.rs\/index.php\/2017\/10\/17\/obelezen-17-oktobar-dan-opstine-rekovac-novcane-nagrade-za-tridesetoro-ucenika\/pavle-2\/'><img loading=\"lazy\" decoding=\"async\" width=\"900\" height=\"675\" src=\"https:\/\/centralmedia.rs\/wp-content\/uploads\/2017\/10\/pavle.jpg\" class=\"attachment-full size-full\" alt=\"\" srcset=\"https:\/\/centralmedia.rs\/wp-content\/uploads\/2017\/10\/pavle.jpg 900w, https:\/\/centralmedia.rs\/wp-content\/uploads\/2017\/10\/pavle-300x225.jpg 300w, https:\/\/centralmedia.rs\/wp-content\/uploads\/2017\/10\/pavle-768x576.jpg 768w, https:\/\/centralmedia.rs\/wp-content\/uploads\/2017\/10\/pavle-80x60.jpg 80w, https:\/\/centralmedia.rs\/wp-content\/uploads\/2017\/10\/pavle-265x198.jpg 265w\" sizes=\"(max-width: 900px) 100vw, 900px\" \/><\/a>\n\t\t\t<\/div><\/figure>\n\t\t<\/div>\n\n<p>-Pe\u010dat razvoja i osve\u017eenje u proteklih godinu predstavlja po\u010detak rada pogona firme Cveteks sa 30 radnica, to je radost i bolji \u017eivot 30 porodica. Veliki akcenat dat je na pogon Fabrike kablova i o\u010dekujemo da \u0107emo dobiti prostor za nove investitore, rekao je predsednik dr Aleksandar \u0110or\u0111evi\u0107.<a href=\"https:\/\/centralmedia.rs\/wp-content\/uploads\/2017\/10\/dr-aleksandar-djordjevic-1.jpg\"><img loading=\"lazy\" decoding=\"async\" class=\"alignright size-medium wp-image-10191\" src=\"https:\/\/centralmedia.rs\/wp-content\/uploads\/2017\/10\/dr-aleksandar-djordjevic-1-300x225.jpg\" alt=\"\" width=\"300\" height=\"225\" srcset=\"https:\/\/centralmedia.rs\/wp-content\/uploads\/2017\/10\/dr-aleksandar-djordjevic-1-300x225.jpg 300w, https:\/\/centralmedia.rs\/wp-content\/uploads\/2017\/10\/dr-aleksandar-djordjevic-1-768x576.jpg 768w, https:\/\/centralmedia.rs\/wp-content\/uploads\/2017\/10\/dr-aleksandar-djordjevic-1-80x60.jpg 80w, https:\/\/centralmedia.rs\/wp-content\/uploads\/2017\/10\/dr-aleksandar-djordjevic-1-265x198.jpg 265w, https:\/\/centralmedia.rs\/wp-content\/uploads\/2017\/10\/dr-aleksandar-djordjevic-1.jpg 900w\" sizes=\"(max-width: 300px) 100vw, 300px\" \/><\/a><\/p>\n<p>U saradnji sa Vladom Srbije realizovane su investicije u Srednjoj poljoprivredno-veterinarskoj \u0161koli u vrednosti 4,7 miliona dinara. Projekat Euteke u biblioteci doneo je 500 dinara ulaganja, dok je za kupovinu ku\u0107a za izbegle i raseljenje investirano 2,6 miliona dinara. Za infrastrukturu u pred\u0161kolskoj ustanovi ulo\u017eeno je 2,5 miliona dinara. Po\u010detkom slede\u0107e godine u Te\u010di\u0107u \u0107e biti asvaltiran put du\u017eine 1,3 kilometra u vrednosti 9 miliona dinara. Asvaltirane su dve deonice u Dragovu i Cikotu. Pripremaju se dokumentacija i projekti za sanaciju vodovodne mre\u017ee u gradu, kao i za sela Te\u010di\u0107, Vukmanovac i Lo\u0107ika.<a href=\"https:\/\/centralmedia.rs\/wp-content\/uploads\/2017\/10\/dr-aleksandar-djordjevic.jpg\"><img loading=\"lazy\" decoding=\"async\" class=\"alignright size-medium wp-image-10192\" src=\"https:\/\/centralmedia.rs\/wp-content\/uploads\/2017\/10\/dr-aleksandar-djordjevic-225x300.jpg\" alt=\"\" width=\"225\" height=\"300\" srcset=\"https:\/\/centralmedia.rs\/wp-content\/uploads\/2017\/10\/dr-aleksandar-djordjevic-225x300.jpg 225w, https:\/\/centralmedia.rs\/wp-content\/uploads\/2017\/10\/dr-aleksandar-djordjevic.jpg 675w\" sizes=\"(max-width: 225px) 100vw, 225px\" \/><\/a><\/p>\n<p>-Sa ministarstvima Vlade Srbije postoji odli\u010dna saradnja, \u0161to je klju\u010d uspeha,jer bez te pomo\u0107i, Rekovac ne mo\u017ee da napreduje, zaklju\u010dio dr \u0110or\u0111evi\u0107.<\/p>\n<p>Proslavi Dana op\u0161tine Rekovac prisutvovao je ambasador Palestine Muhamed Nabhan, po\u010dasni konzul Belorusije Zoran Vulovi\u0107, savetnik ministra za sport i omladinu Bogdan Kne\u017eevi\u0107.<\/p>\n<p>-Na\u0161 cilj je stvaranje boljeg \u017eivota. \u0110aci dobijaju najbolje obrazovanje, stariji sugra\u0111ani imaju dostojanstvenu starost i podr\u0161ku zajednice, sprovodimo projekte za ja\u010danje op\u0161tine. Mere uspeha bi\u0107e broj mladih koji ostanu i vrate se u Leva\u010d sa novim znanjima i ve\u0161tinama, rekao je predsednik SO Rekovac Goran \u0110or\u0111evi\u0107.<\/p>\n<div id='gallery-2' class='gallery galleryid-10187 gallery-columns-5 gallery-size-thumbnail'><figure class='gallery-item'>\n\t\t\t<div class='gallery-icon landscape'>\n\t\t\t\t<a href='https:\/\/centralmedia.rs\/index.php\/2017\/10\/17\/obelezen-17-oktobar-dan-opstine-rekovac-novcane-nagrade-za-tridesetoro-ucenika\/dan-opstine-1\/'><img loading=\"lazy\" decoding=\"async\" width=\"150\" height=\"150\" src=\"https:\/\/centralmedia.rs\/wp-content\/uploads\/2017\/10\/dan-opstine-1-150x150.jpg\" class=\"attachment-thumbnail size-thumbnail\" alt=\"\" \/><\/a>\n\t\t\t<\/div><\/figure><figure class='gallery-item'>\n\t\t\t<div class='gallery-icon landscape'>\n\t\t\t\t<a href='https:\/\/centralmedia.rs\/index.php\/2017\/10\/17\/obelezen-17-oktobar-dan-opstine-rekovac-novcane-nagrade-za-tridesetoro-ucenika\/dan-opstine\/'><img loading=\"lazy\" decoding=\"async\" width=\"150\" height=\"150\" src=\"https:\/\/centralmedia.rs\/wp-content\/uploads\/2017\/10\/dan-opstine-150x150.jpg\" class=\"attachment-thumbnail size-thumbnail\" alt=\"\" \/><\/a>\n\t\t\t<\/div><\/figure><figure class='gallery-item'>\n\t\t\t<div class='gallery-icon landscape'>\n\t\t\t\t<a href='https:\/\/centralmedia.rs\/index.php\/2017\/10\/17\/obelezen-17-oktobar-dan-opstine-rekovac-novcane-nagrade-za-tridesetoro-ucenika\/plaketa-dr-sava-milojevic-u-sredini\/'><img loading=\"lazy\" decoding=\"async\" width=\"150\" height=\"150\" src=\"https:\/\/centralmedia.rs\/wp-content\/uploads\/2017\/10\/plaketa-dr-sava-milojevic-u-sredini-150x150.jpg\" class=\"attachment-thumbnail size-thumbnail\" alt=\"\" \/><\/a>\n\t\t\t<\/div><\/figure><figure class='gallery-item'>\n\t\t\t<div class='gallery-icon landscape'>\n\t\t\t\t<a href='https:\/\/centralmedia.rs\/index.php\/2017\/10\/17\/obelezen-17-oktobar-dan-opstine-rekovac-novcane-nagrade-za-tridesetoro-ucenika\/goran-djordjevic-2\/'><img loading=\"lazy\" decoding=\"async\" width=\"150\" height=\"150\" src=\"https:\/\/centralmedia.rs\/wp-content\/uploads\/2017\/10\/goran-djordjevic-150x150.jpg\" class=\"attachment-thumbnail size-thumbnail\" alt=\"\" \/><\/a>\n\t\t\t<\/div><\/figure><figure class='gallery-item'>\n\t\t\t<div class='gallery-icon landscape'>\n\t\t\t\t<a href='https:\/\/centralmedia.rs\/index.php\/2017\/10\/17\/obelezen-17-oktobar-dan-opstine-rekovac-novcane-nagrade-za-tridesetoro-ucenika\/nagradjeni-6\/'><img loading=\"lazy\" decoding=\"async\" width=\"150\" height=\"150\" src=\"https:\/\/centralmedia.rs\/wp-content\/uploads\/2017\/10\/nagradjeni-1-150x150.jpg\" class=\"attachment-thumbnail size-thumbnail\" alt=\"\" \/><\/a>\n\t\t\t<\/div><\/figure>\n\t\t<\/div>\n\n<p>U ime nagra\u0111enih zahvalio se Mile Samard\u017ei\u0107, profesor Vi\u0161e poslovne \u0161kole u Beogradu.<\/p>\n","protected":false},"excerpt":{"rendered":"<p>REKOVAC-Povodom Dana op\u0161tine Rekovac danas je odr\u017eana sve\u010dana sednica skup\u0161tine na kojoj su Plakete za razvoj i promociju te op\u0161tine dodeljene \u00a0dr Miodragu Peuli\u0107u i &hellip; <\/p>\n","protected":false},"author":4,"featured_media":10188,"comment_status":"open","ping_status":"open","sticky":false,"template":"","format":"standard","meta":{"footnotes":""},"categories":[14,1524,2,887,1519,12],"tags":[2041,2406,441],"_links":{"self":[{"href":"https:\/\/centralmedia.rs\/index.php\/wp-json\/wp\/v2\/posts\/10187"}],"collection":[{"href":"https:\/\/centralmedia.rs\/index.php\/wp-json\/wp\/v2\/posts"}],"about":[{"href":"https:\/\/centralmedia.rs\/index.php\/wp-json\/wp\/v2\/types\/post"}],"author":[{"embeddable":true,"href":"https:\/\/centralmedia.rs\/index.php\/wp-json\/wp\/v2\/users\/4"}],"replies":[{"embeddable":true,"href":"https:\/\/centralmedia.rs\/index.php\/wp-json\/wp\/v2\/comments?post=10187"}],"version-history":[{"count":2,"href":"https:\/\/centralmedia.rs\/index.php\/wp-json\/wp\/v2\/posts\/10187\/revisions"}],"predecessor-version":[{"id":10199,"href":"https:\/\/centralmedia.rs\/index.php\/wp-json\/wp\/v2\/posts\/10187\/revisions\/10199"}],"wp:featuredmedia":[{"embeddable":true,"href":"https:\/\/centralmedia.rs\/index.php\/wp-json\/wp\/v2\/media\/10188"}],"wp:attachment":[{"href":"https:\/\/centralmedia.rs\/index.php\/wp-json\/wp\/v2\/media?parent=10187"}],"wp:term":[{"taxonomy":"category","embeddable":true,"href":"https:\/\/centralmedia.rs\/index.php\/wp-json\/wp\/v2\/categories?post=10187"},{"taxonomy":"post_tag","embeddable":true,"href":"https:\/\/centralmedia.rs\/index.php\/wp-json\/wp\/v2\/tags?post=10187"}],"curies":[{"name":"wp","href":"https:\/\/api.w.org\/{rel}","templated":true}]}}