{"id":10217,"date":"2017-10-19T13:11:31","date_gmt":"2017-10-19T13:11:31","guid":{"rendered":"http:\/\/centralmedia.rs\/?p=10217"},"modified":"2017-10-19T13:11:31","modified_gmt":"2017-10-19T13:11:31","slug":"snezani-pajkic-zlatna-znacka-evropske-atletike","status":"publish","type":"post","link":"https:\/\/centralmedia.rs\/index.php\/2017\/10\/19\/snezani-pajkic-zlatna-znacka-evropske-atletike\/","title":{"rendered":"SNE\u017dANI PAJKI\u0106 ZLATNA ZNA\u010cKA EVROPSKE ATLETIKE"},"content":{"rendered":"<p>\u0106UPRIJA-Evropska prvakinja na 1500m i potpredsednica Atletskog saveza Srbije,<a href=\"http:\/\/www.telegraf.rs\/teme\/snezana-pajkic\">\u00a0<\/a>Sne\u017eana Pajki\u0107-Jolovi\u0107 , dobitnica je Zlatne zna\u010dke Evropske Atletike. Osvaja\u010dica je juniorskog srebra i bronze na 1500m, a njeno najve\u0107e dostignu\u0107e je osvajanje titutle\u00a0\u0161ampionke Evrope,\u00a01990. godine\u00a0u Splitu.<a href=\"https:\/\/centralmedia.rs\/wp-content\/uploads\/2017\/10\/snezana-pajkic-ass.jpg\"><img loading=\"lazy\" decoding=\"async\" class=\"alignright size-medium wp-image-10219\" src=\"https:\/\/centralmedia.rs\/wp-content\/uploads\/2017\/10\/snezana-pajkic-ass-300x169.jpg\" alt=\"\" width=\"300\" height=\"169\" srcset=\"https:\/\/centralmedia.rs\/wp-content\/uploads\/2017\/10\/snezana-pajkic-ass-300x169.jpg 300w, https:\/\/centralmedia.rs\/wp-content\/uploads\/2017\/10\/snezana-pajkic-ass.jpg 620w\" sizes=\"(max-width: 300px) 100vw, 300px\" \/><\/a><\/p>\n<p>&#8211;\u00a0Po\u010dastvovana sam priznanjem evropske atletike. Smatram da ovo nije samo moja nagrada, ve\u0107 je nagrada svima nama, a posebno srpskoj atletici za sav doprinos i razvoj tokom prethodnih godina, kazala je \u0161ampionka.<\/p>\n<p><strong>\u00a0<\/strong>Na predlog federacija \u010dlanica; Savet\u00a0EA \u00a0svake druge godine, prilikom odr\u017eavanja\u00a0EA\u00a0Kongresa, dodeljuje najvi\u0161e priznanje,\u00a0zaslu\u017enima koji su svojim radom i zalaganjem dali veliki doprinos razvoju atletike i realizaciji zna\u010dajnih EA takmi\u010denja i projekata. Sne\u017eana je u atletici preko 30 godina.<a href=\"https:\/\/centralmedia.rs\/wp-content\/uploads\/2017\/10\/momirovic-brankovic-i-pajkic-momirovic.jpg\"><img loading=\"lazy\" decoding=\"async\" class=\"alignright size-medium wp-image-10220\" src=\"https:\/\/centralmedia.rs\/wp-content\/uploads\/2017\/10\/momirovic-brankovic-i-pajkic-momirovic-300x225.jpg\" alt=\"\" width=\"300\" height=\"225\" srcset=\"https:\/\/centralmedia.rs\/wp-content\/uploads\/2017\/10\/momirovic-brankovic-i-pajkic-momirovic-300x225.jpg 300w, https:\/\/centralmedia.rs\/wp-content\/uploads\/2017\/10\/momirovic-brankovic-i-pajkic-momirovic-768x576.jpg 768w, https:\/\/centralmedia.rs\/wp-content\/uploads\/2017\/10\/momirovic-brankovic-i-pajkic-momirovic-80x60.jpg 80w, https:\/\/centralmedia.rs\/wp-content\/uploads\/2017\/10\/momirovic-brankovic-i-pajkic-momirovic-265x198.jpg 265w, https:\/\/centralmedia.rs\/wp-content\/uploads\/2017\/10\/momirovic-brankovic-i-pajkic-momirovic.jpg 960w\" sizes=\"(max-width: 300px) 100vw, 300px\" \/><\/a> Nakon mnogobrojnih medalja koje je osvojila kao reprezentativka, kao atletski radnik i funkcioner, imala je zna\u010dajnu ulogu u\u00a0organizaciji najve\u0107ih atletskih doga\u0111aja u na\u0161oj zemlji, me\u0111u kojima je Evropsko prvenstvo u dvorani (2017), Prvenstvo Balkana u dvorani (2017), Evropsko prvenstvo u krosu (2013), Evropsko juniorsko prvenstvo (2009), kao i mnogo drugih. Na\u00a026. EA Kongresu, delegaciju Atletskog saveza Srbije, predvodio je direktor Slobodan Brankovi\u0107, zajedno sa menad\u017eerom Predragom Momirovi\u0107em i dobitnicom ove presti\u017ene nagrade.<\/p>\n<p>Foto : ASS<\/p>\n","protected":false},"excerpt":{"rendered":"<p>\u0106UPRIJA-Evropska prvakinja na 1500m i potpredsednica Atletskog saveza Srbije,\u00a0Sne\u017eana Pajki\u0107-Jolovi\u0107 , dobitnica je Zlatne zna\u010dke Evropske Atletike. Osvaja\u010dica je juniorskog srebra i bronze na 1500m, &hellip; <\/p>\n","protected":false},"author":4,"featured_media":10218,"comment_status":"open","ping_status":"open","sticky":false,"template":"","format":"standard","meta":{"footnotes":""},"categories":[1515,1524,2,887,21],"tags":[2412,2411,996],"_links":{"self":[{"href":"https:\/\/centralmedia.rs\/index.php\/wp-json\/wp\/v2\/posts\/10217"}],"collection":[{"href":"https:\/\/centralmedia.rs\/index.php\/wp-json\/wp\/v2\/posts"}],"about":[{"href":"https:\/\/centralmedia.rs\/index.php\/wp-json\/wp\/v2\/types\/post"}],"author":[{"embeddable":true,"href":"https:\/\/centralmedia.rs\/index.php\/wp-json\/wp\/v2\/users\/4"}],"replies":[{"embeddable":true,"href":"https:\/\/centralmedia.rs\/index.php\/wp-json\/wp\/v2\/comments?post=10217"}],"version-history":[{"count":1,"href":"https:\/\/centralmedia.rs\/index.php\/wp-json\/wp\/v2\/posts\/10217\/revisions"}],"predecessor-version":[{"id":10221,"href":"https:\/\/centralmedia.rs\/index.php\/wp-json\/wp\/v2\/posts\/10217\/revisions\/10221"}],"wp:featuredmedia":[{"embeddable":true,"href":"https:\/\/centralmedia.rs\/index.php\/wp-json\/wp\/v2\/media\/10218"}],"wp:attachment":[{"href":"https:\/\/centralmedia.rs\/index.php\/wp-json\/wp\/v2\/media?parent=10217"}],"wp:term":[{"taxonomy":"category","embeddable":true,"href":"https:\/\/centralmedia.rs\/index.php\/wp-json\/wp\/v2\/categories?post=10217"},{"taxonomy":"post_tag","embeddable":true,"href":"https:\/\/centralmedia.rs\/index.php\/wp-json\/wp\/v2\/tags?post=10217"}],"curies":[{"name":"wp","href":"https:\/\/api.w.org\/{rel}","templated":true}]}}