{"id":10226,"date":"2017-10-19T23:25:33","date_gmt":"2017-10-19T23:25:33","guid":{"rendered":"http:\/\/centralmedia.rs\/?p=10226"},"modified":"2017-10-19T23:25:33","modified_gmt":"2017-10-19T23:25:33","slug":"11-godisnjica-eksplozije-u-paracinu-nema-zvanicne-verzije","status":"publish","type":"post","link":"https:\/\/centralmedia.rs\/index.php\/2017\/10\/19\/11-godisnjica-eksplozije-u-paracinu-nema-zvanicne-verzije\/","title":{"rendered":"11. GODI\u0160NJICA EKSPLOZIJE U PARA\u0106INU &#8211; NEMA ZVANI\u010cNE VERZIJE"},"content":{"rendered":"<p>PARA\u0106IN-Predsednik NVO Alternativni parlament gra\u0111ana Milan Ili\u0107 podsetio je na 11. godi\u0161njicu od eksplozije vojnog magacina kod Para\u0107ina i na \u010dinjenicu da gra\u0111anima dr\u017eavni organi nisu saop\u0161tili zvani\u010dnu verziju doga\u0111aja, odnosno razlog ekskplozije.<\/p>\n<p>-Niko gra\u0111anima nije uputio izvinjenje, a koristim priliku da ka\u017eem da je ta no\u0107 odnela i dve \u017ertve. Penzionerka Olga Stankovi\u0107 je preminula, neposredno posle najve\u0107e detonacije, kao i Mihajlo Kne\u017eevi\u0107 koji je te\u0161ko povre\u0111en, deset meseci se borio u bolnici i izgubio borbu, rekao je Ili\u0107.<\/p>\n<p>On je ponovio zahtev vlastima da daju obja\u0161njenje za ovaj nemili doga\u0111aj i saop\u0161te zvani\u010dnu verziju doga\u0111aja.<\/p>\n","protected":false},"excerpt":{"rendered":"<p>PARA\u0106IN-Predsednik NVO Alternativni parlament gra\u0111ana Milan Ili\u0107 podsetio je na 11. godi\u0161njicu od eksplozije vojnog magacina kod Para\u0107ina i na \u010dinjenicu da gra\u0111anima dr\u017eavni organi &hellip; <\/p>\n","protected":false},"author":4,"featured_media":9320,"comment_status":"open","ping_status":"open","sticky":false,"template":"","format":"standard","meta":{"footnotes":""},"categories":[14,1524,2,1516,887,12],"tags":[2413,1397],"_links":{"self":[{"href":"https:\/\/centralmedia.rs\/index.php\/wp-json\/wp\/v2\/posts\/10226"}],"collection":[{"href":"https:\/\/centralmedia.rs\/index.php\/wp-json\/wp\/v2\/posts"}],"about":[{"href":"https:\/\/centralmedia.rs\/index.php\/wp-json\/wp\/v2\/types\/post"}],"author":[{"embeddable":true,"href":"https:\/\/centralmedia.rs\/index.php\/wp-json\/wp\/v2\/users\/4"}],"replies":[{"embeddable":true,"href":"https:\/\/centralmedia.rs\/index.php\/wp-json\/wp\/v2\/comments?post=10226"}],"version-history":[{"count":1,"href":"https:\/\/centralmedia.rs\/index.php\/wp-json\/wp\/v2\/posts\/10226\/revisions"}],"predecessor-version":[{"id":10227,"href":"https:\/\/centralmedia.rs\/index.php\/wp-json\/wp\/v2\/posts\/10226\/revisions\/10227"}],"wp:featuredmedia":[{"embeddable":true,"href":"https:\/\/centralmedia.rs\/index.php\/wp-json\/wp\/v2\/media\/9320"}],"wp:attachment":[{"href":"https:\/\/centralmedia.rs\/index.php\/wp-json\/wp\/v2\/media?parent=10226"}],"wp:term":[{"taxonomy":"category","embeddable":true,"href":"https:\/\/centralmedia.rs\/index.php\/wp-json\/wp\/v2\/categories?post=10226"},{"taxonomy":"post_tag","embeddable":true,"href":"https:\/\/centralmedia.rs\/index.php\/wp-json\/wp\/v2\/tags?post=10226"}],"curies":[{"name":"wp","href":"https:\/\/api.w.org\/{rel}","templated":true}]}}