{"id":10243,"date":"2017-10-20T13:51:41","date_gmt":"2017-10-20T13:51:41","guid":{"rendered":"http:\/\/centralmedia.rs\/?p=10243"},"modified":"2017-10-20T13:54:15","modified_gmt":"2017-10-20T13:54:15","slug":"sluzbenica-ostetila-tuzilastvo-za-vise-miliona-dinara","status":"publish","type":"post","link":"https:\/\/centralmedia.rs\/index.php\/2017\/10\/20\/sluzbenica-ostetila-tuzilastvo-za-vise-miliona-dinara\/","title":{"rendered":"SLU\u017dBENICA O\u0160TETILA TU\u017dILA\u0160TVO ZA VI\u0160E MILIONA DINARA"},"content":{"rendered":"<p>KRU\u0160EVAC-Vi\u0161e javno tu\u017eila\u0161tvo u Kru\u0161evcu preuzelo je predmet I.S.,administrativne radnice u Osnovnom javnom tu\u017eila\u0161tvu u Para\u0107inu, potvrdio je vi\u0161i tu\u017eilac dr Bratislav Petrovi\u0107.<\/p>\n<p>-Predistra\u017eni postupak je u toku. O detaljima postupka i preduzetim merama bi\u0107ete blagovremeno obave\u0161teni, navodi se u saop\u0161tenju vi\u0161eg tu\u017eioca.<\/p>\n<p>Vi\u0161i tu\u017eilac nije odgvoorio na pitanja :<\/p>\n<div>Za koje je krivi\u010dno delo osumnji\u010dena I.S.?<\/div>\n<div>Da li joj je odre\u0111en pritvor?<\/div>\n<div>Da li jo\u0161 uvek radi u OJT Para\u0107in?<\/div>\n<div><\/div>\n<p>Postupak preuzet od Vi\u0161eg tu\u017eala\u0161tva u Jagodini, a\u00a0 kako nezvani\u010dno saznajemo administrativna radnica je prilikom isplata u proteklih desetak godina o\u0161tetila zaposlene u para\u0107inskom tu\u017eila\u0161tvu, jer je, navodno, \u00a0upla\u0107ivala taj novac na drugih ra\u010duna, pretpostavlja se njenih li\u010dnih. Pored zaposlenih, nezvani\u010dno saznajemo, da su o\u0161te\u0107eni i advokati i sudski vestaci. I.S. je na ,,produ\u017eenom odmoru&#8221; od letos, odnosno udaljena je iz slu\u017ebe dok traje postupak.<\/p>\n<p>&nbsp;<\/p>\n<p>&nbsp;<\/p>\n<p>&nbsp;<\/p>\n","protected":false},"excerpt":{"rendered":"<p>KRU\u0160EVAC-Vi\u0161e javno tu\u017eila\u0161tvo u Kru\u0161evcu preuzelo je predmet I.S.,administrativne radnice u Osnovnom javnom tu\u017eila\u0161tvu u Para\u0107inu, potvrdio je vi\u0161i tu\u017eilac dr Bratislav Petrovi\u0107. -Predistra\u017eni postupak &hellip; <\/p>\n","protected":false},"author":4,"featured_media":10244,"comment_status":"open","ping_status":"open","sticky":false,"template":"","format":"standard","meta":{"footnotes":""},"categories":[1524,20,2,1516],"tags":[526,2419,2420,853],"_links":{"self":[{"href":"https:\/\/centralmedia.rs\/index.php\/wp-json\/wp\/v2\/posts\/10243"}],"collection":[{"href":"https:\/\/centralmedia.rs\/index.php\/wp-json\/wp\/v2\/posts"}],"about":[{"href":"https:\/\/centralmedia.rs\/index.php\/wp-json\/wp\/v2\/types\/post"}],"author":[{"embeddable":true,"href":"https:\/\/centralmedia.rs\/index.php\/wp-json\/wp\/v2\/users\/4"}],"replies":[{"embeddable":true,"href":"https:\/\/centralmedia.rs\/index.php\/wp-json\/wp\/v2\/comments?post=10243"}],"version-history":[{"count":4,"href":"https:\/\/centralmedia.rs\/index.php\/wp-json\/wp\/v2\/posts\/10243\/revisions"}],"predecessor-version":[{"id":10248,"href":"https:\/\/centralmedia.rs\/index.php\/wp-json\/wp\/v2\/posts\/10243\/revisions\/10248"}],"wp:featuredmedia":[{"embeddable":true,"href":"https:\/\/centralmedia.rs\/index.php\/wp-json\/wp\/v2\/media\/10244"}],"wp:attachment":[{"href":"https:\/\/centralmedia.rs\/index.php\/wp-json\/wp\/v2\/media?parent=10243"}],"wp:term":[{"taxonomy":"category","embeddable":true,"href":"https:\/\/centralmedia.rs\/index.php\/wp-json\/wp\/v2\/categories?post=10243"},{"taxonomy":"post_tag","embeddable":true,"href":"https:\/\/centralmedia.rs\/index.php\/wp-json\/wp\/v2\/tags?post=10243"}],"curies":[{"name":"wp","href":"https:\/\/api.w.org\/{rel}","templated":true}]}}